{"id":11730,"date":"2020-04-09T10:47:10","date_gmt":"2020-04-09T15:47:10","guid":{"rendered":"http:\/\/redaccionoaxaca.com\/?p=11730"},"modified":"2020-04-09T10:47:10","modified_gmt":"2020-04-09T15:47:10","slug":"no-quitar-aguinaldo-ni-bajar-salarios-a-medicos-enfermeras-y-tecnicos-del-sector-salud-del-pais-exigen","status":"publish","type":"post","link":"https:\/\/redaccionoaxaca.com\/index.php\/2020\/04\/09\/no-quitar-aguinaldo-ni-bajar-salarios-a-medicos-enfermeras-y-tecnicos-del-sector-salud-del-pais-exigen\/","title":{"rendered":"No quitar aguinaldo ni bajar salarios a m\u00e9dicos,  enfermeras y t\u00e9cnicos del sector salud del pa\u00eds, exigen."},"content":{"rendered":"<p class=\"x_ydpfb649619yiv6916463389ydpe9c8cc36MsoNormal\"><strong>#Redacci\u00f3nOaxaca<\/strong><\/p>\n<p><strong>#Oaxaca<\/strong><\/p>\n<p class=\"x_ydpfb649619yiv6916463389ydpe9c8cc36MsoNormal\"><strong><span lang=\"ES\">Jaime GUERRERO<\/span><\/strong><\/p>\n<p class=\"x_ydpfb649619yiv6916463389ydpe9c8cc36MsoNormal\" style=\"text-align: justify;\"><span lang=\"ES\">El Secretario de la Comisi\u00f3n de Hacienda de la C\u00e1mara de Diputados Federal, Carol Antonio Altamirano, dijo que sin dejar de apoyar las medidas de austeridad del gobierno federal, se debiera tener una excepci\u00f3n para reconocer la val\u00eda y esfuerzo del personal m\u00e9dico del sector p\u00fablico.<\/span><\/p>\n<p class=\"x_ydpfb649619yiv6916463389ydpe9c8cc36MsoNormal\" style=\"text-align: justify;\"><span lang=\"ES\">A los m\u00e9dicos y a las enfermeras, as\u00ed como el personal t\u00e9cnico de laboratorios y otros que tienen contacto con la poblaci\u00f3n infectada, la verdad es que &#8216;hasta deber\u00edamos subirles el sueldo, pero si eso no se puede, por lo menos no deber\u00edamos de quitarles su aguinaldo, ni reducirles el salario a los mandos medios que est\u00e1n en los centros de salud, sostuvo el diputado de morena.<\/span><\/p>\n<p class=\"x_ydpfb649619yiv6916463389ydpe9c8cc36MsoNormal\" style=\"text-align: justify;\"><span lang=\"ES\"><em>\u201cMe refiero al personal del ISSSTE, IMSS, Secretar\u00eda de Salud, servicios de salud estatales, de Sanidad Militar de la Defensa Nacional y sus hom\u00f3logos en la Secretar\u00eda de Marina\u201d<\/em>, destac\u00f3.<\/span><\/p>\n<p class=\"x_ydpfb649619yiv6916463389ydpe9c8cc36MsoNormal\" style=\"text-align: justify;\"><span lang=\"ES\">Antonio Altamirano, calific\u00f3 a los integrantes del sector salud de esas instituciones, como mexicanos ejemplares que todos los d\u00edas van a su trabajo con riesgo de contagiarse e incluso llevar el virus a sus casas. \u201c<em>Algunos de ellos, lamentablemente han perdido la vida\u201d<\/em>, refiri\u00f3.<\/span><\/p>\n<p class=\"x_ydpfb649619yiv6916463389ydpe9c8cc36MsoNormal\" style=\"text-align: justify;\"><span lang=\"ES\">A su juicio, la m\u00ednima y elemental justicia es que la medida de suspender el aguinaldo y bajarles sus ingresos, sea con previo consentimiento, no una imposici\u00f3n y que en el caso de todo el personal m\u00e9dico, t\u00e9cnico y de enfermer\u00eda, por lo menos hasta mandos medios, no se les pretenda quitar un derecho como es el aguinaldo, o reducir su remuneraci\u00f3n porque de ser as\u00ed se estar\u00eda cometiendo una infamia y el mensaje de menosprecio a su trabajo ser\u00eda inaceptable.<\/span><\/p>\n<p class=\"x_ydpfb649619yiv6916463389ydpe9c8cc36MsoNormal\" style=\"text-align: justify;\"><span lang=\"ES\">En suma, agreg\u00f3, lo m\u00e1s importante es que con las medidas de austeridad del Gobierno Federal y los estados no se afecte el salario del personal de salud, quienes son nuestro primer frente ante esta dif\u00edcil situaci\u00f3n que enfrentamos en todo el pa\u00eds, concluy\u00f3.<\/span><\/p>\n<p class=\"x_ydpfb649619yiv6916463389ydpe9c8cc36MsoNormal\" style=\"text-align: justify;\"><span lang=\"ES\">\u00a0<\/span><\/p>\n","protected":false},"excerpt":{"rendered":"<p>#Redacci\u00f3nOaxaca #Oaxaca Jaime GUERRERO El Secretario de la Comisi\u00f3n de Hacienda de la C\u00e1mara de Diputados Federal, Carol Antonio Altamirano, dijo que sin dejar de apoyar las medidas de austeridad del gobierno federal, se debiera tener una excepci\u00f3n para reconocer la val\u00eda y esfuerzo del personal m\u00e9dico del sector p\u00fablico. A los m\u00e9dicos y a [&hellip;]<\/p>\n","protected":false},"author":9,"featured_media":0,"comment_status":"open","ping_status":"open","sticky":false,"template":"","format":"standard","meta":{"jetpack_post_was_ever_published":false,"_jetpack_newsletter_access":"","_jetpack_dont_email_post_to_subs":false,"_jetpack_newsletter_tier_id":0,"_jetpack_memberships_contains_paywalled_content":false,"_jetpack_memberships_contains_paid_content":false,"footnotes":"","jetpack_publicize_message":"","jetpack_publicize_feature_enabled":true,"jetpack_social_post_already_shared":false,"jetpack_social_options":{"image_generator_settings":{"template":"highway","default_image_id":0,"font":"","enabled":false},"version":2}},"categories":[4,3,6,1],"tags":[],"class_list":{"0":"post-11730","1":"post","2":"type-post","3":"status-publish","4":"format-standard","6":"category-agenda-politica","7":"category-mesa-de-redaccion","8":"category-tendencias","9":"category-uncategorized"},"jetpack_publicize_connections":[],"jetpack_featured_media_url":"","jetpack_sharing_enabled":true,"jetpack_shortlink":"https:\/\/wp.me\/p9Ynjw-33c","jetpack-related-posts":[{"id":21259,"url":"https:\/\/redaccionoaxaca.com\/index.php\/2021\/09\/28\/video-listas-300-plazas-para-contratar-medicos-y-enfermeras-eventuales-gobernador-de-oaxaca-tambien-pide-1-mil-mdp-para-deudas-con-issste-y-sat\/","url_meta":{"origin":11730,"position":0},"title":"VIDEO: Listas 300 plazas para contratar m\u00e9dicos y enfermeras eventuales;   Gobernador de Oaxaca tambi\u00e9n pide 1 mil MDP para deudas con ISSSTE y SAT.","author":"ariadna","date":"septiembre 28, 2021","format":"video","excerpt":"#Redacci\u00f3nOaxaca #Oaxaca Jaime GUERRERO En medio de las reiteradas protestas de ex trabajadores de los Servicios de Salud de Oaxaca, el Gobernador del Estado, Alejandro Murat Hinojosa anunci\u00f3 que alistan 300 plazas para entregar \u00fanicamente a m\u00e9dicos y enfermeras eventuales que no fueron contratados durante el mes de agosto y\u2026","rel":"","context":"En &quot;Agenda Pol\u00edtica&quot;","block_context":{"text":"Agenda Pol\u00edtica","link":"https:\/\/redaccionoaxaca.com\/index.php\/category\/agenda-politica\/"},"img":{"alt_text":"","src":"","width":0,"height":0},"classes":[]},{"id":12325,"url":"https:\/\/redaccionoaxaca.com\/index.php\/2020\/05\/15\/60-medicos-enfermeras-y-personal-de-salud-de-oaxaca-estan-contagiados-de-covid19-confirman-los-sso\/","url_meta":{"origin":11730,"position":1},"title":"60 m\u00e9dicos, enfermeras y personal de salud de Oaxaca, est\u00e1n contagiados de COVID19, confirman los SSO.","author":"ariadna","date":"mayo 15, 2020","format":false,"excerpt":"#Redacci\u00f3nOaxaca #Oaxaca Jaime GUERRERO Sin dar nombres, lugares de los hospitales, ni la forma en que se contagiaron, los Servicios de Salud de Oaxaca (SSO), confirmaron que al 14 de mayo, 60 trabajadores del personal de salud han dado positivos por COVID-19 en la entidad. A trav\u00e9s de un gr\u00e1fico\u2026","rel":"","context":"En &quot;Al Cierre&quot;","block_context":{"text":"Al Cierre","link":"https:\/\/redaccionoaxaca.com\/index.php\/category\/al-cierre\/"},"img":{"alt_text":"","src":"","width":0,"height":0},"classes":[]},{"id":4637,"url":"https:\/\/redaccionoaxaca.com\/index.php\/2018\/12\/27\/1-de-cada-10-oaxaquenos-recibe-aguinaldo-1-millon-300-mil-en-la-informalidad-no-perciben\/","url_meta":{"origin":11730,"position":2},"title":"1 de cada 10 oaxaque\u00f1os recibe aguinaldo;\u00a0  1 mill\u00f3n 300 mil en la informalidad no perciben\u00a0","author":"jaime","date":"diciembre 27, 2018","format":false,"excerpt":"#Redacci\u00f3nOaxaca #Oaxaca Jaime GUERRERO\u00a0 La poblaci\u00f3n con aguinaldo en Oaxaca asciende a aproximadamente 266 mil 489 personas, es decir que en promedio 1.5 de cada 10 personas ocupadas recibe dicha prestaci\u00f3n laboral. En contra parte, m\u00e1s de 1 mill\u00f3n 300 mil personas econ\u00f3micamente activas no reciben un aguinaldo por el\u2026","rel":"","context":"Entrada similar ","block_context":{"text":"Entrada similar ","link":""},"img":{"alt_text":"","src":"","width":0,"height":0},"classes":[]},{"id":11854,"url":"https:\/\/redaccionoaxaca.com\/index.php\/2020\/04\/16\/por-agravantes-daran-hasta-9-anos-de-carcel-a-agresores-de-personal-medico-en-oaxaca-urgen-a-murat-a-publicar-decreto\/","url_meta":{"origin":11730,"position":3},"title":"Por agravantes, dar\u00e1n hasta 9 a\u00f1os de c\u00e1rcel a agresores de  personal m\u00e9dico en Oaxaca; urgen a Murat a publicar decreto.","author":"ariadna","date":"abril 16, 2020","format":false,"excerpt":"#Redacci\u00f3nOaxaca #Oaxaca Jaime GUERRERO En la reforma al c\u00f3digo penal que aprob\u00f3 la LXIV Legislatura, dependiendo de las agravantes, las sanciones corporales a quienes agreden a personal m\u00e9dico del sector p\u00fablico y privado, pueden llegar de los 6 hasta los 9 a\u00f1os, adem\u00e1s se incluyen sanciones econ\u00f3micas y trabajo comunitario,\u2026","rel":"","context":"En &quot;Agenda Pol\u00edtica&quot;","block_context":{"text":"Agenda Pol\u00edtica","link":"https:\/\/redaccionoaxaca.com\/index.php\/category\/agenda-politica\/"},"img":{"alt_text":"","src":"","width":0,"height":0},"classes":[]},{"id":22760,"url":"https:\/\/redaccionoaxaca.com\/index.php\/2021\/12\/03\/condusef-recomienda-dividir-el-aguinaldo-en-pago-de-deudas-ahorro-y-evitar-compras-impulsivas\/","url_meta":{"origin":11730,"position":4},"title":"CONDUSEF recomienda dividir el aguinaldo en; pago de deudas, ahorro y compras.","author":"ariadna","date":"diciembre 3, 2021","format":false,"excerpt":"#Redacci\u00f3nOaxaca #Oaxaca Ariadna Mendoza En pr\u00f3ximos d\u00edas se cumple la fecha l\u00edmite para cumplir con el pago del aguinaldo, prestaci\u00f3n contemplada en el art\u00edculo 87 de la Ley Federal del Trabajo (LFT), el cual es un derecho irrenunciable de todas las personas trabajadoras.prestaci\u00f3n a la que tienen derecho todas las\u2026","rel":"","context":"En &quot;Mesa de Redacci\u00f3n&quot;","block_context":{"text":"Mesa de Redacci\u00f3n","link":"https:\/\/redaccionoaxaca.com\/index.php\/category\/mesa-de-redaccion\/"},"img":{"alt_text":"","src":"","width":0,"height":0},"classes":[]},{"id":12893,"url":"https:\/\/redaccionoaxaca.com\/index.php\/2020\/06\/17\/video-sedena-reconocio-a-medicos-civiles-y-militares-por-su-compromiso-en-atencion-a-pacientes-con-covid19\/","url_meta":{"origin":11730,"position":5},"title":"VIDEO: SEDENA reconoci\u00f3 a M\u00e9dicos civiles y militares por su compromiso en atenci\u00f3n a pacientes con covid19.","author":"ariadna","date":"junio 17, 2020","format":"video","excerpt":"#Redacci\u00f3nOaxaca #Oaxaca Ariadna Mendoza La Secretar\u00eda de la Defensa Nacional #SEDENA\u00a0a trav\u00e9s de la Comandancia de la 8va regi\u00f3n militar y la 28va zona militar, llev\u00f3 a cabo la conmemoraci\u00f3n del LIV aniversario del Plan DN-III E, en dondo se reconoci\u00f3 la labor del personal m\u00e9dico militar y civil quienes\u2026","rel":"","context":"En &quot;Imagen&quot;","block_context":{"text":"Imagen","link":"https:\/\/redaccionoaxaca.com\/index.php\/category\/imagen\/"},"img":{"alt_text":"","src":"","width":0,"height":0},"classes":[]}],"_links":{"self":[{"href":"https:\/\/redaccionoaxaca.com\/index.php\/wp-json\/wp\/v2\/posts\/11730","targetHints":{"allow":["GET"]}}],"collection":[{"href":"https:\/\/redaccionoaxaca.com\/index.php\/wp-json\/wp\/v2\/posts"}],"about":[{"href":"https:\/\/redaccionoaxaca.com\/index.php\/wp-json\/wp\/v2\/types\/post"}],"author":[{"embeddable":true,"href":"https:\/\/redaccionoaxaca.com\/index.php\/wp-json\/wp\/v2\/users\/9"}],"replies":[{"embeddable":true,"href":"https:\/\/redaccionoaxaca.com\/index.php\/wp-json\/wp\/v2\/comments?post=11730"}],"version-history":[{"count":1,"href":"https:\/\/redaccionoaxaca.com\/index.php\/wp-json\/wp\/v2\/posts\/11730\/revisions"}],"predecessor-version":[{"id":11732,"href":"https:\/\/redaccionoaxaca.com\/index.php\/wp-json\/wp\/v2\/posts\/11730\/revisions\/11732"}],"wp:attachment":[{"href":"https:\/\/redaccionoaxaca.com\/index.php\/wp-json\/wp\/v2\/media?parent=11730"}],"wp:term":[{"taxonomy":"category","embeddable":true,"href":"https:\/\/redaccionoaxaca.com\/index.php\/wp-json\/wp\/v2\/categories?post=11730"},{"taxonomy":"post_tag","embeddable":true,"href":"https:\/\/redaccionoaxaca.com\/index.php\/wp-json\/wp\/v2\/tags?post=11730"}],"curies":[{"name":"wp","href":"https:\/\/api.w.org\/{rel}","templated":true}]}}