{"id":14110,"date":"2020-08-24T23:07:59","date_gmt":"2020-08-25T04:07:59","guid":{"rendered":"http:\/\/redaccionoaxaca.com\/?p=14110"},"modified":"2020-08-24T23:08:57","modified_gmt":"2020-08-25T04:08:57","slug":"orden-de-asesinar-a-muestro-companero-salio-del-palacio-fpr-piden-salida-de-fiscal-tesorero-edil-de-miahuatlan-y-causan-destrozos","status":"publish","type":"post","link":"https:\/\/redaccionoaxaca.com\/index.php\/2020\/08\/24\/orden-de-asesinar-a-muestro-companero-salio-del-palacio-fpr-piden-salida-de-fiscal-tesorero-edil-de-miahuatlan-y-causan-destrozos\/","title":{"rendered":"VIDEO: Orden de asesinar a nuestro compa\u00f1ero, sali\u00f3 del Palacio: FPR;  piden salida de Fiscal, Tesorero, edil de Miahuatl\u00e1n y causan destrozos."},"content":{"rendered":"<p style=\"text-align: justify;\"><strong>#Redacci\u00f3nOaxaca<\/strong><\/p>\n<p style=\"text-align: justify;\"><strong>#Oaxaca<\/strong><\/p>\n<p style=\"text-align: justify;\"><strong>Jaime GUERRERO<\/strong><\/p>\n<p style=\"text-align: justify;\">La dirigencia del Frente Popular Revolucionario (FPR), demand\u00f3 la salida inmediata del titular de la Fiscal\u00eda General del Estado (FGE), Rub\u00e9n Vasconcelos M\u00e9ndez; del titular de la Secretar\u00eda de Finanzas, Vicente Mendoza Tellez Gir\u00f3n; y del edil de Miahuatl\u00e1n, Genaro Hern\u00e1ndez, al se\u00f1alarlos de la autor\u00eda intelectual del asesinato de Tom\u00e1s Mart\u00ednez Pinacho, l\u00edder regional de esa organizaci\u00f3n en la Sierra Sur.<\/p>\n<p style=\"text-align: justify;\">En conferencia de prensa, a las afueras de la Casa Oficial del Gobernador, Alejandro Murat Hinojosa, anunciaron que incrementaron sus bloqueos a carreteras y arterias viales de la capital, as\u00ed como el plat\u00f3n frente a inmuebles gubernamentales.<\/p>\n<p style=\"text-align: justify;\">Macario Otalo Padilla, acus\u00f3 que al termino de su protesta frente a palacio de gobierno, cuando Mart\u00ednez Pinacho, abandono el lugar <em>\u201clos mismos polic\u00edas le tomaron fotos a \u00e9l y a la camioneta (en que viajaba) y minutos despu\u00e9s, el compa\u00f1ero es asesinado. No nos pueden decir que la orden no sali\u00f3 de palacio. Son ellos los asesinos\u201d<\/em>, acus\u00f3.<\/p>\n<p style=\"text-align: justify;\">Tambi\u00e9n responsabiliz\u00f3 del asesinato de Mart\u00ednez Pinacho al gobernador del estado, Alejandro Murat Hinojosa.<\/p>\n<p style=\"text-align: justify;\">Asegur\u00f3 que para el FPR queda claro que, la casa de gobierno, aliada con la Cuarta Transformaci\u00f3n, han decidido imponer a fuego y sangre los megaproyectos y dar al mejor postor los recursos naturales.<\/p>\n<p style=\"text-align: justify;\">Por lo pronto, hizo responsable al gobierno federal y del estado de cualquier agresi\u00f3n que lleguen a sufrir cualquier militante del FPR.<\/p>\n<p style=\"text-align: justify;\">Otalo Padilla, demand\u00f3 justicia y advirti\u00f3 que no descansar\u00e1n hasta obtener justicia.<\/p>\n<p style=\"text-align: justify;\">El FPR llam\u00f3 a todas las Organizaciones a condenar el asesinato.<\/p>\n<p style=\"text-align: justify;\">Mart\u00ednez Pinacho, fue ejecutado esta tarde en \u00c1nimas Trujano, municipio conurbado a esta capital, mientras que su acompa\u00f1ante result\u00f3 herido de gravedad.<\/p>\n<p style=\"text-align: justify;\">En respuesta, militantes de esa organizaci\u00f3n que hab\u00edan participado en una marcha y se apostaron en el z\u00f3calo de esta ciudad causaron da\u00f1os materiales al exterior del Palacio de Gobierno al enterarse de la ejecuci\u00f3n del l\u00edder del FPR, que en 2018 fue candidato a la presidencia municipal de Miahuatl\u00e1n por el Partido Unidad Popular (PUP).<\/p>\n<p style=\"text-align: justify;\">El atentado ocurri\u00f3 alrededor de las 18:30 horas en una taquer\u00eda denominada \u201cLos Primos\u201d en el municipio de \u00c1nimas Trujano, donde lleg\u00f3 un comando armado y ejecut\u00f3 al l\u00edder del FPR, quien qued\u00f3 sin vida en la silla donde se encontraba, mientras que su acompa\u00f1ante logr\u00f3 correr y fue atendido por los param\u00e9dicos cerca de una camioneta.<\/p>\n<p style=\"text-align: justify;\">Cabe mencionar que el pasado 23 de mayo tambi\u00e9n fue ejecutado su compa\u00f1ero Miguel \u00c1ngel Brena en el municipio de Miahuatl\u00e1n.<\/p>\n<p style=\"text-align: justify;\">Este 24 de agosto, el FPR realiz\u00f3 dos marchas, en donde particip\u00f3 Tom\u00e1s Mart\u00ednez Pinacho, las cuales que culminaron en el z\u00f3calo capitalino en demanda de recursos y exigir justicia, raz\u00f3n por la que bloquearon Avenida Universidad y algunas calles del Centro Hist\u00f3rico.<\/p>\n<p style=\"text-align: justify;\">Horas m\u00e1s tarde se suscit\u00f3 la ejecuci\u00f3n, por lo que sus agremiados rompieron los cristales de la fachada del Palacio de Gobierno, derribaron las vallas met\u00e1licas y da\u00f1aron la puerta principal.<\/p>\n<div style=\"width: 640px;\" class=\"wp-video\"><video class=\"wp-video-shortcode\" id=\"video-14110-1\" width=\"640\" height=\"352\" preload=\"metadata\" controls=\"controls\"><source type=\"video\/mp4\" src=\"http:\/\/redaccionoaxaca.com\/wp-content\/uploads\/2020\/08\/VID-20200824-WA0184.mp4?_=1\" \/><a href=\"http:\/\/redaccionoaxaca.com\/wp-content\/uploads\/2020\/08\/VID-20200824-WA0184.mp4\">http:\/\/redaccionoaxaca.com\/wp-content\/uploads\/2020\/08\/VID-20200824-WA0184.mp4<\/a><\/video><\/div>\n","protected":false},"excerpt":{"rendered":"<p>#Redacci\u00f3nOaxaca #Oaxaca Jaime GUERRERO La dirigencia del Frente Popular Revolucionario (FPR), demand\u00f3 la salida inmediata del titular de la Fiscal\u00eda General del Estado (FGE), Rub\u00e9n Vasconcelos M\u00e9ndez; del titular de la Secretar\u00eda de Finanzas, Vicente Mendoza Tellez Gir\u00f3n; y del edil de Miahuatl\u00e1n, Genaro Hern\u00e1ndez, al se\u00f1alarlos de la autor\u00eda intelectual del asesinato de Tom\u00e1s [&hellip;]<\/p>\n","protected":false},"author":9,"featured_media":0,"comment_status":"open","ping_status":"open","sticky":false,"template":"","format":"video","meta":{"jetpack_post_was_ever_published":false,"_jetpack_newsletter_access":"","_jetpack_dont_email_post_to_subs":false,"_jetpack_newsletter_tier_id":0,"_jetpack_memberships_contains_paywalled_content":false,"_jetpack_memberships_contains_paid_content":false,"footnotes":"","jetpack_publicize_message":"","jetpack_publicize_feature_enabled":true,"jetpack_social_post_already_shared":false,"jetpack_social_options":{"image_generator_settings":{"template":"highway","default_image_id":0,"font":"","enabled":false},"version":2}},"categories":[4,7,5,3,6,1],"tags":[],"class_list":{"0":"post-14110","1":"post","2":"type-post","3":"status-publish","4":"format-video","6":"category-agenda-politica","7":"category-al-cierre","8":"category-imagen","9":"category-mesa-de-redaccion","10":"category-tendencias","11":"category-uncategorized","12":"post_format-post-format-video"},"jetpack_publicize_connections":[],"jetpack_featured_media_url":"","jetpack_sharing_enabled":true,"jetpack_shortlink":"https:\/\/wp.me\/p9Ynjw-3FA","jetpack-related-posts":[{"id":14103,"url":"https:\/\/redaccionoaxaca.com\/index.php\/2020\/08\/24\/ejecutan-a-balazos-a-dirigente-del-fpr\/","url_meta":{"origin":14110,"position":0},"title":"Ejecutan a balazos a dirigente del FPR.","author":"ariadna","date":"agosto 24, 2020","format":false,"excerpt":"#Redacci\u00f3nOaxaca #Oaxaca Maira Ric\u00e1rdez Esta tarde fue ejecutado a balazos en \u00c1nimas Trujano mientras se encontraba en una taquer\u00eda, Tom\u00e1s Mart\u00ednez, dirigente del Frente Popular Revolucionario (FPR) en Miahuatl\u00e1n de Porfirio D\u00edaz. Corporaciones de auxilio se presentaron a la taquer\u00eda \"Los Primos' en Animas Trujano para confirmar que el se\u00f1alado\u2026","rel":"","context":"En &quot;Al Cierre&quot;","block_context":{"text":"Al Cierre","link":"https:\/\/redaccionoaxaca.com\/index.php\/category\/al-cierre\/"},"img":{"alt_text":"","src":"https:\/\/i0.wp.com\/redaccionoaxaca.com\/wp-content\/uploads\/2020\/08\/IMG-20200824-WA0148-272x300.jpg?resize=350%2C200","width":350,"height":200},"classes":[]},{"id":19795,"url":"https:\/\/redaccionoaxaca.com\/index.php\/2021\/06\/14\/edil-electo-de-mihuatlan-presenta-denuncia-ante-fepade-vs-consejeros-municipales-del-ieepco-por-alterar-resultados-en-urnas\/","url_meta":{"origin":14110,"position":1},"title":"Edil electo de Mihuatl\u00e1n, presenta denuncia ante Fepade vs consejeros municipales del IEEPCO por alterar resultados en urnas.","author":"ariadna","date":"junio 14, 2021","format":false,"excerpt":"#Redacci\u00f3nOaxaca #Oaxaca Jaime GUERRERO El Presidente Municipal Electo de Miahuatl\u00e1n de Porfirio D\u00edaz, Jos\u00e9 Alberto Mart\u00ednez Luna, present\u00f3 una denuncia ante la Fiscal\u00eda Especializada para la Atenci\u00f3n de Delitos Electorales (Fepade) por presunto fraude electoral por parte de Consejeros y Consejeras electorales de ese municipio del Instituto Estatal Electoral y\u2026","rel":"","context":"En &quot;Agenda Pol\u00edtica&quot;","block_context":{"text":"Agenda Pol\u00edtica","link":"https:\/\/redaccionoaxaca.com\/index.php\/category\/agenda-politica\/"},"img":{"alt_text":"","src":"https:\/\/i0.wp.com\/redaccionoaxaca.com\/wp-content\/uploads\/2021\/06\/IMG-20210614-WA0042-300x169.jpg?resize=350%2C200&ssl=1","width":350,"height":200},"classes":[]},{"id":17509,"url":"https:\/\/redaccionoaxaca.com\/index.php\/2021\/03\/16\/organizaciones-sitian-cruceros-oficinas-de-gobierno-federal-estatal-y-municipal-para-exigir-obras-programas-e-instalacion-de-ambulantes\/","url_meta":{"origin":14110,"position":2},"title":"Organizaciones sitian cruceros, oficinas de Gobierno Federal, Estatal  y Municipal para exigir obras, programas e instalaci\u00f3n de ambulantes.","author":"ariadna","date":"marzo 16, 2021","format":false,"excerpt":"#Redacci\u00f3nOaxaca #Oaxaca Jaime GUERRERO La Uni\u00f3n Campesina Ind\u00edgena Popular Emiliano Zapata, el Frente Popular Revolucionario (#FPR), #UACOL, el Movimiento de Unificaci\u00f3n y Lucha Triqui Independiente (#MULTI), iniciaron una jornada de movilizaciones de 3 d\u00edas que, van desde la toma de cruceros, cierre de avenidas, marchas, protetas en dependencias del gobierno\u2026","rel":"","context":"En &quot;Agenda Pol\u00edtica&quot;","block_context":{"text":"Agenda Pol\u00edtica","link":"https:\/\/redaccionoaxaca.com\/index.php\/category\/agenda-politica\/"},"img":{"alt_text":"","src":"","width":0,"height":0},"classes":[]},{"id":9037,"url":"https:\/\/redaccionoaxaca.com\/index.php\/2019\/11\/01\/juez-federal-exhibe-montaje-de-fiscal-y-titular-de-la-ssp-de-oaxaca-y-deja-libre-a-edil-que-le-sembraron-armas\/","url_meta":{"origin":14110,"position":3},"title":"Juez Federal exhibe montaje de Fiscal y titular de la  SSP de Oaxaca y deja libre a edil que le sembraron armas.","author":"ariadna","date":"noviembre 1, 2019","format":false,"excerpt":"#Redacci\u00f3nOaxaca #Oaxaca Jaime GUERRERO Por falta de pruebas en su contra, el Juez de Control federal, exhibi\u00f3 la pifia del Fiscal General del Estado, Ruben Vasconcelos M\u00e9ndez, y determin\u00f3 liberar al presidente municipal de San Felipe Jalapa de D\u00edaz, Arturo Garc\u00eda Vel\u00e1squez, aprehendido el pasado jueves 24 de octubre, junto\u2026","rel":"","context":"Entrada similar ","block_context":{"text":"Entrada similar ","link":""},"img":{"alt_text":"","src":"","width":0,"height":0},"classes":[]},{"id":18895,"url":"https:\/\/redaccionoaxaca.com\/index.php\/2021\/05\/12\/en-vilo-la-cabeza-de-vocero-de-s-22-por-dividir-a-magisterio-y-activismo-electoral-por-senador-de-morena-que-anhela-gobernar-oaxaca\/","url_meta":{"origin":14110,"position":4},"title":"En vilo, la cabeza de vocero de S-22 por dividir a magisterio y  activismo electoral por senador de Morena que anhela Gobernar Oaxaca.","author":"ariadna","date":"mayo 12, 2021","format":false,"excerpt":"#Redacci\u00f3nOaxaca #Oaxaca Jaime GUERRERO Integrantes del Comit\u00e9 Ejecutivo Seccional (CES) y Organismos Auxiliares de la Secci\u00f3n 22 del Sindicato Nacional de Trabajadores de la Educaci\u00f3n (#SNTE), en el Istmo de Tehuantepec, desconocieron al secretario de Prensa y Propaganda de la gremial, Wilbert Santiago Valdivieso, por dividir al magisterio, abusar de\u2026","rel":"","context":"En &quot;Agenda Pol\u00edtica&quot;","block_context":{"text":"Agenda Pol\u00edtica","link":"https:\/\/redaccionoaxaca.com\/index.php\/category\/agenda-politica\/"},"img":{"alt_text":"","src":"","width":0,"height":0},"classes":[]},{"id":38540,"url":"https:\/\/redaccionoaxaca.com\/index.php\/2025\/10\/03\/por-conmemoracion-del-159-aniversario-de-la-batalla-de-miahuatlan-congreso-de-oaxaca-realiza-sesion-solemne-en-este-municipio-de-la-sierra-sur\/","url_meta":{"origin":14110,"position":5},"title":"Por conmemoraci\u00f3n del 159 aniversario de la Batalla de Miahuatl\u00e1n, Congreso de Oaxaca realiza Sesi\u00f3n Solemne en este municipio de la Sierra Sur","author":"ariadna","date":"octubre 3, 2025","format":false,"excerpt":"#Redaci\u00f3nOaxaca #Oaxaca * Fue develada la placa alusiva al cambio de denominaci\u00f3n de la cabecera municipal a \u201cHeroica Ciudad de Miahuatl\u00e1n de Porfirio D\u00edaz\u201d Heroica Ciudad de Miahuatl\u00e1n de Porfirio D\u00edaz, Oax., a 03 de octubre de 2025.- En el marco de la conmemoraci\u00f3n del 159 Aniversario de la Batalla\u2026","rel":"","context":"En &quot;Agenda Pol\u00edtica&quot;","block_context":{"text":"Agenda Pol\u00edtica","link":"https:\/\/redaccionoaxaca.com\/index.php\/category\/agenda-politica\/"},"img":{"alt_text":"","src":"https:\/\/i0.wp.com\/redaccionoaxaca.com\/wp-content\/uploads\/2025\/10\/Screenshot_20251003_195557_Facebook-300x187.jpg?resize=350%2C200&ssl=1","width":350,"height":200},"classes":[]}],"_links":{"self":[{"href":"https:\/\/redaccionoaxaca.com\/index.php\/wp-json\/wp\/v2\/posts\/14110","targetHints":{"allow":["GET"]}}],"collection":[{"href":"https:\/\/redaccionoaxaca.com\/index.php\/wp-json\/wp\/v2\/posts"}],"about":[{"href":"https:\/\/redaccionoaxaca.com\/index.php\/wp-json\/wp\/v2\/types\/post"}],"author":[{"embeddable":true,"href":"https:\/\/redaccionoaxaca.com\/index.php\/wp-json\/wp\/v2\/users\/9"}],"replies":[{"embeddable":true,"href":"https:\/\/redaccionoaxaca.com\/index.php\/wp-json\/wp\/v2\/comments?post=14110"}],"version-history":[{"count":3,"href":"https:\/\/redaccionoaxaca.com\/index.php\/wp-json\/wp\/v2\/posts\/14110\/revisions"}],"predecessor-version":[{"id":14116,"href":"https:\/\/redaccionoaxaca.com\/index.php\/wp-json\/wp\/v2\/posts\/14110\/revisions\/14116"}],"wp:attachment":[{"href":"https:\/\/redaccionoaxaca.com\/index.php\/wp-json\/wp\/v2\/media?parent=14110"}],"wp:term":[{"taxonomy":"category","embeddable":true,"href":"https:\/\/redaccionoaxaca.com\/index.php\/wp-json\/wp\/v2\/categories?post=14110"},{"taxonomy":"post_tag","embeddable":true,"href":"https:\/\/redaccionoaxaca.com\/index.php\/wp-json\/wp\/v2\/tags?post=14110"}],"curies":[{"name":"wp","href":"https:\/\/api.w.org\/{rel}","templated":true}]}}