{"id":14194,"date":"2020-09-01T10:06:00","date_gmt":"2020-09-01T15:06:00","guid":{"rendered":"http:\/\/redaccionoaxaca.com\/?p=14194"},"modified":"2020-09-01T10:06:00","modified_gmt":"2020-09-01T15:06:00","slug":"administracion-pretende-dar-contrato-de-16-9-mdp-a-empresa-de-chofer-de-se-para-sanitizar-ciudad-judicial-y-administrativa","status":"publish","type":"post","link":"https:\/\/redaccionoaxaca.com\/index.php\/2020\/09\/01\/administracion-pretende-dar-contrato-de-16-9-mdp-a-empresa-de-chofer-de-se-para-sanitizar-ciudad-judicial-y-administrativa\/","title":{"rendered":"Administraci\u00f3n pretende dar contrato de 16.9 mdp a empresa  de chofer de SE para sanitizar Ciudad Judicial y Administrativa."},"content":{"rendered":"<p style=\"text-align: justify;\"><strong>#Redacci\u00f3nOaxaca<\/strong><\/p>\n<p style=\"text-align: justify;\"><strong>#Oaxaca<\/strong><\/p>\n<p><strong>Jaime GUERRERO<\/strong><\/p>\n<p style=\"text-align: justify;\">De acuerdo a un proceso de licitaci\u00f3n p\u00fablica a\u00fan no concluido, la Secretar\u00eda de Administraci\u00f3n del estado de Oaxaca, pretende adjudicar la contrataci\u00f3n del servicio de \u201csanitizaci\u00f3n y desinfecci\u00f3n\u201d de los complejos gubernamentales de Ciudad Administrativa y Judicial, por un monto cercano a los 17 millones de pesos, a una empresa que carece de registro en el Sistema de Administraci\u00f3n Tributaria (SAT), contratos gubernamentales, experiencia o existencia.<\/p>\n<p style=\"text-align: justify;\">De acuerdo a la autollamada agrupaci\u00f3n \u201cOaxaque\u00f1os VS la Corrupci\u00f3n\u201d que no tiene una cabeza visible y cuyos autores se mueve en el anonimato de las redes sociales, denunciaron que la Secretar\u00eda de Administraci\u00f3n, pretende adjudicar el servicio de \u201csanitizaci\u00f3n y desinfecci\u00f3n\u201d de Ciudad Administrativa a una empresa sin experiencia y cuyo representante legal es un chofer de la Secretar\u00eda de Econom\u00eda.<\/p>\n<p style=\"text-align: justify;\">La adjudicaci\u00f3n esta sustentada en la Licitaci\u00f3n P\u00fablica Estatal LPE-SA-SA-0011-08\/2020, para contrataci\u00f3n del servicio denominado &#8220;SANITIZACI\u00d3N Y DESINFECCI\u00d3N DE CIUDAD ADMINISTRATIVA \u201cBENEM\u00c9RITO DE LAS AM\u00c9RICAS\u201d Y EL CENTRO ADMINISTRATIVO DEL PODER EJECUTIVO Y JUDICIAL \u201cGENERAL PORFIRIO D\u00cdAZ, SOLDADO DE LA PATRIA\u201d y fue solicitada por la Secretaria de Administraci\u00f3n.<\/p>\n<p style=\"text-align: justify;\">Seg\u00fan documentos oficiales tambi\u00e9n publicados en la p\u00e1gina de adquisiciones de la Secretar\u00eda de Administraci\u00f3n, el pasado 28 de agosto de 2020, el Comit\u00e9 de Adquisiciones de Administraci\u00f3n, realiz\u00f3 el evento denominado recepci\u00f3n y apertura de propuestas t\u00e9cnicas y econ\u00f3micas de la Licitaci\u00f3n P\u00fablica Estatal LPE-SA-SA-0011-08\/2020.<\/p>\n<p style=\"text-align: justify;\">En ese acto particip\u00f3 \u00fanicamente la empresa denominada ASVEYCO SERVICIOS S.A DE C.V, quien, conforme a la revisi\u00f3n de la documentaci\u00f3n por parte de los servidores p\u00fablicos de la Secretaria de Administraci\u00f3n y Contralor\u00eda de Oaxaca, determinaron que cumpl\u00eda cuantitativamente con los requisitos que contempla la convocatoria.<\/p>\n<p style=\"text-align: justify;\">Por lo que, conforme al criterio de los funcionarios p\u00fablicos, al \u201ccumplir\u201d con los requisitos de la Convocatoria, se realiz\u00f3 la apertura de la propuesta econ\u00f3mica por parte de la empresa ASVEYCO SERVICIOS S.A DE C.V, quien se encuentra proponiendo la cantidad de 16 millones 949 mil 920 pesos, por \u201csanitizar y desinfectar\u201d Ciudad Administrativa y Ciudad Judicial.<\/p>\n<p style=\"text-align: justify;\">No obstante, la empresa ASVEYCO SERVICIOS S.A DE C.V, no contar\u00eda con registro dentro del padr\u00f3n de proveedores de Oaxaca desde el 2018, 2019 y 2020.<\/p>\n<p style=\"text-align: justify;\">La empresa, tendr\u00eda un impedimento legal para contratar con el Gobierno del estado de Oaxaca, ya que no cuenta con el registro dentro de dicho padr\u00f3n, y lo cual es estrictamente obligatorio conforme a los art\u00edculos 48 y 49 de la Ley de Adquisiciones, Enajenaciones, Arrendamientos, Prestaci\u00f3n de Servicios y Administraci\u00f3n de Bienes Muebles e Inmuebles del estado de Oaxaca.<\/p>\n<p style=\"text-align: justify;\">La empresa Asveyco Servicios S.A DE C.V no cuenta con ning\u00fan contrato con alguno \u00f3rgano gobierno de alguna entidad federativa o de la Federaci\u00f3n, lo anterior verificado a trav\u00e9s de la Plataforma Nacional de Transparencia, el Sistema COMPRANET y los portales de transparencia gubernamentales de cada ejecutora del gasto p\u00fablico en el Estado de Oaxaca, ni con la autorizaci\u00f3n de la Cofepris para realizar procesos de sanitizaci\u00f3n.<\/p>\n<p style=\"text-align: justify;\">Dentro del acta de apertura t\u00e9cnica y econ\u00f3mica, la empresa Asveyco Servicios S.A DE C.V, fue representada por DAVID UZIEL L\u00d3PEZ HERN\u00c1NDEZ, quien funge adem\u00e1s como Chofer 3 de la Secretar\u00eda de Econom\u00eda, Juan Pablo Guzm\u00e1n Cobi\u00e1n.<\/p>\n<p style=\"text-align: justify;\">Seg\u00fan la autollamada agrupaci\u00f3n \u201cOaxaque\u00f1os VS la Corrupci\u00f3n\u201d que, ha arropado denuncias de diputados del PT y contratistas ligados a legisladores del Partido del Trabajo, el secretario de Administraci\u00f3n, Germ\u00e1n Espinosa Santiba\u00f1ez, debe de velar dentro de las adquisiciones p\u00fablicas, por que se cumplan con los requisitos de ley.<\/p>\n<p style=\"text-align: justify;\">As\u00ed mismo, debe de aclarar a intervenci\u00f3n de funcionarios p\u00fablicos que participan como licitantes dentro de los procesos de contrataci\u00f3n.<\/p>\n<p style=\"text-align: justify;\">Piden que la Secretar\u00eda de la Contralor\u00eda y Transparencia Gubernamental, realice una investigaci\u00f3n y que la contrataci\u00f3n realizada sea a una empresa con experiencia y sobre todo que cumpla con el cometido de desinfectar las ciudades.<\/p>\n<p style=\"text-align: justify;\">Por lo pronto, interpuso una denuncia ante la Secretar\u00eda de la Contralor\u00eda para que verifique las irregularidades vertidas dentro del proceso de licitaci\u00f3n, la cual qued\u00f3 registrada con el folio D\/000219 con fecha 30 de agosto de 2020.<\/p>\n","protected":false},"excerpt":{"rendered":"<p>#Redacci\u00f3nOaxaca #Oaxaca Jaime GUERRERO De acuerdo a un proceso de licitaci\u00f3n p\u00fablica a\u00fan no concluido, la Secretar\u00eda de Administraci\u00f3n del estado de Oaxaca, pretende adjudicar la contrataci\u00f3n del servicio de \u201csanitizaci\u00f3n y desinfecci\u00f3n\u201d de los complejos gubernamentales de Ciudad Administrativa y Judicial, por un monto cercano a los 17 millones de pesos, a una empresa [&hellip;]<\/p>\n","protected":false},"author":9,"featured_media":0,"comment_status":"open","ping_status":"open","sticky":false,"template":"","format":"standard","meta":{"jetpack_post_was_ever_published":false,"_jetpack_newsletter_access":"","_jetpack_dont_email_post_to_subs":false,"_jetpack_newsletter_tier_id":0,"_jetpack_memberships_contains_paywalled_content":false,"_jetpack_memberships_contains_paid_content":false,"footnotes":"","jetpack_publicize_message":"","jetpack_publicize_feature_enabled":true,"jetpack_social_post_already_shared":false,"jetpack_social_options":{"image_generator_settings":{"template":"highway","default_image_id":0,"font":"","enabled":false},"version":2}},"categories":[4,7,5,3,6,1],"tags":[],"class_list":{"0":"post-14194","1":"post","2":"type-post","3":"status-publish","4":"format-standard","6":"category-agenda-politica","7":"category-al-cierre","8":"category-imagen","9":"category-mesa-de-redaccion","10":"category-tendencias","11":"category-uncategorized"},"jetpack_publicize_connections":[],"jetpack_featured_media_url":"","jetpack_sharing_enabled":true,"jetpack_shortlink":"https:\/\/wp.me\/p9Ynjw-3GW","jetpack-related-posts":[{"id":18523,"url":"https:\/\/redaccionoaxaca.com\/index.php\/2021\/04\/26\/conflicto-de-intereses-en-citybus-director-es-dueno-de-sertexa-pretende-imponer-a-su-empresa-en-rutas-de-operacion\/","url_meta":{"origin":14194,"position":0},"title":"Conflicto de intereses en Citybus, director es due\u00f1o de Sertexa; pretende imponer a su empresa en rutas de operaci\u00f3n.","author":"ariadna","date":"abril 26, 2021","format":false,"excerpt":"#Redacci\u00f3nOaxaca #Oaxaca Jaime GUERRERO El ente gestor encargado de la planeaci\u00f3n, administraci\u00f3n, supervisi\u00f3n, operaci\u00f3n y control denominado \u201cSistema Integrado de Transporte (BRT)\u201d o mejor conocido como \u201cSitybus\u201d, creado por decreto publicado el pasado 7 julio 2020, es operado por Alejandro Villanueva L\u00f3pez, socio mayoritario de la empresa de transporte urbano,\u2026","rel":"","context":"En &quot;Agenda Pol\u00edtica&quot;","block_context":{"text":"Agenda Pol\u00edtica","link":"https:\/\/redaccionoaxaca.com\/index.php\/category\/agenda-politica\/"},"img":{"alt_text":"","src":"","width":0,"height":0},"classes":[]},{"id":41686,"url":"https:\/\/redaccionoaxaca.com\/index.php\/2026\/04\/21\/gobierno-de-oaxaca-defiende-cobro-del-isr-a-burocratas-y-ofrece-apoyo-economico-directo-para-compensar-el-impacto\/","url_meta":{"origin":14194,"position":1},"title":"Gobierno de Oaxaca defiende cobro del ISR a bur\u00f3cratas y ofrece apoyo econ\u00f3mico directo para compensar el impacto","author":"ariadna","date":"abril 21, 2026","format":false,"excerpt":"#Redacci\u00f3nOaxaca #Oaxaca #JaimeGUERRERO Ante la ola de movilizaciones protagonizadas por bur\u00f3cratas del STPEIDCEO, el gobernador Salom\u00f3n Jara Cruz sali\u00f3 a defender la regularizaci\u00f3n del ISR en el gobierno estatal y garantiz\u00f3 que ning\u00fan trabajador de base ver\u00e1 reducido su sueldo neto, respaldado por un subsidio directo de mil 650 pesos\u2026","rel":"","context":"En &quot;Agenda Pol\u00edtica&quot;","block_context":{"text":"Agenda Pol\u00edtica","link":"https:\/\/redaccionoaxaca.com\/index.php\/category\/agenda-politica\/"},"img":{"alt_text":"","src":"https:\/\/i0.wp.com\/redaccionoaxaca.com\/wp-content\/uploads\/2026\/04\/burocratas-de-oaxaca-anuncian-marcha-denuncian-retencion-ilegal-de-isr-670801.jpg?fit=800%2C600&ssl=1&resize=350%2C200","width":350,"height":200,"srcset":"https:\/\/i0.wp.com\/redaccionoaxaca.com\/wp-content\/uploads\/2026\/04\/burocratas-de-oaxaca-anuncian-marcha-denuncian-retencion-ilegal-de-isr-670801.jpg?fit=800%2C600&ssl=1&resize=350%2C200 1x, https:\/\/i0.wp.com\/redaccionoaxaca.com\/wp-content\/uploads\/2026\/04\/burocratas-de-oaxaca-anuncian-marcha-denuncian-retencion-ilegal-de-isr-670801.jpg?fit=800%2C600&ssl=1&resize=525%2C300 1.5x, https:\/\/i0.wp.com\/redaccionoaxaca.com\/wp-content\/uploads\/2026\/04\/burocratas-de-oaxaca-anuncian-marcha-denuncian-retencion-ilegal-de-isr-670801.jpg?fit=800%2C600&ssl=1&resize=700%2C400 2x"},"classes":[]},{"id":35295,"url":"https:\/\/redaccionoaxaca.com\/index.php\/2025\/01\/23\/oaxaca-avanza-hacia-una-administracion-eficiente-sostenible-y-con-sentido-humano\/","url_meta":{"origin":14194,"position":2},"title":"Oaxaca avanza hacia una administraci\u00f3n eficiente, sostenible y con sentido humano","author":"ariadna","date":"enero 23, 2025","format":false,"excerpt":"#Redacci\u00f3nOaxaca #Oaxaca * Titular de la Secretar\u00eda de Administraci\u00f3n comparece ante comisiones unidas como parte del Segundo Informe de Gobierno * Las y los diputados reconocen la optimizaci\u00f3n de los recursos p\u00fablicos y la mejora en los procesos gubernamentales San Raymundo Jalpan, Oax., a 23 de enero de 2025.- Integrantes\u2026","rel":"","context":"En &quot;Agenda Pol\u00edtica&quot;","block_context":{"text":"Agenda Pol\u00edtica","link":"https:\/\/redaccionoaxaca.com\/index.php\/category\/agenda-politica\/"},"img":{"alt_text":"","src":"https:\/\/i0.wp.com\/redaccionoaxaca.com\/wp-content\/uploads\/2025\/01\/Screenshot_20250123-202927_Facebook-300x215.jpg?resize=350%2C200&ssl=1","width":350,"height":200},"classes":[]},{"id":11220,"url":"https:\/\/redaccionoaxaca.com\/index.php\/2020\/03\/17\/a-partir-de-este-martes-pausaron-labores-embarazadas-y-adultos-mayores-adheridos-a-sindicato-si-las-cifras-de-coronavirus-crecen-podrian-cerrar-complejos-gubernamentales\/","url_meta":{"origin":14194,"position":3},"title":"A partir de este martes pausaron labores embarazadas y adultos mayores adheridos a Sindicato; si las cifras de coronavirus crecen podr\u00edan cerrar complejos gubernamentales.","author":"ariadna","date":"marzo 17, 2020","format":false,"excerpt":"#Redacci\u00f3nOaxaca #Oaxaca Maira Ric\u00e1rdez A partir de este martes 17 de marzo las personas mayores de 60 a\u00f1os, tampoco las embarazadas, se presentar\u00e1n a trabajar m\u00e1s tanto a ciudad administrativa como a ciudad judicial hasta nuevo aviso, esto al ser consideradas poblaci\u00f3n en riesgo ante el covid 19 coronavirus; en\u2026","rel":"","context":"Entrada similar ","block_context":{"text":"Entrada similar ","link":""},"img":{"alt_text":"","src":"","width":0,"height":0},"classes":[]},{"id":27101,"url":"https:\/\/redaccionoaxaca.com\/index.php\/2022\/08\/08\/pide-administracion-denunciar-venta-de-plazas\/","url_meta":{"origin":14194,"position":4},"title":"Pide Administraci\u00f3n denunciar venta de plazas","author":"ariadna","date":"agosto 8, 2022","format":false,"excerpt":"#Redacci\u00f3nOaxaca #Oaxaca Oaxaca de Ju\u00e1rez, Oax. 08 de agosto de 2022.- La Secretar\u00eda de Administraci\u00f3n alerta a la poblaci\u00f3n en general para que no se dejen sorprender por personas que ofrecen el ingreso como trabajador de base al servicio de las diferentes entidades o dependencias del Gobierno del Estado. La\u2026","rel":"","context":"En &quot;Imagen&quot;","block_context":{"text":"Imagen","link":"https:\/\/redaccionoaxaca.com\/index.php\/category\/imagen\/"},"img":{"alt_text":"","src":"","width":0,"height":0},"classes":[]},{"id":32413,"url":"https:\/\/redaccionoaxaca.com\/index.php\/2024\/06\/27\/exhiben-compran-de-vehiculos-blindados-por-12-6-mdp-para-seguridad-gobernador-de-oaxaca-jara-anula-operacion-y-cesa-a-director-de-patrimonio\/","url_meta":{"origin":14194,"position":5},"title":"Exhiben compran de veh\u00edculos blindados por 12.6 mdp para seguridad gobernador de Oaxaca; Jara anula operaci\u00f3n y cesa a director de patrimonio","author":"ariadna","date":"junio 27, 2024","format":false,"excerpt":"#Redacci\u00f3nOaxaca #Oaxaca Jaime GUERRERO Luego de que se ventilara el proceso de compra de 3 veh\u00edculos blindados por 12 millones 600 mil pesos del nivel V PLUS modelo 2024 para el servicio del gobernador de #Oaxaca, Salom\u00f3n Jara Cruz, el mandatario declar\u00f3 que, \u201cno fue informado\u201d e inform\u00f3 que, ha\u2026","rel":"","context":"En &quot;Agenda Pol\u00edtica&quot;","block_context":{"text":"Agenda Pol\u00edtica","link":"https:\/\/redaccionoaxaca.com\/index.php\/category\/agenda-politica\/"},"img":{"alt_text":"","src":"","width":0,"height":0},"classes":[]}],"_links":{"self":[{"href":"https:\/\/redaccionoaxaca.com\/index.php\/wp-json\/wp\/v2\/posts\/14194","targetHints":{"allow":["GET"]}}],"collection":[{"href":"https:\/\/redaccionoaxaca.com\/index.php\/wp-json\/wp\/v2\/posts"}],"about":[{"href":"https:\/\/redaccionoaxaca.com\/index.php\/wp-json\/wp\/v2\/types\/post"}],"author":[{"embeddable":true,"href":"https:\/\/redaccionoaxaca.com\/index.php\/wp-json\/wp\/v2\/users\/9"}],"replies":[{"embeddable":true,"href":"https:\/\/redaccionoaxaca.com\/index.php\/wp-json\/wp\/v2\/comments?post=14194"}],"version-history":[{"count":1,"href":"https:\/\/redaccionoaxaca.com\/index.php\/wp-json\/wp\/v2\/posts\/14194\/revisions"}],"predecessor-version":[{"id":14196,"href":"https:\/\/redaccionoaxaca.com\/index.php\/wp-json\/wp\/v2\/posts\/14194\/revisions\/14196"}],"wp:attachment":[{"href":"https:\/\/redaccionoaxaca.com\/index.php\/wp-json\/wp\/v2\/media?parent=14194"}],"wp:term":[{"taxonomy":"category","embeddable":true,"href":"https:\/\/redaccionoaxaca.com\/index.php\/wp-json\/wp\/v2\/categories?post=14194"},{"taxonomy":"post_tag","embeddable":true,"href":"https:\/\/redaccionoaxaca.com\/index.php\/wp-json\/wp\/v2\/tags?post=14194"}],"curies":[{"name":"wp","href":"https:\/\/api.w.org\/{rel}","templated":true}]}}