{"id":14197,"date":"2020-09-01T10:14:29","date_gmt":"2020-09-01T15:14:29","guid":{"rendered":"http:\/\/redaccionoaxaca.com\/?p=14197"},"modified":"2020-09-01T10:14:29","modified_gmt":"2020-09-01T15:14:29","slug":"deja-el-iaipo-comisionado-impuesto-por-cue-congreso-debera-elegir-a-sucesor","status":"publish","type":"post","link":"https:\/\/redaccionoaxaca.com\/index.php\/2020\/09\/01\/deja-el-iaipo-comisionado-impuesto-por-cue-congreso-debera-elegir-a-sucesor\/","title":{"rendered":"Deja el IAIPO comisionado impuesto  por Cu\u00e9; Congreso deber\u00e1 elegir a sucesor."},"content":{"rendered":"<p style=\"text-align: justify;\"><strong>#Redacci\u00f3nOaxaca<\/strong><\/p>\n<p style=\"text-align: justify;\"><strong>#Oaxaca<\/strong><\/p>\n<p><strong>Jaime GUERRERO<\/strong><\/p>\n<p style=\"text-align: justify;\">En sesi\u00f3n solemne, el Consejo General del Instituto de Acceso a la Informaci\u00f3n P\u00fablica y Protecci\u00f3n de Datos Personales del Estado de Oaxaca (IAIPO), oficializ\u00f3 la culminaci\u00f3n de cargo del Comisionado Francisco Javier \u00c1lvarez Figueroa, el cual fuera electo por la LXII Legislatura, por recomendaci\u00f3n del ex gobernador, Gabino Cu\u00e9 Monteagudo.<\/p>\n<p style=\"text-align: justify;\">Ahora toca turno a la LXIV Legislatura, iniciar con el procedimiento de selecci\u00f3n del nuevo comisionado o comisionada de ese \u00f3rgano aut\u00f3nomo.<\/p>\n<p style=\"text-align: justify;\">Siguen en el cargo, la Comisionada Presidenta, Mar\u00eda Antonieta Velasquez Chagoya Y Fernando G\u00f3mez, con afinidad al mandatario estatal, Alejandro Murat Hinojosa y al senador de la rep\u00fablica, Salom\u00f3n Jara Cruz, respectivamente.<\/p>\n<p style=\"text-align: justify;\">En su mensaje, \u00c1lvarez Figueroa ASEGUR\u00d3 que el \u00d3rgano garante del que hoy se despide es muy diferente al que recibi\u00f3 en septiembre de 2015, la reforma constitucional de esa fecha en materia de transparencia, estableci\u00f3 los principios y bases para el ejercicio del derecho de acceso a la informaci\u00f3n p\u00fablica, lo que dio lugar al nacimiento de un instituto renovado y con mayores atribuciones.<\/p>\n<p style=\"text-align: justify;\">\u00c1lvarez, se\u00f1al\u00f3 que la pandemia provocada por el virus SARS CoV-2 es un asunto complejo, no es s\u00f3lo un tema m\u00e9dico o biol\u00f3gico, tambi\u00e9n es social, econ\u00f3mico, cultural y pol\u00edtico, y ha trastocado todos los aspectos estructurales de nuestra sociedad; el IAIP no es la excepci\u00f3n, sin embargo, con las precauciones y restricciones hemos garantizado todos los d\u00edas los derechos que nos corresponde vigilar.<\/p>\n<p style=\"text-align: justify;\">\u00c1lvarez Figueroa, reconoci\u00f3 que a\u00fan hay retos por abordar para continuar en la l\u00ednea de la consolidaci\u00f3n de los asuntos bajo la responsabilidad del instituto, entre ellos, realizar labores de concientizaci\u00f3n con las autoridades municipales para incorporar los cerca de 480 ayuntamientos que se encuentran fuera de alguno de los sistemas de transparencia y acceso a la informaci\u00f3n.<\/p>\n<p style=\"text-align: justify;\">As\u00ed como lograr un presupuesto equilibrado y suficiente para atender con eficiencia las crecientes obligaciones y atribuciones adqurididas, ya que el presupuesto actual se ha mantenido constante desde 2012 y se ha deteriorado en t\u00e9rminos de la inflaci\u00f3n en dicho periodo.<\/p>\n<p style=\"text-align: justify;\">Pese a ello, gradeci\u00f3 a los ex Comisionados Juan G\u00f3mez P\u00e9rez y Abraham Soriano Reyes ya que son \u201c<em>coautores de los logros que hoy he rese\u00f1ado, con quienes conviv\u00ed y compart\u00ed sinsabores, angustias, preocupaciones, y momentos de paz, tranquilidad y alegr\u00eda\u201d.<\/em><\/p>\n<p style=\"text-align: justify;\">El acto fue atestiguado por Francisco Javier Acu\u00f1a Llamas, comisionado presidente del Instituto Nacional de Transparencia, Acceso a la Informaci\u00f3n P\u00fablica y Protecci\u00f3n de Datos Personales (INAI).<\/p>\n<p style=\"text-align: justify;\">En su oportunidad, la Comisionada Presidenta del IAIPO, Mar\u00eda Antonieta Vel\u00e1squez Chagoya, refiri\u00f3 que, durante los \u00faltimos a\u00f1os, el acceso a la informaci\u00f3n y la protecci\u00f3n de datos personales han cobrado una mayor importancia como derechos fundamentales para el desarrollo democr\u00e1tico de nuestro pa\u00eds y nuestro estado.<\/p>\n<p style=\"text-align: justify;\">Vel\u00e1squez Chagoya puntualiz\u00f3 que desde el 2008, con la promulgaci\u00f3n de la primera ley de transparencia y el surgimiento del primer instituto de transparencia en Oaxaca, se ha avanzado, pues el n\u00famero de solicitudes de acceso a la informaci\u00f3n ha crecido a\u00f1o tras a\u00f1o de manera exponencial, los Sujetos obligados se han ido comprometiendo con la sociedad al cumplir con sus obligaciones de transparentar su quehacer diario a trav\u00e9s de la carga de informaci\u00f3n en la PNT, contestando las solicitudes de acceso y abriendo poco a poco su gesti\u00f3n al escrutinio p\u00fablico.<\/p>\n","protected":false},"excerpt":{"rendered":"<p>#Redacci\u00f3nOaxaca #Oaxaca Jaime GUERRERO En sesi\u00f3n solemne, el Consejo General del Instituto de Acceso a la Informaci\u00f3n P\u00fablica y Protecci\u00f3n de Datos Personales del Estado de Oaxaca (IAIPO), oficializ\u00f3 la culminaci\u00f3n de cargo del Comisionado Francisco Javier \u00c1lvarez Figueroa, el cual fuera electo por la LXII Legislatura, por recomendaci\u00f3n del ex gobernador, Gabino Cu\u00e9 Monteagudo. [&hellip;]<\/p>\n","protected":false},"author":9,"featured_media":0,"comment_status":"open","ping_status":"open","sticky":false,"template":"","format":"standard","meta":{"jetpack_post_was_ever_published":false,"_jetpack_newsletter_access":"","_jetpack_dont_email_post_to_subs":false,"_jetpack_newsletter_tier_id":0,"_jetpack_memberships_contains_paywalled_content":false,"_jetpack_memberships_contains_paid_content":false,"footnotes":"","jetpack_publicize_message":"","jetpack_publicize_feature_enabled":true,"jetpack_social_post_already_shared":false,"jetpack_social_options":{"image_generator_settings":{"template":"highway","default_image_id":0,"font":"","enabled":false},"version":2}},"categories":[7,3,6,1],"tags":[],"class_list":{"0":"post-14197","1":"post","2":"type-post","3":"status-publish","4":"format-standard","6":"category-al-cierre","7":"category-mesa-de-redaccion","8":"category-tendencias","9":"category-uncategorized"},"jetpack_publicize_connections":[],"jetpack_featured_media_url":"","jetpack_sharing_enabled":true,"jetpack_shortlink":"https:\/\/wp.me\/p9Ynjw-3GZ","jetpack-related-posts":[{"id":2284,"url":"https:\/\/redaccionoaxaca.com\/index.php\/2018\/08\/29\/congreso-elije-a-nueva-comisionada-del-iaipo-es-ahijada-de-murat\/","url_meta":{"origin":14197,"position":0},"title":"Congreso elije a nueva Comisionada del IAIPO; es ahijada de Murat","author":"denise","date":"agosto 29, 2018","format":false,"excerpt":"#Redacci\u00f3nOaxaca Jaime GUERRERO\u00a0 Con 29 votos a favor, la LXIII Legislatura, eligi\u00f3 a Mar\u00eda Antonieta Vel\u00e1zquez Chagoya -ahijada del Gobernador, Alejandro Murat Hinojosa- como la nueva Comisionada del Instituto de Acceso a la Informaci\u00f3n P\u00fablica y Protecci\u00f3n de Datos Personales del Estado de Oaxaca (IAIPO), para un periodo de 5\u2026","rel":"","context":"En &quot;Agenda Pol\u00edtica&quot;","block_context":{"text":"Agenda Pol\u00edtica","link":"https:\/\/redaccionoaxaca.com\/index.php\/category\/agenda-politica\/"},"img":{"alt_text":"","src":"","width":0,"height":0},"classes":[]},{"id":12170,"url":"https:\/\/redaccionoaxaca.com\/index.php\/2020\/05\/06\/ahijada-de-gobernador-de-oaxaca-asume-presidencia-de-instituto-de-transparencia-salomon-jara-y-gabino-cue-con-cuota-en-ese-organo\/","url_meta":{"origin":14197,"position":1},"title":"Ahijada de Gobernador de Oaxaca, asume presidencia de Instituto  de Transparencia; Salom\u00f3n Jara y Gabino Cu\u00e9 con cuota en ese \u00f3rgano.","author":"ariadna","date":"mayo 6, 2020","format":false,"excerpt":"#Redacci\u00f3nOaxaca #Oaxaca Jaime GUERRERO Cuatro meses antes de vencer su cargo de Comisionado del Instituto de Acceso a la Informaci\u00f3n P\u00fablica y Protecci\u00f3n de Datos Personales de Oaxaca (IAIPO), Francisco Javier \u00c1lvarez Figueroa, dej\u00f3 la presidencia de ese \u00f3rgano \u201caut\u00f3nomo\u201d en manos de Mar\u00eda Antonieta Velazquez Chagoya, ahijada del Gobernador,\u2026","rel":"","context":"En &quot;Agenda Pol\u00edtica&quot;","block_context":{"text":"Agenda Pol\u00edtica","link":"https:\/\/redaccionoaxaca.com\/index.php\/category\/agenda-politica\/"},"img":{"alt_text":"","src":"","width":0,"height":0},"classes":[]},{"id":2213,"url":"https:\/\/redaccionoaxaca.com\/index.php\/2018\/08\/22\/subsecretario-de-contraloria-funcionarios-de-cue-y-del-iaipo-van-por-cargo-de-comisionado\/","url_meta":{"origin":14197,"position":2},"title":"Subsecretario de Contralor\u00eda, funcionarios de Cu\u00e9 y del IAIPO, van por cargo de Comisionado","author":"denise","date":"agosto 22, 2018","format":false,"excerpt":"#Redacci\u00f3nOaxaca Jaime GUERRERO Un Subsecretario de la Contralor\u00eda de la administraci\u00f3n del Gobernador, Alejandro Murat Hinojosa, funcionarias del Congreso del Estado, del IAIPO y del ex gobernador Gabino Cu\u00e9 Monteagudo, buscan ser nominados como Comisionado o Comisionada del Instituto de Acceso a la Informaci\u00f3n P\u00fablica y Protecci\u00f3n de Datos Personales\u2026","rel":"","context":"En &quot;Agenda Pol\u00edtica&quot;","block_context":{"text":"Agenda Pol\u00edtica","link":"https:\/\/redaccionoaxaca.com\/index.php\/category\/agenda-politica\/"},"img":{"alt_text":"","src":"","width":0,"height":0},"classes":[]},{"id":10380,"url":"https:\/\/redaccionoaxaca.com\/index.php\/2020\/01\/29\/morena-pri-y-cue-con-una-silla-en-el-iaipo-se-integra-el-comisionado-morenista\/","url_meta":{"origin":14197,"position":3},"title":"Morena, PRI y Cu\u00e9 con una silla en el IAIPO; se integra el Comisionado morenista.","author":"ariadna","date":"enero 29, 2020","format":false,"excerpt":"#Redacci\u00f3nOaxaca #Oaxaca Jaime GUERRERO Fernando Rodolfo G\u00f3mez Cuevas, nuevo comisionado del Instituto de Acceso a la Informaci\u00f3n P\u00fablica y Protecci\u00f3n de Datos Personales de Oaxaca, que confirm\u00f3 ante diputados de la Comisi\u00f3n de Transparencia, Acceso a la Informaci\u00f3n y Congreso Abierto de la LXIV Legislatura su afiliaci\u00f3n al partido Morena\u2026","rel":"","context":"Entrada similar ","block_context":{"text":"Entrada similar ","link":""},"img":{"alt_text":"","src":"","width":0,"height":0},"classes":[]},{"id":12195,"url":"https:\/\/redaccionoaxaca.com\/index.php\/2020\/05\/06\/agradecimiento-a-gobernador-por-designacion-como-presidenta-del-iaipo-no-refleja-mis-ideales-dice-comisionada-y-pide-disculpas\/","url_meta":{"origin":14197,"position":4},"title":"Agradecimiento a Gobernador por designaci\u00f3n como Presidenta del IAIPO \u201cno refleja mis ideales\u201d, dice Comisionada y pide disculpas.","author":"ariadna","date":"mayo 6, 2020","format":false,"excerpt":"#Redacci\u00f3nOaxaca #Oaxaca Jaime GUERRERO Luego de su dislate verbal por agradecer al gobernador, Alejandro Murat Hinojosa, el conferirle el cago de Comisionada Presidenta del Instituto de Acceso a la Informaci\u00f3n P\u00fablica y Protecci\u00f3n de Datos Personales del Estado de Oaxaca (IAIPO), Mar\u00eda Antonieta Vel\u00e1squez Chagoya, justific\u00f3 que la publicaci\u00f3n fue\u2026","rel":"","context":"En &quot;Agenda Pol\u00edtica&quot;","block_context":{"text":"Agenda Pol\u00edtica","link":"https:\/\/redaccionoaxaca.com\/index.php\/category\/agenda-politica\/"},"img":{"alt_text":"","src":"https:\/\/i0.wp.com\/redaccionoaxaca.com\/wp-content\/uploads\/2020\/05\/IMG-20200506-WA0073-228x300.jpg?resize=350%2C200","width":350,"height":200},"classes":[]},{"id":12174,"url":"https:\/\/redaccionoaxaca.com\/index.php\/2020\/05\/06\/presidenta-del-iaipo-agradece-al-gobernador-de-oaxaca-por-confiarle-el-cargo-le-piden-renunciar-o-la-removeran-por-violentar-constitucion\/","url_meta":{"origin":14197,"position":5},"title":"Presidenta del IAIPO agradece al Gobernador de Oaxaca por confiarle  el cargo; le piden renunciar o la remover\u00e1n por violentar constituci\u00f3n.","author":"ariadna","date":"mayo 6, 2020","format":false,"excerpt":"#Redacci\u00f3nOaxaca #Oaxaca Jaime GUERRERO Tras ser electa como Comisionada Presidenta del Instituto de Acceso a la Informaci\u00f3n P\u00fablica y Protecci\u00f3n de Datos Personales del Estado de Oaxaca (IAIPO), Mar\u00eda Antonieta Vel\u00e1squez Chagoya, agradeci\u00f3 al Gobernador del Estado, Alejandro Murat Hinojosa, por haberle conferido ese el cargo en ese organismo aut\u00f3nomo\u2026","rel":"","context":"En &quot;Agenda Pol\u00edtica&quot;","block_context":{"text":"Agenda Pol\u00edtica","link":"https:\/\/redaccionoaxaca.com\/index.php\/category\/agenda-politica\/"},"img":{"alt_text":"","src":"https:\/\/i0.wp.com\/redaccionoaxaca.com\/wp-content\/uploads\/2020\/05\/ahijada-139x300.jpg?resize=350%2C200","width":350,"height":200},"classes":[]}],"_links":{"self":[{"href":"https:\/\/redaccionoaxaca.com\/index.php\/wp-json\/wp\/v2\/posts\/14197","targetHints":{"allow":["GET"]}}],"collection":[{"href":"https:\/\/redaccionoaxaca.com\/index.php\/wp-json\/wp\/v2\/posts"}],"about":[{"href":"https:\/\/redaccionoaxaca.com\/index.php\/wp-json\/wp\/v2\/types\/post"}],"author":[{"embeddable":true,"href":"https:\/\/redaccionoaxaca.com\/index.php\/wp-json\/wp\/v2\/users\/9"}],"replies":[{"embeddable":true,"href":"https:\/\/redaccionoaxaca.com\/index.php\/wp-json\/wp\/v2\/comments?post=14197"}],"version-history":[{"count":1,"href":"https:\/\/redaccionoaxaca.com\/index.php\/wp-json\/wp\/v2\/posts\/14197\/revisions"}],"predecessor-version":[{"id":14199,"href":"https:\/\/redaccionoaxaca.com\/index.php\/wp-json\/wp\/v2\/posts\/14197\/revisions\/14199"}],"wp:attachment":[{"href":"https:\/\/redaccionoaxaca.com\/index.php\/wp-json\/wp\/v2\/media?parent=14197"}],"wp:term":[{"taxonomy":"category","embeddable":true,"href":"https:\/\/redaccionoaxaca.com\/index.php\/wp-json\/wp\/v2\/categories?post=14197"},{"taxonomy":"post_tag","embeddable":true,"href":"https:\/\/redaccionoaxaca.com\/index.php\/wp-json\/wp\/v2\/tags?post=14197"}],"curies":[{"name":"wp","href":"https:\/\/api.w.org\/{rel}","templated":true}]}}