{"id":14200,"date":"2020-09-01T10:16:37","date_gmt":"2020-09-01T15:16:37","guid":{"rendered":"http:\/\/redaccionoaxaca.com\/?p=14200"},"modified":"2020-09-01T10:16:37","modified_gmt":"2020-09-01T15:16:37","slug":"pri-va-por-triunfo-en-2021-en-oaxaca-con-priismo-de-murat-alito-moreno-no-vemos-a-adversarios-como-enemigos-a-destruir-murat","status":"publish","type":"post","link":"https:\/\/redaccionoaxaca.com\/index.php\/2020\/09\/01\/pri-va-por-triunfo-en-2021-en-oaxaca-con-priismo-de-murat-alito-moreno-no-vemos-a-adversarios-como-enemigos-a-destruir-murat\/","title":{"rendered":"PRI va por triunfo en 2021 en Oaxaca con priismo de Murat:  Alito Moreno; \u201cno vemos a adversarios como enemigos a destruir\u201d: Murat."},"content":{"rendered":"<p style=\"text-align: justify;\"><strong>#Redacci\u00f3nOaxaca<\/strong><\/p>\n<p style=\"text-align: justify;\"><strong>#Oaxaca<\/strong><\/p>\n<p style=\"text-align: justify;\"><strong>Jaime GUERRERO<\/strong><\/p>\n<p style=\"text-align: justify;\">El Presidente del Comit\u00e9 Ejecutivo Nacional del Partido Revolucionario Instituciona, Alejandro Moreno C\u00e1rdenas, asegur\u00f3 que el PRI de Oaxaca va por el triunfo electoral, para los comicios del 2021, cuando en el pa\u00eds, adem\u00e1s de elegir diputados federales y gobernaturas en 30 entidades, en Oaxaca, se renovaran diputaciones al Congreso del Estado y alcald\u00edas en 153 municipios que se rigen por la v\u00eda de los partidos,<\/p>\n<p style=\"text-align: justify;\">Asegur\u00f3 que el Consejo Pol\u00edtico de Oaxaca, cuenta con todo el apoyo del CEN pri\u00edsta y para ello, se atender\u00e1 esa elecci\u00f3n con toda la fuerza de la militancia y el apoyo del pri\u00edsmo oaxaque\u00f1o, encabezado por el gobernador, Alejandro Murat Hinojosa.<\/p>\n<p style=\"text-align: justify;\">Acompa\u00f1ado del Gobernador de Oaxaca, el l\u00edder nacional, emiti\u00f3 un mensaje en video conferencia, en cuyo formato se celebr\u00f3 la sesi\u00f3n de consejo pol\u00edtico.<\/p>\n<p style=\"text-align: justify;\">En tanto, Murat Hinojosa, en su calidad de militante reconoci\u00f3 que el PRI debe redefinirse ante la sociedad, como el partido de la reconciliaci\u00f3n con el recuerdo y el ejemplo de Colosio que se\u00f1alaba que el \u201cPRI debe ser el partido de la confianza\u201d.<\/p>\n<p style=\"text-align: justify;\">\u201cNo podemos ser c\u00f3mplices de la polarizaci\u00f3n y basar nuestras victorias en la destrucci\u00f3n de otros, nosotros no vemos a los adversarios como enemigos que tenemos que destruir, al contrario, los respetamos y competimos con la regla m\u00e1xima, la de la democracia, la de las ideas y los argumentos\u201d, destac\u00f3.<\/p>\n<p style=\"text-align: justify;\">Moreno C\u00e1rdenas, destac\u00f3 que el mejor activo pol\u00edtico que tiene el PRI en Oaxaca es un bueno gobierno, un gobierno eficaz, eficiente, un gobierno que ha sabido atender los temas de salud, seguridad, econ\u00f3micos.<\/p>\n<p style=\"text-align: justify;\">\u201cEs un gobierno que cuando M\u00e9xico tiene grandes retos y desaf\u00edos ha estado cerca de la gente, ha estado en todo los rincones del Estado. Por eso todos los pri\u00edsta del pa\u00eds no sentimos muy orgullosos del gran gobierno de nuestro compa\u00f1ero, Alejandro Murat Hinojosa\u201d, ensalz\u00f3.<\/p>\n<p style=\"text-align: justify;\">\u201cGracias Gobernador (Alejandro Murat Hinojosa) porque es el mejor apoyo y el mejor respaldo que le puedes dar a la militancia pri\u00edsta\u201d, complet\u00f3, Moreno C\u00e1rdenas.<\/p>\n<p style=\"text-align: justify;\">Y es que Murat Hinojosa, atestigu\u00f3 la Sesi\u00f3n de Toma de Protesta del Consejo Pol\u00edtico Estatal del periodo 2020-2023, la cual fue encabezada por Moreno C\u00e1rdenas.<\/p>\n<p style=\"text-align: justify;\">Por lo pronto, el l\u00edder nacional del PRI, record\u00f3 a las nuevas consejeras y consejeros que, tienen un reto fundamental en la unidad del partido y el trabajo en equipo.<\/p>\n<p style=\"text-align: justify;\">Reiter\u00f3 que el pri\u00edsmo oaxaque\u00f1o, va por el triunfo en el pr\u00f3ximo proceso electoral de 2021 y estar\u00e1 acompa\u00f1ado de la dirigencia nacional y con toda la fuerza del pri\u00edsmo oaxaque\u00f1o encabezados por Murat Hinojosa.<\/p>\n<p style=\"text-align: justify;\">Por su parte, el presidente estatal del PRI de Oaxaca, Eduardo Rojas Zavaleta, asegur\u00f3 que la nueva generaci\u00f3n que conforma el Consejo Pol\u00edtico Estatal, est\u00e1 integrada por mujeres y hombres que han entendido la importancia de la pol\u00edtica en la vida y el desarrollo de las sociedades.<\/p>\n<p style=\"text-align: justify;\">Prometi\u00f3 que es una nueva generaci\u00f3n que le devolver\u00e1 la grandeza al PRI, porque mucho m\u00e1s all\u00e1 de las personas y los errores humanos, el PRI tiene estatutos, documentos b\u00e1sicos y una declaraci\u00f3n de principios que rigen la vida institucional y esa debe ser la base de la conducta de sus militantes.<\/p>\n<p style=\"text-align: justify;\">Rojas Zavaleta destac\u00f3 que se habr\u00e1n de elegir 6 mil dirigencias municipales en los 570 municipios, 22 mil consejeros pol\u00edticos municipales y 15 mil dirigentes seccionales, es decir, m\u00e1s de 43 mil nuevos dirigentes priistas en el Estado para hacerle frente a la elecci\u00f3n de 2021.<\/p>\n","protected":false},"excerpt":{"rendered":"<p>#Redacci\u00f3nOaxaca #Oaxaca Jaime GUERRERO El Presidente del Comit\u00e9 Ejecutivo Nacional del Partido Revolucionario Instituciona, Alejandro Moreno C\u00e1rdenas, asegur\u00f3 que el PRI de Oaxaca va por el triunfo electoral, para los comicios del 2021, cuando en el pa\u00eds, adem\u00e1s de elegir diputados federales y gobernaturas en 30 entidades, en Oaxaca, se renovaran diputaciones al Congreso del [&hellip;]<\/p>\n","protected":false},"author":9,"featured_media":0,"comment_status":"open","ping_status":"open","sticky":false,"template":"","format":"standard","meta":{"jetpack_post_was_ever_published":false,"_jetpack_newsletter_access":"","_jetpack_dont_email_post_to_subs":false,"_jetpack_newsletter_tier_id":0,"_jetpack_memberships_contains_paywalled_content":false,"_jetpack_memberships_contains_paid_content":false,"footnotes":"","jetpack_publicize_message":"","jetpack_publicize_feature_enabled":true,"jetpack_social_post_already_shared":false,"jetpack_social_options":{"image_generator_settings":{"template":"highway","default_image_id":0,"font":"","enabled":false},"version":2}},"categories":[4,3,6,1],"tags":[],"class_list":{"0":"post-14200","1":"post","2":"type-post","3":"status-publish","4":"format-standard","6":"category-agenda-politica","7":"category-mesa-de-redaccion","8":"category-tendencias","9":"category-uncategorized"},"jetpack_publicize_connections":[],"jetpack_featured_media_url":"","jetpack_sharing_enabled":true,"jetpack_shortlink":"https:\/\/wp.me\/p9Ynjw-3H2","jetpack-related-posts":[{"id":24499,"url":"https:\/\/redaccionoaxaca.com\/index.php\/2022\/03\/14\/morena-ha-gobernado-municipios-en-oaxaca-y-no-saben-que-hacer-aaa-creen-que-van-a-poder-con-el-estado-no-los-vamos-a-dejar\/","url_meta":{"origin":14200,"position":0},"title":"Morena ha gobernado municipios en Oaxaca y no saben qu\u00e9 hacer: AAA; \u201ccreen que van a poder con el Estado. No los vamos a dejar\u201d.","author":"ariadna","date":"marzo 14, 2022","format":false,"excerpt":"#Redacci\u00f3nOaxaca #Oaxaca Jaime GUERRERO Flanqueado por el Presidente del Comit\u00e9 Ejecutivo Nacional (CEN), Alejandro Moreno Cardenas y el Gobernador, Alejandro Murat Hinojosa; Alejandro Avil\u00e9s \u00c1lvarez se registr\u00f3 como candidato del Partido Revolucionario Institucional (PRI), a la gubernatura de Oaxaca. M\u00fasica de bandas y batucadas, acompa\u00f1aron la marcha-calenda lo arrop\u00f3 a\u2026","rel":"","context":"En &quot;Agenda Pol\u00edtica&quot;","block_context":{"text":"Agenda Pol\u00edtica","link":"https:\/\/redaccionoaxaca.com\/index.php\/category\/agenda-politica\/"},"img":{"alt_text":"","src":"","width":0,"height":0},"classes":[]},{"id":23380,"url":"https:\/\/redaccionoaxaca.com\/index.php\/2022\/01\/10\/pri-no-se-achica-frente-a-marca-morena-saldra-a-buscar-ganar-votacion-de-gubernatura-en-oaxaca-murat\/","url_meta":{"origin":14200,"position":1},"title":"PRI no se \u201cachica\u201d frente a marca Morena, saldr\u00e1 a   buscar ganar votaci\u00f3n de Gubernatura en Oaxaca: Murat.","author":"ariadna","date":"enero 10, 2022","format":false,"excerpt":"#Redacci\u00f3nOaxaca #Oaxaca Jaime GUERRERO El Gobernador del Estado, Alejandro Murat Hinojosa, desestim\u00f3 que el PRI se \u201cachique\u201d en la elecci\u00f3n de la pr\u00f3xima gubernatura -frente a las proyecciones electorales adversas que lo ubican muy atr\u00e1s de la marca Morena y el posicionamiento del Presidente, Andr\u00e9s Manuel L\u00f3pez Obrador- en Oaxaca.\u2026","rel":"","context":"En &quot;Agenda Pol\u00edtica&quot;","block_context":{"text":"Agenda Pol\u00edtica","link":"https:\/\/redaccionoaxaca.com\/index.php\/category\/agenda-politica\/"},"img":{"alt_text":"","src":"","width":0,"height":0},"classes":[]},{"id":23975,"url":"https:\/\/redaccionoaxaca.com\/index.php\/2022\/02\/10\/video-murat-y-alito-ungen-a-alejandro-aviles-como-candidato-del-pri-a-la-gubernatura-de-oaxaca-se-soltaron-los-golpes-entre-simpatizantes\/","url_meta":{"origin":14200,"position":2},"title":"VIDEO: Murat y Alito, ungen a Alejandro Avil\u00e9s como candidato del PRI  a la gubernatura de Oaxaca; se soltaron los golpes entre simpatizantes.","author":"ariadna","date":"febrero 10, 2022","format":"video","excerpt":"#Redacci\u00f3nOaxaca #Oaxaca Jaime GUERRERO Arropado por el dirigente nacional del #PRI, Alejandro Moreno C\u00e1rdenas y el gobernador del Estado, Alejandro Murat Hinojosa -este jueves-, el coordinador de los diputados de locales del Partido Revolucionario Institucional, Alejandro Avil\u00e9s \u00c1lvarez, fue ungido como el candidato de PRI a la gubernatura de Oaxaca.\u2026","rel":"","context":"En &quot;Agenda Pol\u00edtica&quot;","block_context":{"text":"Agenda Pol\u00edtica","link":"https:\/\/redaccionoaxaca.com\/index.php\/category\/agenda-politica\/"},"img":{"alt_text":"","src":"","width":0,"height":0},"classes":[]},{"id":7527,"url":"https:\/\/redaccionoaxaca.com\/index.php\/2019\/07\/08\/morena-ave-de-paso-que-genera-division-y-destruccion-alejandro-moreno-pri-regresara-en-2020-2021-promete-en-oaxaca\/","url_meta":{"origin":14200,"position":3},"title":"Morena, ave de paso que genera divisi\u00f3n y destrucci\u00f3n: Alejandro Moreno; PRI regresar\u00e1 en 2020-2021, promete en Oaxaca","author":"denise","date":"julio 8, 2019","format":false,"excerpt":"#Redacci\u00f3nOaxaca \u00a0 Jaime GUERRERO Arropado por sectores, organizaciones y hasta funcionarios del gobierno del estado, Alejandro Moreno C\u00e1rdenas, candidato a la Presidencia del Comit\u00e9 Ejecutivo Nacional (CEN) del Partido Revolucionario Institucional (PRI), sostuvo en Oaxaca que, su partido, recuperar\u00e1 su hegemon\u00eda y le ganar\u00e1 a Movimiento de Regeneraci\u00f3n Nacional (Morena),\u2026","rel":"","context":"En &quot;Agenda Pol\u00edtica&quot;","block_context":{"text":"Agenda Pol\u00edtica","link":"https:\/\/redaccionoaxaca.com\/index.php\/category\/agenda-politica\/"},"img":{"alt_text":"","src":"","width":0,"height":0},"classes":[]},{"id":23965,"url":"https:\/\/redaccionoaxaca.com\/index.php\/2022\/02\/10\/video-pri-no-entrego-plaza-a-morena-en-oaxaca-ataja-alito-relacion-de-murat-con-amlo-es-institucional-dice-e-invita-susana-a-proyecto-de-aviles\/","url_meta":{"origin":14200,"position":4},"title":"VIDEO: PRI no entreg\u00f3 plaza a Morena en Oaxaca, ataja Alito; relaci\u00f3n  de Murat con AMLO es institucional, dice e invita Susana a proyecto de Avil\u00e9s.","author":"ariadna","date":"febrero 10, 2022","format":"video","excerpt":"#Redacci\u00f3nOaxaca #Oaxaca Jaime GUERRERO El Presidente del Comit\u00e9 Ejecutivo Nacional del Partido Revolucionario Institucional, Alejandro Moreno C\u00e1rdenas, neg\u00f3 que el PRI ya entreg\u00f3 la plaza (gubernatura) en Oaxaca al Movimiento de Regeneraci\u00f3n Nacional (Morena). En entrevista, asegur\u00f3 que un gobernador como es el caso de Alejandro Murat Hinojosa, tiene una\u2026","rel":"","context":"En &quot;Agenda Pol\u00edtica&quot;","block_context":{"text":"Agenda Pol\u00edtica","link":"https:\/\/redaccionoaxaca.com\/index.php\/category\/agenda-politica\/"},"img":{"alt_text":"","src":"","width":0,"height":0},"classes":[]},{"id":24869,"url":"https:\/\/redaccionoaxaca.com\/index.php\/2022\/04\/03\/candidato-del-pri-prd-a-la-gubernatura-de-oaxaca-ofrece-el-triple-de-apoyos-de-programas-sociales-y-becas\/","url_meta":{"origin":14200,"position":5},"title":"Candidato del PRI-PRD a la gubernatura de Oaxaca   ofrece el triple de apoyos de programas sociales y becas.","author":"ariadna","date":"abril 3, 2022","format":false,"excerpt":"#Redacci\u00f3nOaxaca #Oaxaca Jaime GUERRERO En medio de miles de muestras de respaldo, cari\u00f1o y apoyo, el candidato com\u00fan del PRI-PRD, Alejandro Avil\u00e9s \u00c1lvarez, hizo cinco compromisos por Oaxaca en materia de apoyos sociales, seguridad, educaci\u00f3n, salud p\u00fablica y obras sociales, los cuales, ofreci\u00f3 dar al \u201ctriple\u201d. En una clara carga\u2026","rel":"","context":"En &quot;Agenda Pol\u00edtica&quot;","block_context":{"text":"Agenda Pol\u00edtica","link":"https:\/\/redaccionoaxaca.com\/index.php\/category\/agenda-politica\/"},"img":{"alt_text":"","src":"","width":0,"height":0},"classes":[]}],"_links":{"self":[{"href":"https:\/\/redaccionoaxaca.com\/index.php\/wp-json\/wp\/v2\/posts\/14200","targetHints":{"allow":["GET"]}}],"collection":[{"href":"https:\/\/redaccionoaxaca.com\/index.php\/wp-json\/wp\/v2\/posts"}],"about":[{"href":"https:\/\/redaccionoaxaca.com\/index.php\/wp-json\/wp\/v2\/types\/post"}],"author":[{"embeddable":true,"href":"https:\/\/redaccionoaxaca.com\/index.php\/wp-json\/wp\/v2\/users\/9"}],"replies":[{"embeddable":true,"href":"https:\/\/redaccionoaxaca.com\/index.php\/wp-json\/wp\/v2\/comments?post=14200"}],"version-history":[{"count":1,"href":"https:\/\/redaccionoaxaca.com\/index.php\/wp-json\/wp\/v2\/posts\/14200\/revisions"}],"predecessor-version":[{"id":14202,"href":"https:\/\/redaccionoaxaca.com\/index.php\/wp-json\/wp\/v2\/posts\/14200\/revisions\/14202"}],"wp:attachment":[{"href":"https:\/\/redaccionoaxaca.com\/index.php\/wp-json\/wp\/v2\/media?parent=14200"}],"wp:term":[{"taxonomy":"category","embeddable":true,"href":"https:\/\/redaccionoaxaca.com\/index.php\/wp-json\/wp\/v2\/categories?post=14200"},{"taxonomy":"post_tag","embeddable":true,"href":"https:\/\/redaccionoaxaca.com\/index.php\/wp-json\/wp\/v2\/tags?post=14200"}],"curies":[{"name":"wp","href":"https:\/\/api.w.org\/{rel}","templated":true}]}}