{"id":14203,"date":"2020-09-01T15:59:18","date_gmt":"2020-09-01T20:59:18","guid":{"rendered":"http:\/\/redaccionoaxaca.com\/?p=14203"},"modified":"2020-09-01T15:59:37","modified_gmt":"2020-09-01T20:59:37","slug":"un-grupo-minoritario-vandaliza-y-crea-ingobernabilidad-en-san-antonio-de-la-cal-dice-comisionado-municipal","status":"publish","type":"post","link":"https:\/\/redaccionoaxaca.com\/index.php\/2020\/09\/01\/un-grupo-minoritario-vandaliza-y-crea-ingobernabilidad-en-san-antonio-de-la-cal-dice-comisionado-municipal\/","title":{"rendered":"Un grupo minoritario vandaliza y crea ingobernabilidad en San Antonio de la Cal, dice comisionado municipal."},"content":{"rendered":"<p style=\"text-align: justify;\"><strong>#Redacci\u00f3nOaxaca<\/strong><\/p>\n<p style=\"text-align: justify;\"><strong>#Oaxaca<\/strong><\/p>\n<p style=\"text-align: left;\"><strong>Sayra Cruz<\/strong><\/p>\n<p>El comisionado municipal de San Antonio de la Cal, Alfonso Escobar Mateos acus\u00f3 que un grupo de ciudadanos, encabezados por el expresidente, Alfonso V\u00e1squez est\u00e1n creando ingobernabilidad en ese municipio conurbado.<\/p>\n<p style=\"text-align: justify;\">En conferencia de prensa, mencion\u00f3 que amparados en una supuesta asamblea de 15 ciudadanos realizan acciones de vandalismo como la de ir a tirar basura a Ciudad Administrativa.<\/p>\n<p><del><img data-recalc-dims=\"1\" loading=\"lazy\" decoding=\"async\" class=\"size-medium wp-image-14204 alignleft\" src=\"https:\/\/i0.wp.com\/redaccionoaxaca.com\/wp-content\/uploads\/2020\/09\/IMG-20200901-WA0095-194x300.jpg?resize=194%2C300\" alt=\"\" width=\"194\" height=\"300\" \/><\/del><\/p>\n<p style=\"text-align: justify;\">El funcionario nombrado por la Secretar\u00eda General de Gobierno por el fallo de la Sala Xalapa del Tribunal Electoral del Poder Judicial de la Federaci\u00f3n, se\u00f1al\u00f3 que est\u00e1 tratando de restablecer los servicios muncipales.<\/p>\n<p style=\"text-align: justify;\">El administrador lleg\u00f3 el 27 de julio a este municipio y no ha podido ejercer ni establecer bases para una nueva elecci\u00f3n por la situaci\u00f3n pol\u00edtica y social en la comunidad.<\/p>\n<p style=\"text-align: justify;\">&#8220;<em>Este grupo esta causando violencia, amenaza, quema y afecta a toda la poblaci\u00f3n al bloquear los servicios municipales<\/em>&#8220;, extern\u00f3.<\/p>\n<p style=\"text-align: justify;\">Dijo que cuenta con una reposici\u00f3n del Tribunal para estar en este cargo y este grupo, de forma ma\u00f1osa form\u00f3 un consejo municipal para sorprender a los ciudadanos.<\/p>\n","protected":false},"excerpt":{"rendered":"<p>#Redacci\u00f3nOaxaca #Oaxaca Sayra Cruz El comisionado municipal de San Antonio de la Cal, Alfonso Escobar Mateos acus\u00f3 que un grupo de ciudadanos, encabezados por el expresidente, Alfonso V\u00e1squez est\u00e1n creando ingobernabilidad en ese municipio conurbado. En conferencia de prensa, mencion\u00f3 que amparados en una supuesta asamblea de 15 ciudadanos realizan acciones de vandalismo como la [&hellip;]<\/p>\n","protected":false},"author":9,"featured_media":0,"comment_status":"open","ping_status":"open","sticky":false,"template":"","format":"standard","meta":{"jetpack_post_was_ever_published":false,"_jetpack_newsletter_access":"","_jetpack_dont_email_post_to_subs":false,"_jetpack_newsletter_tier_id":0,"_jetpack_memberships_contains_paywalled_content":false,"_jetpack_memberships_contains_paid_content":false,"footnotes":"","jetpack_publicize_message":"","jetpack_publicize_feature_enabled":true,"jetpack_social_post_already_shared":false,"jetpack_social_options":{"image_generator_settings":{"template":"highway","default_image_id":0,"font":"","enabled":false},"version":2}},"categories":[4,3,6,1],"tags":[],"class_list":{"0":"post-14203","1":"post","2":"type-post","3":"status-publish","4":"format-standard","6":"category-agenda-politica","7":"category-mesa-de-redaccion","8":"category-tendencias","9":"category-uncategorized"},"jetpack_publicize_connections":[],"jetpack_featured_media_url":"","jetpack_sharing_enabled":true,"jetpack_shortlink":"https:\/\/wp.me\/p9Ynjw-3H5","jetpack-related-posts":[{"id":29832,"url":"https:\/\/redaccionoaxaca.com\/index.php\/2023\/11\/29\/por-ausencia-e-ingobernabilidad-congreso-de-oaxaca-suspende-presidencias-y-concejalias-de-tres-municipios\/","url_meta":{"origin":14203,"position":0},"title":"Por ausencia e ingobernabilidad, Congreso de Oaxaca suspende Presidencias y concejal\u00edas de tres municipios","author":"ariadna","date":"noviembre 29, 2023","format":false,"excerpt":"#Redacci\u00f3nOaxaca #Oaxaca Jaime GUERRERO Por ausencia de concejal\u00edas, renuncias e ingobernabilidad, el pleno de la LXV Legislatura del Congreso del Estado, aprob\u00f3 la suspensi\u00f3n de ayuntamientos de los municipios de San Antonio Nanahuat\u00edpam, San Mart\u00edn Itunyoso y Asunci\u00f3n Ocotl\u00e1n, Oaxaca. En los dict\u00e1menes aprobados, se orden\u00f3 comunicar al Titular del\u2026","rel":"","context":"En &quot;Agenda Pol\u00edtica&quot;","block_context":{"text":"Agenda Pol\u00edtica","link":"https:\/\/redaccionoaxaca.com\/index.php\/category\/agenda-politica\/"},"img":{"alt_text":"","src":"","width":0,"height":0},"classes":[]},{"id":11709,"url":"https:\/\/redaccionoaxaca.com\/index.php\/2020\/04\/08\/comisionado-de-segego-inflo-facturas-por-9-mdp-en-santa-antonio-de-la-cal-municipio-tambien-fue-saqueado-por-ex-edil\/","url_meta":{"origin":14203,"position":1},"title":"Comisionado de SEGEGO infl\u00f3 facturas por 9 mdp en Santa Antonio de la Cal; municipio tambi\u00e9n fue saqueado por ex edil.","author":"ariadna","date":"abril 8, 2020","format":false,"excerpt":"#Redacci\u00f3nOaxaca #Oaxaca Jaime GUERRERO Jos\u00e9 Herrera L\u00f3pez, ex Comisionado Municipal de San Antonio de la Cal, incurri\u00f3 en desv\u00edo de recursos p\u00fablicos por m\u00e1s de 9 millones de pesos, los cuales fueron comprobados con facturas inflados en pago de servicios de recolecci\u00f3n de basura y proyectos administrativos para infraestructura que\u2026","rel":"","context":"En &quot;Agenda Pol\u00edtica&quot;","block_context":{"text":"Agenda Pol\u00edtica","link":"https:\/\/redaccionoaxaca.com\/index.php\/category\/agenda-politica\/"},"img":{"alt_text":"","src":"","width":0,"height":0},"classes":[]},{"id":7207,"url":"https:\/\/redaccionoaxaca.com\/index.php\/2019\/06\/13\/comision-de-gobernacion-aprueba-desaparecer-ayuntamiento-de-xanica-por-violencia-grave-vacio-de-autoridad-e-ingobernabilidad-del-edil\/","url_meta":{"origin":14203,"position":2},"title":"Comisi\u00f3n de Gobernaci\u00f3n aprueba desaparecer Ayuntamiento de\u00a0Xanica, por violencia grave, vac\u00edo de autoridad e ingobernabilidad del edil","author":"denise","date":"junio 13, 2019","format":false,"excerpt":"#Redacci\u00f3nOaxaca Jaime GUERRERO\u00a0\u00a0 La Comisi\u00f3n de Gobernaci\u00f3n de la LXIV Legislatura, aprob\u00f3 la desaparici\u00f3n del Ayuntamiento de Santiago Xanica, por comprobarse actos de violencia grave, vac\u00edo de autoridad e ingobernabilidad por parte del Presidente Municipal y el Sindico Municipal. En el dictamen se establece vincular al Gobernador, Alejandro Murat Hinojosa,\u2026","rel":"","context":"En &quot;Agenda Pol\u00edtica&quot;","block_context":{"text":"Agenda Pol\u00edtica","link":"https:\/\/redaccionoaxaca.com\/index.php\/category\/agenda-politica\/"},"img":{"alt_text":"","src":"","width":0,"height":0},"classes":[]},{"id":5717,"url":"https:\/\/redaccionoaxaca.com\/index.php\/2019\/03\/12\/pobladores-de-juquila-retienen-a-comisionado-de-la-policia-estatal-exigen-desalojar-a-los-de-yaitepec\/","url_meta":{"origin":14203,"position":3},"title":"Pobladores de Juquila retienen a Comisionado   de la Polic\u00eda Estatal; exigen desalojar a los de Yaitepec.","author":"jaime","date":"marzo 12, 2019","format":"video","excerpt":"#Redacci\u00f3nOaxaca #Oaxaca Jaime GUERRERO Este lunes, habitantes de Santa Catarina Juquila, retuvieron al comisionado de la Polic\u00eda Estatal Jos\u00e9 Aniceto S\u00e1nchez Saldierna, quien arrib\u00f3 a esa poblaci\u00f3n para coordinar un eventual operativo de desalojo del bloqueo que mantienen pobladores de Santiago Yaitepec, desde hace un mes y 8 d\u00edas. En\u2026","rel":"","context":"Entrada similar ","block_context":{"text":"Entrada similar ","link":""},"img":{"alt_text":"","src":"","width":0,"height":0},"classes":[]},{"id":24459,"url":"https:\/\/redaccionoaxaca.com\/index.php\/2022\/03\/10\/congreso-pide-a-murat-imparcialidad-en-eleccion-de-mitla-tras-designar-a-edil-depuesto-por-tepjf-como-comisionado\/","url_meta":{"origin":14203,"position":4},"title":"Congreso pide a Murat imparcialidad en elecci\u00f3n  de Mitla tras designar a edil depuesto por TEPJF como Comisionado.","author":"ariadna","date":"marzo 10, 2022","format":false,"excerpt":"#Redacci\u00f3nOaxaca #Oaxaca Jaime GUERRERO Por mayor\u00eda de votos, la LXV Legislatura, exhort\u00f3 al Gobernador del Estado, Alejandro Murat Hinojosa, a garantizar gobernabilidad e imparcialidad durante el proceso electoral extraordinario de concejal\u00edas del ayuntamiento de San Pablo Villa de Mitla, tras la designaci\u00f3n de Esa\u00fa L\u00f3pez Quero como Comisionado Municipal y\u2026","rel":"","context":"En &quot;Agenda Pol\u00edtica&quot;","block_context":{"text":"Agenda Pol\u00edtica","link":"https:\/\/redaccionoaxaca.com\/index.php\/category\/agenda-politica\/"},"img":{"alt_text":"","src":"","width":0,"height":0},"classes":[]},{"id":30883,"url":"https:\/\/redaccionoaxaca.com\/index.php\/2024\/03\/14\/desaparecen-poderes-en-tamazulapam-del-progreso-por-ingobernabilidad-e-irregularidades-financieras\/","url_meta":{"origin":14203,"position":5},"title":"Desaparecen poderes en Tamazulapam del Progreso por ingobernabilidad e irregularidades financieras","author":"ariadna","date":"marzo 14, 2024","format":false,"excerpt":"#Redacci\u00f3nOaxaca #Oaxaca Jaime GUERRERO Con 34 votos a favor el pleno de la LXV Legislatura, suspendi\u00f3 las funciones del Ayuntamiento de Villa de Tamazul\u00e1pam del Progreso que fue electo para el periodo constitucional 2022-2024, al encontrarse en un estado de ingobernabilidad, que hace imposible su funcionamiento. Seg\u00fan el dictamen aprobado\u2026","rel":"","context":"En &quot;Agenda Pol\u00edtica&quot;","block_context":{"text":"Agenda Pol\u00edtica","link":"https:\/\/redaccionoaxaca.com\/index.php\/category\/agenda-politica\/"},"img":{"alt_text":"","src":"","width":0,"height":0},"classes":[]}],"_links":{"self":[{"href":"https:\/\/redaccionoaxaca.com\/index.php\/wp-json\/wp\/v2\/posts\/14203","targetHints":{"allow":["GET"]}}],"collection":[{"href":"https:\/\/redaccionoaxaca.com\/index.php\/wp-json\/wp\/v2\/posts"}],"about":[{"href":"https:\/\/redaccionoaxaca.com\/index.php\/wp-json\/wp\/v2\/types\/post"}],"author":[{"embeddable":true,"href":"https:\/\/redaccionoaxaca.com\/index.php\/wp-json\/wp\/v2\/users\/9"}],"replies":[{"embeddable":true,"href":"https:\/\/redaccionoaxaca.com\/index.php\/wp-json\/wp\/v2\/comments?post=14203"}],"version-history":[{"count":2,"href":"https:\/\/redaccionoaxaca.com\/index.php\/wp-json\/wp\/v2\/posts\/14203\/revisions"}],"predecessor-version":[{"id":14208,"href":"https:\/\/redaccionoaxaca.com\/index.php\/wp-json\/wp\/v2\/posts\/14203\/revisions\/14208"}],"wp:attachment":[{"href":"https:\/\/redaccionoaxaca.com\/index.php\/wp-json\/wp\/v2\/media?parent=14203"}],"wp:term":[{"taxonomy":"category","embeddable":true,"href":"https:\/\/redaccionoaxaca.com\/index.php\/wp-json\/wp\/v2\/categories?post=14203"},{"taxonomy":"post_tag","embeddable":true,"href":"https:\/\/redaccionoaxaca.com\/index.php\/wp-json\/wp\/v2\/tags?post=14203"}],"curies":[{"name":"wp","href":"https:\/\/api.w.org\/{rel}","templated":true}]}}