{"id":14228,"date":"2020-09-02T18:51:22","date_gmt":"2020-09-02T23:51:22","guid":{"rendered":"http:\/\/redaccionoaxaca.com\/?p=14228"},"modified":"2020-09-02T18:55:10","modified_gmt":"2020-09-02T23:55:10","slug":"por-disenso-en-formato-se-cae-comparecencia-de-fiscal-ante-congreso-morena-y-pt-voto-dividido","status":"publish","type":"post","link":"https:\/\/redaccionoaxaca.com\/index.php\/2020\/09\/02\/por-disenso-en-formato-se-cae-comparecencia-de-fiscal-ante-congreso-morena-y-pt-voto-dividido\/","title":{"rendered":"Por disenso en formato, se cae comparecencia de Fiscal ante Congreso; Morena y PT vot\u00f3 dividido."},"content":{"rendered":"<p style=\"text-align: justify;\"><strong>#Redacci\u00f3nOaxaca<\/strong><\/p>\n<p style=\"text-align: justify;\"><strong>#Oaxaca<\/strong><\/p>\n<p style=\"text-align: justify;\"><strong>Jaime GUERRERO<\/strong><\/p>\n<p style=\"text-align: justify;\">Tras reclamos por el formato, el acuerdo de la Junta de Coordinaci\u00f3n Pol\u00edtica, para citar a comparecer al titular de la Fiscal\u00eda General del Estado, Rub\u00e9n Vasconcelos M\u00e9ndez, por la responsabilidad del Estado Mexicano, en la desaparici\u00f3n del estudiante de UNAM, Israel Moreno, se cay\u00f3, no fue aprobado.<\/p>\n<p style=\"text-align: justify;\">Nuevamente la fragmentaci\u00f3n de la bancada de Morena y hasta el cabildeo en contra del diputado, Pavel Melendez Cruz, para que el acuerdo no fuera aprobado por sus aliados disidentes, fue clave para fracasar el intento de citar al abogado de estado, por ese caso.<br \/>\nSin embargo, la fundamentaci\u00f3n fue clave.<\/p>\n<p style=\"text-align: justify;\">Y es que en la programada comparecencia para el martes 08 de agosto, diputados del PT, Verde Ecologista, Mujeres Independientes, entre ellas, Aleyda Serrano Rosado; y Acci\u00f3n Nacional, demandaron que se incluyera la violencia contra las mujeres.<\/p>\n<p style=\"text-align: justify;\">En su participaci\u00f3n, la diputada del Partido Verde Ecologista de M\u00e9xico, Aurora L\u00f3pez Acevedo se\u00f1al\u00f3 que no estaba de acuerdo con el formato debido a que el Fiscal no s\u00f3lo debe rendir informes sobre un solo caso.<\/p>\n<p style=\"text-align: justify;\">Por su parte, el morenista P\u00e1vel Mel\u00e9ndez pidi\u00f3 llamar a comparecer tambi\u00e9n al titular de la Secretar\u00eda de Finanzas, en donde dijo se han \u201catorado\u201d muchas cosas.<\/p>\n<p style=\"text-align: justify;\">La diputada del PAN, Mar\u00eda de Jes\u00fas Mendoza S\u00e1nchez, expuso que Vasconcelos M\u00e9ndez debe de rendir un informe m\u00e1s amplio, porque circunscribirlo a un solo caso y se da solo el derecho de que un familiar del desaparecido suba tribuna. \u201c<em>Para eso los diputados representamos a un ciudadanos<\/em>\u201d, asest\u00f3.<\/p>\n<p style=\"text-align: justify;\">\nAs\u00ed, con 12 votos a favor y 7 en contra, no se alcanz\u00f3 la mayor\u00eda para que el abogado del estado rindiera un informe sobre la desaparici\u00f3n del estudiante de la UNAM, Israel Moreno el 8 de julio del 2011 en las costas de la entidad.<\/p>\n<p style=\"text-align: justify;\">\nY es que la Jucopo, aval\u00f3 por mayor\u00eda -con la firma del coordinado de los diputados del PRI, Alejandro Aviles Alvarez; de Morena, Horacio Sosa Villavicencio; del PT, Noe Doroteo Castillejos; y de MI, Elim Antonio Aquino; que el titular de la FGJE, informar\u00e1 en Comisiones, sobre las medidas y actuaciones que ha realizado para cumplir con el dictamen del Comit\u00e9 de Derechos Humanos de las Naciones Unidas, en el que se estableci\u00f3 la responsabilidad del Estado mexicano en la desaparici\u00f3n del joven estudiante de la UNAM, Jes\u00fas Israel Moreno P\u00e9rez.<\/p>\n<p style=\"text-align: justify;\">\nAs\u00ed como en la violaci\u00f3n a sus derechos humanos y a los de sus familiares consagrados en el Pacto Internacional de Derechos Civiles y Pol\u00edtico, lo anterior seg\u00fan la resoluci\u00f3n emitida dentro del Juicio para la Protecci\u00f3n de Derechos humanos, radicada bajo el n\u00famero de expediente 09\/2018 por el incumplimiento a la Recomendaci\u00f3n 13\/2016 emitida por la Defensor\u00eda de los Derechos Humanos del Pueblo de Oaxaca (DDHPO).<\/p>\n<p style=\"text-align: justify;\">\nLa comparecencia fue defendida por la diputada Eliza Zepeda Legunas, para que a la brevedad posible se pronunciara respecto a la solicitud hecha por los familiares y el colectivo que acompa\u00f1a el caso de Jes\u00fas Israel Moreno P\u00e9rez, sobre la declinaci\u00f3n de la competencia en favor de la Fiscal\u00eda General de la Rep\u00fablica (FGR).<\/p>\n<p style=\"text-align: justify;\">\n\u201cPor lo que hace a la investigaci\u00f3n por la desaparici\u00f3n de Jes\u00fas Israel, sin que ello implique que la fiscal\u00eda del estado incumpla con su obligaci\u00f3n de iniciar y concluir las investigaciones por los delitos en los que pudieran estar involucrados los servidores p\u00fablicos estatales en relaci\u00f3n a los delitos de destrucci\u00f3n de pruebas y confesiones bajo tortura\u201d, establece el fallido acuerdo que fue devuelto a la JUCOPO.<\/p>\n<p style=\"text-align: justify;\">\nY es que el caso de la desaparici\u00f3n de Jes\u00fas Israel Moreno el 8 de agosto de 2011 en Lagunas de Chacahua en Tutepec, deja al descubierto el alto grado de impunidad, inoperancia e ineficacia de la instituci\u00f3n encargada de procurar justicia.<\/p>\n<p style=\"text-align: justify;\">\nAs\u00ed tambi\u00e9n, afirma el documento que, \u201c<em>muestra el desprecio por el dolor y sufrimiento por el que atraviesan los familiares de las v\u00edctimas de desaparici\u00f3n y desaparici\u00f3n forzada, pues pese a que distintas instituciones se han pronunciado y han evidenciado el cumulo de violaciones a los derechos humanos en torno al caso de la investigaci\u00f3n por la desaparici\u00f3n de Jes\u00fas, hasta la fecha no existen avances sustanciales que puedan dar luces sobre el paradero del joven estudiante\u201d.<\/em><\/p>\n<p style=\"text-align: justify;\">\nAgrega que los familiares de Jes\u00fas, lejos de tener acceso a un recurso sencillo y r\u00e1pido, llevan ya 9 a\u00f1os denunciado irregularidades y violaciones a los derechos humanos dentro del proceso de investigaci\u00f3n, que van desde la destrucci\u00f3n y perdidas de evidencias, tortura, aval\u00fao virtual de objetos inexistentes y no reconocidos por los familiares, una autopsia verbal sin cad\u00e1ver y construida por relatos contradictorios; as\u00ed como rastreo hem\u00e1tico con resultados negativos y hasta amenazas al padre del joven de parte de servidores p\u00fablicos de la Agencia Estatal de Investigaciones.<\/p>\n<p style=\"text-align: justify;\">\nRecientemente, Comit\u00e9 de Derechos Humanos de las Naciones Unidas estableci\u00f3 que el Estado mexicano debe realizar una investigaci\u00f3n pronta, efectiva y exhaustiva, independiente e imparcial, y transparente sobre las circunstancias de la desaparici\u00f3n del Israel Moreno P\u00e9rez, orientada al establecimiento de la verdad y atendiendo las circunstancias propias del caso.<\/p>\n<div style=\"width: 696px;\" class=\"wp-video\"><video class=\"wp-video-shortcode\" id=\"video-14228-1\" width=\"696\" height=\"394\" preload=\"metadata\" controls=\"controls\"><source type=\"video\/mp4\" src=\"http:\/\/redaccionoaxaca.com\/wp-content\/uploads\/2020\/09\/VID-20200902-WA0085.mp4?_=1\" \/><a href=\"http:\/\/redaccionoaxaca.com\/wp-content\/uploads\/2020\/09\/VID-20200902-WA0085.mp4\">http:\/\/redaccionoaxaca.com\/wp-content\/uploads\/2020\/09\/VID-20200902-WA0085.mp4<\/a><\/video><\/div>\n","protected":false},"excerpt":{"rendered":"<p>#Redacci\u00f3nOaxaca #Oaxaca Jaime GUERRERO Tras reclamos por el formato, el acuerdo de la Junta de Coordinaci\u00f3n Pol\u00edtica, para citar a comparecer al titular de la Fiscal\u00eda General del Estado, Rub\u00e9n Vasconcelos M\u00e9ndez, por la responsabilidad del Estado Mexicano, en la desaparici\u00f3n del estudiante de UNAM, Israel Moreno, se cay\u00f3, no fue aprobado. Nuevamente la fragmentaci\u00f3n [&hellip;]<\/p>\n","protected":false},"author":9,"featured_media":0,"comment_status":"open","ping_status":"open","sticky":false,"template":"","format":"standard","meta":{"jetpack_post_was_ever_published":false,"_jetpack_newsletter_access":"","_jetpack_dont_email_post_to_subs":false,"_jetpack_newsletter_tier_id":0,"_jetpack_memberships_contains_paywalled_content":false,"_jetpack_memberships_contains_paid_content":false,"footnotes":"","jetpack_publicize_message":"","jetpack_publicize_feature_enabled":true,"jetpack_social_post_already_shared":false,"jetpack_social_options":{"image_generator_settings":{"template":"highway","default_image_id":0,"font":"","enabled":false},"version":2}},"categories":[4,5,3,6,1],"tags":[],"class_list":{"0":"post-14228","1":"post","2":"type-post","3":"status-publish","4":"format-standard","6":"category-agenda-politica","7":"category-imagen","8":"category-mesa-de-redaccion","9":"category-tendencias","10":"category-uncategorized"},"jetpack_publicize_connections":[],"jetpack_featured_media_url":"","jetpack_sharing_enabled":true,"jetpack_shortlink":"https:\/\/wp.me\/p9Ynjw-3Hu","jetpack-related-posts":[{"id":15745,"url":"https:\/\/redaccionoaxaca.com\/index.php\/2020\/12\/11\/congreso-cita-a-comparecer-a-fiscal-por-feminicidios-y-arranca-pasarela-de-titulares-del-ieepo-y-sso-por-glosa-de-4o-informe-de-murat\/","url_meta":{"origin":14228,"position":0},"title":"Congreso cita a comparecer a Fiscal por feminicidios; y arranca   pasarela de titulares del IEEPO y SSO por glosa de 4o. Informe de Murat.","author":"ariadna","date":"diciembre 11, 2020","format":false,"excerpt":"#Redacci\u00f3nOaxaca #Oaxaca Jaime GUERRERO Sin mayor discusi\u00f3n en el pleno, la LXIV Legislatura, aprob\u00f3 citar a comparecer a dos funcionarios de la administraci\u00f3n del Gobernador, Alejandro Murat Hinojosa, como parte de la glosa del Cuarto Informe de Gobierno y para la segunda semana de enero, al resto de secretarios y\u2026","rel":"","context":"En &quot;Agenda Pol\u00edtica&quot;","block_context":{"text":"Agenda Pol\u00edtica","link":"https:\/\/redaccionoaxaca.com\/index.php\/category\/agenda-politica\/"},"img":{"alt_text":"","src":"","width":0,"height":0},"classes":[]},{"id":5244,"url":"https:\/\/redaccionoaxaca.com\/index.php\/2019\/02\/06\/en-comparecencia-a-modo-y-con-protestas-fiscal-reporta-sus-resultados-al-final-se-suspendio-por-falta-de-quorum\/","url_meta":{"origin":14228,"position":1},"title":"En comparecencia a modo y con protestas Fiscal reporta\u00a0sus resultados; al final se suspendi\u00f3 por falta de quorum.","author":"jaime","date":"febrero 6, 2019","format":"video","excerpt":"#Redaci\u00f3nOaxaca #Oaxaca Jaime GUERRERO\u00a0 En medio de protestas y una comparecencia a modo, el fiscal general de Justicia del Estado de Oaxaca, Rub\u00e9n Vasconcelos M\u00e9ndez compareci\u00f3 ante el pleno del Congreso, y luego de tres horas, diputados del PRI y Morena abandonaron el recinto. Ante ello, el presidente de la\u2026","rel":"","context":"Entrada similar ","block_context":{"text":"Entrada similar ","link":""},"img":{"alt_text":"","src":"","width":0,"height":0},"classes":[]},{"id":16954,"url":"https:\/\/redaccionoaxaca.com\/index.php\/2021\/02\/17\/a-puerta-cerrada-se-reunio-titular-de-sefin-con-diputados-para-conocer-el-estatus-del-presupuesto-cambiaron-la-comparecencia\/","url_meta":{"origin":14228,"position":2},"title":"A puerta cerrada, se \u201creuni\u00f3\u201d, titular de Sef\u00edn con diputados para \u201cconocer\u201d el estatus del presupuesto; cambiaron la comparecencia.","author":"ariadna","date":"febrero 17, 2021","format":false,"excerpt":"#Redacci\u00f3nOaxaca #Oaxaca Jaime GUERRERO La reuni\u00f3n fue pactada y coordinada por el l\u00edder de la bancada del PRI, Alejandro Avil\u00e9s \u00c1lvarez, \u00e9l cumpli\u00f3 con \u00e9xito; cabildeada al seno de la bancada de Morena, por Horacio Sosa Villavicencio, pese a que el mensaje de sumisi\u00f3n de algunos morenistas hacia el ejecutivo\u2026","rel":"","context":"En &quot;Agenda Pol\u00edtica&quot;","block_context":{"text":"Agenda Pol\u00edtica","link":"https:\/\/redaccionoaxaca.com\/index.php\/category\/agenda-politica\/"},"img":{"alt_text":"","src":"","width":0,"height":0},"classes":[]},{"id":5150,"url":"https:\/\/redaccionoaxaca.com\/index.php\/2019\/01\/30\/diputados-citan-a-comparecer-a-fiscal-y-alistan-comparecencia-de-tesorero-de-murat\/","url_meta":{"origin":14228,"position":3},"title":"Diputados citan a comparecer a Fiscal y alistan comparecencia de Tesorero de Murat\u00a0","author":"denise","date":"enero 30, 2019","format":false,"excerpt":"#Redacci\u00f3nOaxaca Jaime GUERRERO Por acuerdo de la Junta de Coordinaci\u00f3n Pol\u00edtica, la LXIV Legislatura, acord\u00f3 citar a comparecer al titular de la Fiscal\u00eda General del Estado, Rub\u00e9n Vasconcelos M\u00e9ndez; y alista la comparecencia del nuevo titular de la Secretar\u00eda de Finanzas, Vicente Mendoza Tellez Gir\u00f3n, por desacat\u00f3 a transitorios del\u2026","rel":"","context":"En &quot;Agenda Pol\u00edtica&quot;","block_context":{"text":"Agenda Pol\u00edtica","link":"https:\/\/redaccionoaxaca.com\/index.php\/category\/agenda-politica\/"},"img":{"alt_text":"","src":"","width":0,"height":0},"classes":[]},{"id":15424,"url":"https:\/\/redaccionoaxaca.com\/index.php\/2020\/11\/26\/por-impunidad-en-feminicidios-y-caso-de-sol-jarquin-congreso-cita-a-comparecer-a-fiscal\/","url_meta":{"origin":14228,"position":4},"title":"Por impunidad en feminicidios y caso de  Sol Jarqu\u00edn, Congreso cita a comparecer a Fiscal.","author":"ariadna","date":"noviembre 26, 2020","format":false,"excerpt":"#Redacci\u00f3nOaxaca #Oaxaca Jaime GUERRERO El Congreso del Estado, a propuesta de la bancada del Partido Movimiento de Regeneraci\u00f3n Nacional (Morena), aprob\u00f3 un punto de acuerdo para citar a comparecer a Rub\u00e9n Vasconcelos M\u00e9ndez, titular de la Fiscal\u00eda General del Estado de Oaxaca, para que responda sobre las omisiones en la\u2026","rel":"","context":"En &quot;Agenda Pol\u00edtica&quot;","block_context":{"text":"Agenda Pol\u00edtica","link":"https:\/\/redaccionoaxaca.com\/index.php\/category\/agenda-politica\/"},"img":{"alt_text":"","src":"","width":0,"height":0},"classes":[]},{"id":2289,"url":"https:\/\/redaccionoaxaca.com\/index.php\/2018\/08\/29\/adelantan-glosa-del-informe-de-murat-va-a-comparecencia-tesorero-sinfra-ieepo-y-economia\/","url_meta":{"origin":14228,"position":5},"title":"\u201cAdelantan\u201d glosa del informe de Murat;\u00a0va a comparecencia, Tesorero, Sinfra, IEEPO y Econom\u00eda\u00a0","author":"denise","date":"agosto 29, 2018","format":false,"excerpt":"#Redacci\u00f3nOaxaca \u00a0Jaime GUERRERO Los titulares de la Secretar\u00eda de las Infraestructuras (Sinfra), Fabi\u00e1n Herrera Villag\u00f3mez; del IEEPO, Francisco \u00c1ngel Villareal; de Finanzas, Jorge Gallardo Casas; y Econom\u00eda, Juan Pablo Guzm\u00e1n, comparecer\u00e1n la pr\u00f3xima semana ante el Congreso del Estado, para que rindan cuentas de las acciones que est\u00e1n realizando dentro\u2026","rel":"","context":"En &quot;Agenda Pol\u00edtica&quot;","block_context":{"text":"Agenda Pol\u00edtica","link":"https:\/\/redaccionoaxaca.com\/index.php\/category\/agenda-politica\/"},"img":{"alt_text":"","src":"","width":0,"height":0},"classes":[]}],"_links":{"self":[{"href":"https:\/\/redaccionoaxaca.com\/index.php\/wp-json\/wp\/v2\/posts\/14228","targetHints":{"allow":["GET"]}}],"collection":[{"href":"https:\/\/redaccionoaxaca.com\/index.php\/wp-json\/wp\/v2\/posts"}],"about":[{"href":"https:\/\/redaccionoaxaca.com\/index.php\/wp-json\/wp\/v2\/types\/post"}],"author":[{"embeddable":true,"href":"https:\/\/redaccionoaxaca.com\/index.php\/wp-json\/wp\/v2\/users\/9"}],"replies":[{"embeddable":true,"href":"https:\/\/redaccionoaxaca.com\/index.php\/wp-json\/wp\/v2\/comments?post=14228"}],"version-history":[{"count":3,"href":"https:\/\/redaccionoaxaca.com\/index.php\/wp-json\/wp\/v2\/posts\/14228\/revisions"}],"predecessor-version":[{"id":14233,"href":"https:\/\/redaccionoaxaca.com\/index.php\/wp-json\/wp\/v2\/posts\/14228\/revisions\/14233"}],"wp:attachment":[{"href":"https:\/\/redaccionoaxaca.com\/index.php\/wp-json\/wp\/v2\/media?parent=14228"}],"wp:term":[{"taxonomy":"category","embeddable":true,"href":"https:\/\/redaccionoaxaca.com\/index.php\/wp-json\/wp\/v2\/categories?post=14228"},{"taxonomy":"post_tag","embeddable":true,"href":"https:\/\/redaccionoaxaca.com\/index.php\/wp-json\/wp\/v2\/tags?post=14228"}],"curies":[{"name":"wp","href":"https:\/\/api.w.org\/{rel}","templated":true}]}}