{"id":14237,"date":"2020-09-02T19:05:10","date_gmt":"2020-09-03T00:05:10","guid":{"rendered":"http:\/\/redaccionoaxaca.com\/?p=14237"},"modified":"2020-09-02T19:05:10","modified_gmt":"2020-09-03T00:05:10","slug":"profesor-lanza-campana-para-acopio-de-celulares-los-entrega-semanalmente-en-la-comunidad-donde-se-desempena-como-director-esta-es-la-unica-posibilidad-por-ahora-de-que-los-menores-puedan-continuar-s","status":"publish","type":"post","link":"https:\/\/redaccionoaxaca.com\/index.php\/2020\/09\/02\/profesor-lanza-campana-para-acopio-de-celulares-los-entrega-semanalmente-en-la-comunidad-donde-se-desempena-como-director-esta-es-la-unica-posibilidad-por-ahora-de-que-los-menores-puedan-continuar-s\/","title":{"rendered":"Profesor lanza campa\u00f1a para acopio de celulares, los entrega semanalmente en la comunidad donde se desempe\u00f1a como Director, est\u00e1 es la \u00fanica posibilidad por ahora de que los menores puedan continuar sus estudios."},"content":{"rendered":"<p style=\"text-align: justify;\"><strong>#Redacci\u00f3nOaxaca<\/strong><\/p>\n<p style=\"text-align: justify;\"><strong>#Oaxaca<\/strong><\/p>\n<p style=\"text-align: justify;\"><strong>Maira Ric\u00e1rdez <\/strong><\/p>\n<p style=\"text-align: justify;\">Ejemplos sociales de esfuerzo para apoyar la educaci\u00f3n de menores en situaci\u00f3n de desigualdad han surgido al calor de la pandemia por covid en Oaxaca, un caso connotado es el del director del Plantel No. 17 del Instituto de Estudios de Bachillerato del Estado de Oaxaca (IEBO) Jos\u00e9 Eleazar L\u00f3pez, quien por iniciativa propia lanz\u00f3 una campa\u00f1a para el acopio de tel\u00e9fonos celulares en buen estado, que est\u00e1 yendo a entregar semanalmente a los menores de su comunidad inscritos en el actual curso y que a trav\u00e9s de estos aparatos de re\u00faso tienen la posibilidad de seguir su instrucci\u00f3n acad\u00e9mica.<\/p>\n<p style=\"text-align: justify;\">El Director y docente desde hace 20 a\u00f1os, regres\u00f3 este mi\u00e9rcoles de su localidad, que se ubica a 3 horas de esta ciudad San Pedro El Alto, viene a la capital y dedicar\u00e1 parte de su tiempo en recoger personalmente, equipos m\u00f3viles que la poblaci\u00f3n tenga a bien donar a partir de la campa\u00f1a que el mismo lanzo en su cuenta de Facebook donde aparece con su nombre: Jos\u00e9 Eleazar L\u00f3pez., el volver\u00e1 a San Pedro el pr\u00f3ximo mi\u00e9rcoles.<\/p>\n<p style=\"text-align: justify;\">Tocando puertas, el docente ha conseguido hasta ahora 5 tel\u00e9fonos donados, le hacen falta 20 para el total de alumnos, a trav\u00e9s de esta tecnolog\u00eda los menores pueden acceder al google classroom, whatsapp y Facebook donde los alumnos siguen la din\u00e1mica pedag\u00f3gica que se les va marcando. En el caso del 1er semestre, los alumnos est\u00e1n en curso de nivelaci\u00f3n tambi\u00e9n en l\u00ednea, en general dijo se les est\u00e1 instruyendo a los menores sobre el uso de los tel\u00e9fonos celulares, pues la gran mayor\u00eda nunca hab\u00eda tenido uno, ellos dijo el Director, se manifiestan muy contentos por tener esta oportunidad a partir de una donaci\u00f3n.<\/p>\n<p style=\"text-align: justify;\">Las donaciones las recoge personalmente el Director, usted puede contactarlo en su cuenta de face o en su n\u00famero celular 951 456 62 12, se le solicita a los donadores que acompa\u00f1en el m\u00f3vil preferentemente de su cargador, pues es muy dif\u00edcil en una comunidad alejada tratar de conseguir uno, bastar\u00e1 con que el m\u00f3vil cuente con lo b\u00e1sico, 2 a 4 ram de memoria y memoria o capacidad de 8 gigas.<\/p>\n<p style=\"text-align: justify;\">Una vez con sus tel\u00e9fonos celulares, los j\u00f3venes acuden a un cyber donde por 10 pesos tienen acceso a una hora de internet, que ellos aprovechan para bajar contenidos y subir sus tareas.<\/p>\n","protected":false},"excerpt":{"rendered":"<p>#Redacci\u00f3nOaxaca #Oaxaca Maira Ric\u00e1rdez Ejemplos sociales de esfuerzo para apoyar la educaci\u00f3n de menores en situaci\u00f3n de desigualdad han surgido al calor de la pandemia por covid en Oaxaca, un caso connotado es el del director del Plantel No. 17 del Instituto de Estudios de Bachillerato del Estado de Oaxaca (IEBO) Jos\u00e9 Eleazar L\u00f3pez, quien [&hellip;]<\/p>\n","protected":false},"author":9,"featured_media":0,"comment_status":"open","ping_status":"open","sticky":false,"template":"","format":"standard","meta":{"jetpack_post_was_ever_published":false,"_jetpack_newsletter_access":"","_jetpack_dont_email_post_to_subs":false,"_jetpack_newsletter_tier_id":0,"_jetpack_memberships_contains_paywalled_content":false,"_jetpack_memberships_contains_paid_content":false,"footnotes":"","jetpack_publicize_message":"","jetpack_publicize_feature_enabled":true,"jetpack_social_post_already_shared":false,"jetpack_social_options":{"image_generator_settings":{"template":"highway","default_image_id":0,"font":"","enabled":false},"version":2}},"categories":[7,3,6,1],"tags":[],"class_list":{"0":"post-14237","1":"post","2":"type-post","3":"status-publish","4":"format-standard","6":"category-al-cierre","7":"category-mesa-de-redaccion","8":"category-tendencias","9":"category-uncategorized"},"jetpack_publicize_connections":[],"jetpack_featured_media_url":"","jetpack_sharing_enabled":true,"jetpack_shortlink":"https:\/\/wp.me\/p9Ynjw-3HD","jetpack-related-posts":[{"id":4844,"url":"https:\/\/redaccionoaxaca.com\/index.php\/2019\/01\/09\/no-lo-tires-recicla-y-dona-vida-campana-anual-de-acopio-de-arboles-navidenos-naturales-en-oaxaca\/","url_meta":{"origin":14237,"position":0},"title":"No lo tires, recicla y dona vida; campa\u00f1a anual de acopio de \u00e1rboles navide\u00f1os naturales en Oaxaca.","author":"jaime","date":"enero 9, 2019","format":false,"excerpt":"#Redacci\u00f3nOaxaca #Oaxaca Maira Ric\u00e1rdez *Hay tres centros de acopio en la ciudad y operan de 9 de la ma\u00f1ana a 3 de la tarde La campa\u00f1a \u201cdona un \u00e1rbol, siembra vida\u201d se replica ya cada a\u00f1o en Oaxaca y busca concientizar a la poblaci\u00f3n para ahora que ha pasado la\u2026","rel":"","context":"Entrada similar ","block_context":{"text":"Entrada similar ","link":""},"img":{"alt_text":"","src":"","width":0,"height":0},"classes":[]},{"id":2113,"url":"https:\/\/redaccionoaxaca.com\/index.php\/2018\/08\/17\/explotacion-laboral-infantil-en-oaxaca-sancionada-con-carcel\/","url_meta":{"origin":14237,"position":1},"title":"Explotaci\u00f3n laboral infantil en Oaxaca, sancionada con C\u00e1rcel","author":"denise","date":"agosto 17, 2018","format":false,"excerpt":"#Redacci\u00f3nOaxaca Jaime GUERRERO\u00a0 Por unanimidad, la LXIII Legislatura, aprob\u00f3 reformas a la Ley para Prevenir, Sancionar y Erradicar los Delitos en Materia de Trata de Personas y para la Protecci\u00f3n y Asistencia a las V\u00edctimas de \u00e9stos Delitos en Oaxaca, para incorporar el delito de Explotaci\u00f3n Laboral Infantil, para que\u2026","rel":"","context":"En &quot;Agenda Pol\u00edtica&quot;","block_context":{"text":"Agenda Pol\u00edtica","link":"https:\/\/redaccionoaxaca.com\/index.php\/category\/agenda-politica\/"},"img":{"alt_text":"","src":"","width":0,"height":0},"classes":[]},{"id":20456,"url":"https:\/\/redaccionoaxaca.com\/index.php\/2021\/08\/30\/la-escuela-es-el-sitio-mas-seguro-para-los-menores-en-contexto-de-pandemia-las-alteraciones-por-falta-de-convivencia-arrojan-problemas-mas-graves-que-el-propio-covid-afirma-srio-de-salud-de-oaxaca\/","url_meta":{"origin":14237,"position":2},"title":"La escuela es el sitio m\u00e1s seguro para los menores en contexto de pandemia, las alteraciones por falta de convivencia arrojan problemas m\u00e1s graves que el propio covid, afirma Srio. De Salud de Oaxaca.","author":"ariadna","date":"agosto 30, 2021","format":false,"excerpt":"#Redacci\u00f3nOaxaca #Oaxaca Maira Ric\u00e1rdez Cuestionado sobre el regreso presencial de menores a las aulas en al menos 2 mil 600 escuelas p\u00fablicas y 447 privadas en el Estado pese a encontrarse Oaxaca en sem\u00e1foro naranja, el Secretario de salud en el Estado, Juan Carlos M\u00e1rquez Heine, afirm\u00f3 que la escuela\u2026","rel":"","context":"En &quot;Imagen&quot;","block_context":{"text":"Imagen","link":"https:\/\/redaccionoaxaca.com\/index.php\/category\/imagen\/"},"img":{"alt_text":"","src":"","width":0,"height":0},"classes":[]},{"id":28196,"url":"https:\/\/redaccionoaxaca.com\/index.php\/2022\/10\/10\/entre-8-y-10-mdp-costara-terreno-del-nuevo-tiradero-municipio-lanza-campana-para-nueva-forma-de-acopio-de-residuos-miercoles-inicia-recoleccion-de-organicos-piden-guardar-inorganicos\/","url_meta":{"origin":14237,"position":3},"title":"Entre 8 y 10 mdp costar\u00e1 terreno del nuevo tiradero; Municipio lanza campa\u00f1a para nueva forma de acopio de residuos; mi\u00e9rcoles inicia  recolecci\u00f3n de org\u00e1nicos, piden guardar inorg\u00e1nicos","author":"ariadna","date":"octubre 10, 2022","format":false,"excerpt":"#Redacci\u00f3nOaxaca #Oaxaca Maira Ric\u00e1rdez El Municipio de Oaxaca de Ju\u00e1rez cuenta con un espacio designado para el acopio de residuos org\u00e1nicos y hay la capacidad para transportarlos, mientras que los inorg\u00e1nicos deber\u00e1n de ser acopiados en casa y de acuerdo al avance de las gestiones, este mismo fin de semana\u2026","rel":"","context":"En &quot;Imagen&quot;","block_context":{"text":"Imagen","link":"https:\/\/redaccionoaxaca.com\/index.php\/category\/imagen\/"},"img":{"alt_text":"","src":"","width":0,"height":0},"classes":[]},{"id":5699,"url":"https:\/\/redaccionoaxaca.com\/index.php\/2019\/03\/08\/albergues-para-mujeres-diferencia-entre-la-vida-y-la-muerte-urgente-que-autoridades-creen-medidas-para-la-existencia-y-funcionamiento-de-los-mismos\/","url_meta":{"origin":14237,"position":4},"title":"Albergues para mujeres, diferencia entre la vida y la muerte; urgente que autoridades creen medidas para la existencia y funcionamiento de los mismos.","author":"jaime","date":"marzo 8, 2019","format":false,"excerpt":"#Redacci\u00f3nOaxaca #Oaxaca Maira Ric\u00e1rdez Es la voz de la Directora del Centro de Justicia para las Mujeres (CEJUM) del Estado de Oaxaca Jhazibe Valencia, quien como titular de una instancia encargada de la protecci\u00f3n a mujeres v\u00edctimas de violencia, manifiesta su inconformidad por la sola posibilidad de que los espacios\u2026","rel":"","context":"Entrada similar ","block_context":{"text":"Entrada similar ","link":""},"img":{"alt_text":"","src":"","width":0,"height":0},"classes":[]},{"id":16139,"url":"https:\/\/redaccionoaxaca.com\/index.php\/2021\/01\/11\/alista-semaedeso-campana-de-acopio-de-arboles-navidenos-naturales\/","url_meta":{"origin":14237,"position":5},"title":"Alista Semaedeso campa\u00f1a de acopio de \u00e1rboles navide\u00f1os naturales.","author":"ariadna","date":"enero 11, 2021","format":false,"excerpt":"#Redacci\u00f3nOaxaca #Oaxaca Bajo el nombre \u201cRecicla un \u00e1rbol, siembra vida\u201d, el Gobierno del Estado de Oaxaca a trav\u00e9s de la Secretar\u00eda del Medio Ambiente, Energ\u00edas y Desarrollo Sustentable (Semaedeso) en coordinaci\u00f3n con la Comisi\u00f3n Estatal Forestal (Coesfo), realizar\u00e1 por octavo a\u00f1o consecutivo la campa\u00f1a de acopio de \u00e1rboles navide\u00f1os naturales.\u2026","rel":"","context":"En &quot;Al Cierre&quot;","block_context":{"text":"Al Cierre","link":"https:\/\/redaccionoaxaca.com\/index.php\/category\/al-cierre\/"},"img":{"alt_text":"","src":"https:\/\/i0.wp.com\/redaccionoaxaca.com\/wp-content\/uploads\/2021\/01\/IMG-20210111-WA0054-300x200.jpg?resize=350%2C200","width":350,"height":200},"classes":[]}],"_links":{"self":[{"href":"https:\/\/redaccionoaxaca.com\/index.php\/wp-json\/wp\/v2\/posts\/14237","targetHints":{"allow":["GET"]}}],"collection":[{"href":"https:\/\/redaccionoaxaca.com\/index.php\/wp-json\/wp\/v2\/posts"}],"about":[{"href":"https:\/\/redaccionoaxaca.com\/index.php\/wp-json\/wp\/v2\/types\/post"}],"author":[{"embeddable":true,"href":"https:\/\/redaccionoaxaca.com\/index.php\/wp-json\/wp\/v2\/users\/9"}],"replies":[{"embeddable":true,"href":"https:\/\/redaccionoaxaca.com\/index.php\/wp-json\/wp\/v2\/comments?post=14237"}],"version-history":[{"count":1,"href":"https:\/\/redaccionoaxaca.com\/index.php\/wp-json\/wp\/v2\/posts\/14237\/revisions"}],"predecessor-version":[{"id":14239,"href":"https:\/\/redaccionoaxaca.com\/index.php\/wp-json\/wp\/v2\/posts\/14237\/revisions\/14239"}],"wp:attachment":[{"href":"https:\/\/redaccionoaxaca.com\/index.php\/wp-json\/wp\/v2\/media?parent=14237"}],"wp:term":[{"taxonomy":"category","embeddable":true,"href":"https:\/\/redaccionoaxaca.com\/index.php\/wp-json\/wp\/v2\/categories?post=14237"},{"taxonomy":"post_tag","embeddable":true,"href":"https:\/\/redaccionoaxaca.com\/index.php\/wp-json\/wp\/v2\/tags?post=14237"}],"curies":[{"name":"wp","href":"https:\/\/api.w.org\/{rel}","templated":true}]}}