{"id":14270,"date":"2020-09-05T19:38:51","date_gmt":"2020-09-06T00:38:51","guid":{"rendered":"http:\/\/redaccionoaxaca.com\/?p=14270"},"modified":"2020-09-05T19:38:51","modified_gmt":"2020-09-06T00:38:51","slug":"4t-no-esta-en-riesgo-porque-pri-presida-la-mesa-directiva-de-la-camara-de-diputados-morena-voto-por-la-legalidad-afirman","status":"publish","type":"post","link":"https:\/\/redaccionoaxaca.com\/index.php\/2020\/09\/05\/4t-no-esta-en-riesgo-porque-pri-presida-la-mesa-directiva-de-la-camara-de-diputados-morena-voto-por-la-legalidad-afirman\/","title":{"rendered":"4T no est\u00e1 en riesgo porque PRI presida la Mesa Directiva de la C\u00e1mara de Diputados; Morena vot\u00f3 por la legalidad, afirman."},"content":{"rendered":"<p style=\"text-align: justify;\"><strong>#Redacci\u00f3nOaxaca<\/strong><\/p>\n<p style=\"text-align: justify;\"><strong>#Oaxaca<\/strong><\/p>\n<p><strong>Jaime GUERRERO<\/strong><\/p>\n<p style=\"text-align: justify;\">Luego de la pol\u00e9mica que se gener\u00f3 el diputado del Partido del Trabajo (PT), Gerardo Fern\u00e1ndez Noro\u00f1a, por el voto de la bancada del Partido Movimiento de Regeneraci\u00f3n Nacional, a favor de que, el Partido Revolucionario Institucional (PRI), presidiera la Mesa Directiva de la LXIV Legislatura Federal, diputados federales oaxaque\u00f1os de Morena, salieron al paso de las cr\u00edticas y afirmaron que votaron a favor de la legalidad y para acatar la rotaci\u00f3n de dicho cargo como lo<br \/>\nestablece la Ley Org\u00e1nica del Congreso de la Uni\u00f3n.<\/p>\n<p style=\"text-align: justify;\">Los diputados federales de MORENA dimos nuestro apoyo a la propuesta de la Junta de Coordinaci\u00f3n Pol\u00edtica para elegir a la Mesa Directiva de la C\u00e1mara de Diputados, pero fue un voto a favor de la legalidad como lo establece la Ley Org\u00e1nica del Congreso de la Uni\u00f3n en su art\u00edculo 17, numerales 7 y 8, exactamente de la misma manera en que ocurri\u00f3 en los dos a\u00f1os anteriores en que presidi\u00f3 nuestro partido MORENA y posteriormente el PAN, destac\u00f3 Carol Antonio Altamirano.<\/p>\n<p style=\"text-align: justify;\">Antonio Altamirano, afirm\u00f3 que la Cuarta Transformaci\u00f3n no est\u00e1 en riesgo porque el PRI presida la Mesa Directiva de la C\u00e1mara de Diputados, pues este es un \u00f3rgano colegiado en donde existe el voto ponderado, y adem\u00e1s debemos precisar que MORENA preside la Junta de Coordinaci\u00f3n Pol\u00edtica y tiene mayor\u00eda en la C\u00e1mara.<\/p>\n<p style=\"text-align: justify;\">Asegur\u00f3 que En Oaxaca y en el pa\u00eds son una mayor\u00eda responsable, comprometida con el proyecto del Presidente Andr\u00e9s Manuel L\u00f3pez Obrador y la Cuarta Transformaci\u00f3n, por ello actuaron con apego a la Ley para tener autoridad<br \/>\npol\u00edtica y seguir regenerando la vida p\u00fablica de M\u00e9xico.<\/p>\n<p style=\"text-align: justify;\">\u201c<em>Nuestro voto tiene ra\u00edces democr\u00e1ticas porque tambi\u00e9n hemos sido minor\u00eda y no quisimos hacer lo que vivimos en el pasado cuando las mayor\u00edas torc\u00edan las leyes y desconoc\u00edan el pluralismo pol\u00edtico. En suma, nosotros elegimos no torcer la Ley en beneficio de intereses personales o de grupo\u201d,<\/em> ataj\u00f3.<\/p>\n<p style=\"text-align: justify;\">Ahora que MORENA es mayor\u00eda, estamos demostrando que no somos iguales y<br \/>\nque nosotros s\u00ed sabemos subordinar las aspiraciones personales a los principios de legalidad y de civilidad democr\u00e1tica, apunt\u00f3.<\/p>\n<p style=\"text-align: justify;\">Los ataques de los que hemos sido blanco por actuar con \u00e9tica y respecto a la<br \/>\nlegalidad, as\u00ed como atendiendo al llamado respetuoso que nos hizo el ciudadano<br \/>\nPresidente Andr\u00e9s Manuel L\u00f3pez Obrador, son infundados y mal intencionados, destac\u00f3.<\/p>\n<p style=\"text-align: justify;\">El pronunciamiento fue avalado por los DIPUTADOS FEDERALES DE MORENA por OAXACA, Azael Santiago Chepi, Ir\u00e1n Santiago Manuel, Alejandro Ponce Cobos, Jorge \u00c1ngel Sibaja Mendoza, Graciela Zavaleta S\u00e1nchez, Virginia Merino Garc\u00eda, Rosalinda Dom\u00ednguez Flores e Irineo Molina Espinoza.<\/p>\n<p style=\"text-align: justify;\">Prometieron seguir trabajando por el bienestar de la sociedad y haciendo valer sus puntos de vista con apego a la ley y a la raz\u00f3n.<\/p>\n","protected":false},"excerpt":{"rendered":"<p>#Redacci\u00f3nOaxaca #Oaxaca Jaime GUERRERO Luego de la pol\u00e9mica que se gener\u00f3 el diputado del Partido del Trabajo (PT), Gerardo Fern\u00e1ndez Noro\u00f1a, por el voto de la bancada del Partido Movimiento de Regeneraci\u00f3n Nacional, a favor de que, el Partido Revolucionario Institucional (PRI), presidiera la Mesa Directiva de la LXIV Legislatura Federal, diputados federales oaxaque\u00f1os de [&hellip;]<\/p>\n","protected":false},"author":9,"featured_media":0,"comment_status":"open","ping_status":"open","sticky":false,"template":"","format":"standard","meta":{"jetpack_post_was_ever_published":false,"_jetpack_newsletter_access":"","_jetpack_dont_email_post_to_subs":false,"_jetpack_newsletter_tier_id":0,"_jetpack_memberships_contains_paywalled_content":false,"_jetpack_memberships_contains_paid_content":false,"footnotes":"","jetpack_publicize_message":"","jetpack_publicize_feature_enabled":true,"jetpack_social_post_already_shared":false,"jetpack_social_options":{"image_generator_settings":{"template":"highway","default_image_id":0,"font":"","enabled":false},"version":2}},"categories":[4,3,6,1],"tags":[],"class_list":{"0":"post-14270","1":"post","2":"type-post","3":"status-publish","4":"format-standard","6":"category-agenda-politica","7":"category-mesa-de-redaccion","8":"category-tendencias","9":"category-uncategorized"},"jetpack_publicize_connections":[],"jetpack_featured_media_url":"","jetpack_sharing_enabled":true,"jetpack_shortlink":"https:\/\/wp.me\/p9Ynjw-3Ia","jetpack-related-posts":[{"id":15708,"url":"https:\/\/redaccionoaxaca.com\/index.php\/2020\/12\/10\/entre-reclamos-de-violentar-paridad-en-todo-morena-acuerda-con-pri-pt-y-eligieron-nueva-mesa-directiva-del-congreso\/","url_meta":{"origin":14270,"position":0},"title":"VIDEO: Entre reclamos de violentar paridad en todo, Morena acuerda   con PRI-PT y eligieron nueva mesa directiva del Congreso.","author":"ariadna","date":"diciembre 10, 2020","format":"video","excerpt":"#Redacci\u00f3nOaxaca #Oaxaca Jaime GUERRERO Luego de cuatro semanas de disensos, por fin \u00e9ste mi\u00e9rcoles, la bancada del Partido Movimiento de Regeneraci\u00f3n Nacional (Morena), logr\u00f3 conciliar posiciones al seno del Poder Legislativo y junto con el PRI y el PT, lograron juntar en demas\u00eda (37) los votos de mayor\u00eda calificada para\u2026","rel":"","context":"En &quot;Agenda Pol\u00edtica&quot;","block_context":{"text":"Agenda Pol\u00edtica","link":"https:\/\/redaccionoaxaca.com\/index.php\/category\/agenda-politica\/"},"img":{"alt_text":"","src":"","width":0,"height":0},"classes":[]},{"id":9189,"url":"https:\/\/redaccionoaxaca.com\/index.php\/2019\/11\/14\/violentando-el-reglamento-y-ley-organica-del-legislativo-pt-recibira-y-constara-informe-de-murat-pri-mor-complices\/","url_meta":{"origin":14270,"position":1},"title":"Violentando el reglamento y ley org\u00e1nica del Legislativo, PT recibir\u00e1 y constar\u00e1 informe de Murat; PRI-Mor c\u00f3mplices.","author":"ariadna","date":"noviembre 14, 2019","format":false,"excerpt":"#Redacci\u00f3nOaxaca #Oaxaca Jaime GUERRERO Frente a la indefinici\u00f3n de la bancada del Partido Revolucionario Institucional (PRI), respecto a qui\u00e9n de sus diputados de la LXIV Legislatura, presidir\u00e1 la Presidencia de la Mesa Directiva, y a sugerencia del propio diputado del Partido del Trabajo (PT), C\u00e9sar Morales Ni\u00f1o, el petista continuar\u00e1\u2026","rel":"","context":"Entrada similar ","block_context":{"text":"Entrada similar ","link":""},"img":{"alt_text":"","src":"","width":0,"height":0},"classes":[]},{"id":9276,"url":"https:\/\/redaccionoaxaca.com\/index.php\/2019\/11\/21\/entre-berrinche-de-diputada-de-morena-pri-asume-mesa-y-morena-la-jucopo\/","url_meta":{"origin":14270,"position":2},"title":"Entre berrinche de diputada de Morena,  PRI asume Mesa y Morena la Jucopo.","author":"ariadna","date":"noviembre 21, 2019","format":false,"excerpt":"#Redacci\u00f3nOaxaca #Oaxaca Jaime GUERRERO Pese al berrinche de m\u00e1s de una diputada, \u00e9ste mi\u00e9rcoles, el pleno de la LXIV Legislatura, eligi\u00f3 al pri\u00edsta, Jorge Villaca\u00f1a Jim\u00e9nez, como presidente de la Mesa Directiva, al resto de los integrantes de ese \u00f3rgano de gobierno del Poder Legislativo y posteriormente, el diputado de\u2026","rel":"","context":"Entrada similar ","block_context":{"text":"Entrada similar ","link":""},"img":{"alt_text":"","src":"","width":0,"height":0},"classes":[]},{"id":9171,"url":"https:\/\/redaccionoaxaca.com\/index.php\/2019\/11\/13\/en-el-aire-nueva-mesa-directiva-para-segundo-ano-de-la-lxiv-legislatura-pt-truncaria-su-acuerdo-y-toca-al-pri\/","url_meta":{"origin":14270,"position":3},"title":"En el aire nueva Mesa Directiva para segundo a\u00f1o de\u00a0  la LXIV Legislatura; PT truncar\u00eda su acuerdo, y toca al PRI.","author":"ariadna","date":"noviembre 13, 2019","format":false,"excerpt":"#Redacci\u00f3nOaxaca #Oaxaca\u00a0 Jaime GUERRERO\u00a0 \u00a0La designaci\u00f3n de la Presidencia de la Mesa Directiva de LXIV Legislatura, para el segundo a\u00f1o de ejercicio legal, \u00e9sta en el aire. Legalmente le corresponde a la bancada del Partido Revolucionario Institucional (PRI), no obstante, el Partido del Trabajo -arropado por la bancada de Morena-\u2026","rel":"","context":"Entrada similar ","block_context":{"text":"Entrada similar ","link":""},"img":{"alt_text":"","src":"","width":0,"height":0},"classes":[]},{"id":9237,"url":"https:\/\/redaccionoaxaca.com\/index.php\/2019\/11\/19\/pri-a-la-mesa-directiva-confirma-aviles-jorge-villacana-el-perfilado\/","url_meta":{"origin":14270,"position":4},"title":"PRI a la Mesa Directiva, confirma Avil\u00e9s; Jorge Villaca\u00f1a el perfilado.","author":"ariadna","date":"noviembre 19, 2019","format":"video","excerpt":"#Redacci\u00f3nOaxaca #Oaxaca Jaime GUERRERO El coordinador de los diputados de la bancada del Partido Revolucionario Institutocional, Alejandro Avil\u00e9s \u00c1lvarez, confirm\u00f3 que ser\u00e1 el PRI quien asuma la presidencia de la Mesa Directiva de la LXIV Legislatura, y ser\u00e1 en la pr\u00f3xima sesi\u00f3n cuando se d\u00e9 cumplimiento a lo mandatado por\u2026","rel":"","context":"Entrada similar ","block_context":{"text":"Entrada similar ","link":""},"img":{"alt_text":"","src":"","width":0,"height":0},"classes":[]},{"id":15651,"url":"https:\/\/redaccionoaxaca.com\/index.php\/2020\/12\/08\/no-hay-candidatas-a-presidir-la-mesa-directiva-que-reuna-28-votos-y-disputa-obedece-mas-a-lucimiento-personal-jorge-villacana\/","url_meta":{"origin":14270,"position":5},"title":"No hay candidatas a presidir la Mesa Directiva que re\u00fana 28 votos\u00a0y disputa obedece m\u00e1s a lucimiento personal: Jorge Villaca\u00f1a.","author":"ariadna","date":"diciembre 8, 2020","format":false,"excerpt":"#Redacci\u00f3nOaxaca #Oaxaca Jaime GUERRERO\u00a0 El Presidente de la Mesa Directiva, Jorge Villaca\u00f1a Jim\u00e9nez, confes\u00f3 que hasta el momento no existe alguna diputada candidata en presidir la Mesa Directiva, que re\u00fana los 28 votos para ser electa y eso ha entrampado a las fracciones, adem\u00e1s de que la disputa de ese\u2026","rel":"","context":"En &quot;Agenda Pol\u00edtica&quot;","block_context":{"text":"Agenda Pol\u00edtica","link":"https:\/\/redaccionoaxaca.com\/index.php\/category\/agenda-politica\/"},"img":{"alt_text":"","src":"","width":0,"height":0},"classes":[]}],"_links":{"self":[{"href":"https:\/\/redaccionoaxaca.com\/index.php\/wp-json\/wp\/v2\/posts\/14270","targetHints":{"allow":["GET"]}}],"collection":[{"href":"https:\/\/redaccionoaxaca.com\/index.php\/wp-json\/wp\/v2\/posts"}],"about":[{"href":"https:\/\/redaccionoaxaca.com\/index.php\/wp-json\/wp\/v2\/types\/post"}],"author":[{"embeddable":true,"href":"https:\/\/redaccionoaxaca.com\/index.php\/wp-json\/wp\/v2\/users\/9"}],"replies":[{"embeddable":true,"href":"https:\/\/redaccionoaxaca.com\/index.php\/wp-json\/wp\/v2\/comments?post=14270"}],"version-history":[{"count":1,"href":"https:\/\/redaccionoaxaca.com\/index.php\/wp-json\/wp\/v2\/posts\/14270\/revisions"}],"predecessor-version":[{"id":14272,"href":"https:\/\/redaccionoaxaca.com\/index.php\/wp-json\/wp\/v2\/posts\/14270\/revisions\/14272"}],"wp:attachment":[{"href":"https:\/\/redaccionoaxaca.com\/index.php\/wp-json\/wp\/v2\/media?parent=14270"}],"wp:term":[{"taxonomy":"category","embeddable":true,"href":"https:\/\/redaccionoaxaca.com\/index.php\/wp-json\/wp\/v2\/categories?post=14270"},{"taxonomy":"post_tag","embeddable":true,"href":"https:\/\/redaccionoaxaca.com\/index.php\/wp-json\/wp\/v2\/tags?post=14270"}],"curies":[{"name":"wp","href":"https:\/\/api.w.org\/{rel}","templated":true}]}}