{"id":14273,"date":"2020-09-06T20:06:54","date_gmt":"2020-09-07T01:06:54","guid":{"rendered":"http:\/\/redaccionoaxaca.com\/?p=14273"},"modified":"2020-09-06T20:06:54","modified_gmt":"2020-09-07T01:06:54","slug":"amarillo-no-significa-agarrar-carrera-para-todos-lados-arzobispo","status":"publish","type":"post","link":"https:\/\/redaccionoaxaca.com\/index.php\/2020\/09\/06\/amarillo-no-significa-agarrar-carrera-para-todos-lados-arzobispo\/","title":{"rendered":"Amarillo no significa agarrar carrera para todos lados: arzobispo."},"content":{"rendered":"<p style=\"text-align: justify;\"><strong>#Redacci\u00f3nOaxaca<\/strong><\/p>\n<p style=\"text-align: justify;\"><strong>#Oaxaca<\/strong><\/p>\n<p style=\"text-align: justify;\"><strong>Sayra Cruz<\/strong><\/p>\n<p style=\"text-align: justify;\">El arzopispo de la Arquidi\u00f3cesis de Antequera, Pedro V\u00e1squez Villalobos, volvi\u00f3 a reiterar el llamado a cuidarse en medio de la pandemia por Covid-19 y no agarrar carrera para todos lados.<\/p>\n<p style=\"text-align: justify;\">Aunque la autoridad sanitaria ubic\u00f3 a Oaxaca en sem\u00e1foro amarillo por riesgo del virus, el prelado recomend\u00f3 dejar los colores de lado y cuidarse.<\/p>\n<p style=\"text-align: justify;\">En el tercer domingo de apertura de la Catedral para la misa de las 12 del medio d\u00eda con un 20 por ciento del aforo, reconoci\u00f3 la importancia de la gente, de los creyentes.<\/p>\n<p style=\"text-align: justify;\">Ante eso y para seguir abonando a la nueva normalidad, pidi\u00f3 a todos cuidarse y preocuparse el uno por el otro.<\/p>\n<p style=\"text-align: justify;\">Por ello, recomendo cuidarse hoy, ma\u00f1ana y siempre.<\/p>\n<p style=\"text-align: justify;\">&#8220;<em>Amarillo no significa agarrar carrera para todos lados, descuidarnos, y si alg\u00fan d\u00eda nos dicen que estamos en verde, no significa descuido \u00a1no! Tendremos que cuidarnos hoy, ma\u00f1ana y siempre.\u00a0 Y es un signo del amor. Ojal\u00e1 y Dios nos ayude a todos y nos proteja&#8221;.\u00a0<\/em><\/p>\n<p style=\"text-align: justify;\">A eso abund\u00f3 que cuando a la gente le\u00a0 llega cerquita la muerte es de mucho dolor.<\/p>\n<p style=\"text-align: justify;\"><em>&#8220;Hoy, nosotros como sacerdotes, nos duele la muerte de un hermano, de un hermano nuestro. Tan necesitados de sacerdotes y ahora tenemos qu\u00e9 decir: uno menos.\u00a0 Desde all\u00e1 celebrar\u00e1 las Bodas con el Cordero. Cuando perdemos a un ser querido, qu\u00e9 dif\u00edcil ese momento&#8221;.\u00a0<\/em><\/p>\n<p style=\"text-align: justify;\">Monse\u00f1or en su misa de domingo pidio a Dios fortalecer a la gente que d\u00e9 animos para\u00a0 vivir con la esperanza, la esperanza de que las cosas van a ir mejorando.<\/p>\n","protected":false},"excerpt":{"rendered":"<p>#Redacci\u00f3nOaxaca #Oaxaca Sayra Cruz El arzopispo de la Arquidi\u00f3cesis de Antequera, Pedro V\u00e1squez Villalobos, volvi\u00f3 a reiterar el llamado a cuidarse en medio de la pandemia por Covid-19 y no agarrar carrera para todos lados. Aunque la autoridad sanitaria ubic\u00f3 a Oaxaca en sem\u00e1foro amarillo por riesgo del virus, el prelado recomend\u00f3 dejar los colores [&hellip;]<\/p>\n","protected":false},"author":9,"featured_media":0,"comment_status":"open","ping_status":"open","sticky":false,"template":"","format":"standard","meta":{"jetpack_post_was_ever_published":false,"_jetpack_newsletter_access":"","_jetpack_dont_email_post_to_subs":false,"_jetpack_newsletter_tier_id":0,"_jetpack_memberships_contains_paywalled_content":false,"_jetpack_memberships_contains_paid_content":false,"footnotes":"","jetpack_publicize_message":"","jetpack_publicize_feature_enabled":true,"jetpack_social_post_already_shared":false,"jetpack_social_options":{"image_generator_settings":{"template":"highway","default_image_id":0,"font":"","enabled":false},"version":2}},"categories":[3,6,1],"tags":[],"class_list":{"0":"post-14273","1":"post","2":"type-post","3":"status-publish","4":"format-standard","6":"category-mesa-de-redaccion","7":"category-tendencias","8":"category-uncategorized"},"jetpack_publicize_connections":[],"jetpack_featured_media_url":"","jetpack_sharing_enabled":true,"jetpack_shortlink":"https:\/\/wp.me\/p9Ynjw-3Id","jetpack-related-posts":[{"id":23707,"url":"https:\/\/redaccionoaxaca.com\/index.php\/2022\/01\/28\/la-cruz-roja-alerta-sobre-gran-movilidad-en-oaxaca-alta-ingesta-de-alcohol-se-evidencia-en-el-numero-y-tipo-de-accidentes-pacientes-cronicos-estan-agravandose-porque-dejaron-de-cuidarse-invaluable-e\/","url_meta":{"origin":14273,"position":0},"title":"La Cruz Roja alerta sobre gran movilidad en Oaxaca; alta ingesta de alcohol se evidencia en el n\u00famero y tipo de accidentes, pacientes cr\u00f3nicos est\u00e1n agrav\u00e1ndose porque dejaron de cuidarse invaluable en el combate.","author":"ariadna","date":"enero 28, 2022","format":false,"excerpt":"#Redacci\u00f3nOaxaca #Oaxaca #MairaRic\u00e1rdezLuna La Cruz Roja Mexicana delegaci\u00f3n Oaxaca, ha tenido bajas tambi\u00e9n en este per\u00edodo de covid en el sentido de ausencias laborales por contagios y solicitud de permisos ante el temor de rescatistas y param\u00e9dicos de contagiarse cuando brindan los servicios de emergencia; las 10 delegaciones en la\u2026","rel":"","context":"En &quot;Mesa de Redacci\u00f3n&quot;","block_context":{"text":"Mesa de Redacci\u00f3n","link":"https:\/\/redaccionoaxaca.com\/index.php\/category\/mesa-de-redaccion\/"},"img":{"alt_text":"","src":"","width":0,"height":0},"classes":[]},{"id":24972,"url":"https:\/\/redaccionoaxaca.com\/index.php\/2022\/04\/07\/inicia-este-viernes-la-fiesta-de-semana-santa-en-oaxaca-de-juarez\/","url_meta":{"origin":14273,"position":1},"title":"Inicia este viernes la fiesta de semana Santa en Oaxaca de Ju\u00e1rez.","author":"ariadna","date":"abril 7, 2022","format":"video","excerpt":"#Redacci\u00f3nOaxaca #Oaxaca Maira Ric\u00e1rdez *Para una gran celebraci\u00f3n la coordinaci\u00f3n ha sido integral con la iglesia, pero ademas con \u00e1reas de limpieza, vialidad y seguridad; en breve ser\u00e1 habilitada una agencia del MP en el ADO Las actividades de semana Santa en Oaxaca representan una estrecha coordinaci\u00f3n de esfuerzos, barrido,\u2026","rel":"","context":"En &quot;Imagen&quot;","block_context":{"text":"Imagen","link":"https:\/\/redaccionoaxaca.com\/index.php\/category\/imagen\/"},"img":{"alt_text":"","src":"","width":0,"height":0},"classes":[]},{"id":11401,"url":"https:\/\/redaccionoaxaca.com\/index.php\/2020\/03\/25\/murat-estima-en-800-las-personas-que-necesiten-ciudadanos-intensivos-por-covid19-en-oaxaca-sso-comprara-10-mil-pruebas-rapidas-para-detectarlo\/","url_meta":{"origin":14273,"position":2},"title":"Murat estima en 800, las personas que necesiten ciudadanos intensivos por COVID19 en Oaxaca; SSO comprar\u00e1 10 mil pruebas r\u00e1pidas para detectarlo.","author":"ariadna","date":"marzo 25, 2020","format":"video","excerpt":"#Redacci\u00f3nOaxaca #Oaxaca Jaime GUERRERO El titular de los Servicios de Salud de Oaxaca (SSO), Donato Casas Escamilla, inform\u00f3 que han iniciado con proceso de compra de 10 mil pruebas r\u00e1pidas para detectar a posibles personas infectadas con los s\u00edntomas del COVID19. Acompa\u00f1ado del Gobernador, Alejandro Murat Hinojosa, aclar\u00f3 que el\u2026","rel":"","context":"Entrada similar ","block_context":{"text":"Entrada similar ","link":""},"img":{"alt_text":"","src":"","width":0,"height":0},"classes":[]},{"id":15857,"url":"https:\/\/redaccionoaxaca.com\/index.php\/2020\/12\/18\/volvio-a-nacer-cuando-logro-liberarse-de-las-fauces-del-cocodrilo-habitante-de-cozoaltepec-narra-su-historia-y-clama-ahora-por-ayuda-ciudadana\/","url_meta":{"origin":14273,"position":3},"title":"Volvi\u00f3 a nacer cuando logr\u00f3 liberarse de las fauces del cocodrilo, habitante de Cozoaltepec narra su historia y clama ahora por ayuda ciudadana.","author":"ariadna","date":"diciembre 18, 2020","format":false,"excerpt":"#Redacci\u00f3nOaxaca #Oaxaca Maira Ric\u00e1rdez *Tarjeta Bancoopel 4169 1604 8837 8382. Como originario Coste\u00f1o hab\u00eda escuchado entre mitos y leyendas el consejo que le salv\u00f3 la vida, Tom\u00e1s Hern\u00e1ndez R\u00edos es el hombre que fue atacado el pasado lunes 14 de este mes de diciembre, por un cocodrilo de aproximadamente 3\u2026","rel":"","context":"En &quot;Al Cierre&quot;","block_context":{"text":"Al Cierre","link":"https:\/\/redaccionoaxaca.com\/index.php\/category\/al-cierre\/"},"img":{"alt_text":"","src":"https:\/\/i0.wp.com\/redaccionoaxaca.com\/wp-content\/uploads\/2020\/12\/WhatsApp-Image-2020-12-18-at-12.06.12-PM-300x225.jpeg?resize=350%2C200","width":350,"height":200},"classes":[]},{"id":28384,"url":"https:\/\/redaccionoaxaca.com\/index.php\/2022\/10\/20\/4-panteones-estaran-abiertos-en-dia-de-muertos-el-san-miguel-sera-por-citas\/","url_meta":{"origin":14273,"position":4},"title":"4 panteones estar\u00e1n abiertos en D\u00eda de Muertos; el San Miguel ser\u00e1 por citas","author":"ariadna","date":"octubre 20, 2022","format":false,"excerpt":"#Redacci\u00f3nOaxaca #Oaxaca SAYRA CRUZ 4 de los 5 panteones de la ciudad de Oaxaca, estar\u00e1n abiertos para la festividad de D\u00eda de Muertos con excepci\u00f3n del San Miguel, por los da\u00f1os estructurales severos que presenta, situaci\u00f3n que lo hace inseguro para la gente. En el caso de los panteones, Xochimilco,\u2026","rel":"","context":"En &quot;Imagen&quot;","block_context":{"text":"Imagen","link":"https:\/\/redaccionoaxaca.com\/index.php\/category\/imagen\/"},"img":{"alt_text":"","src":"","width":0,"height":0},"classes":[]},{"id":35811,"url":"https:\/\/redaccionoaxaca.com\/index.php\/2025\/02\/24\/en-nuevo-episodio-jara-pide-a-jose-alejandro-murat-serenarse-ya-son-morenos-y-sugiere-a-dirigencia-de-morena-derecho-de-admision\/","url_meta":{"origin":14273,"position":5},"title":"En nuevo episodio, Jara pide a Jos\u00e9-Alejandro Murat \u201cserenarse, ya son morenos\u201d y sugiere a dirigencia de Morena, derecho de admisi\u00f3n","author":"ariadna","date":"febrero 24, 2025","format":false,"excerpt":"#Redacci\u00f3nOaxaca #Oaxaca Jaime GUERRERO En un nuevo episodio de la confrontaci\u00f3n pol\u00edtica-medi\u00e1tica y tras las declaraciones del exgobernador, Alejandro Murat Hinojosa, el Gobernador, Salom\u00f3n Jara Cruz, recomend\u00f3 serenidad. \u201c\u00a1Serenos Moreno!, \u00bfno qu\u00e9 ya son morenistas, pues?. Sonr\u00edan no se enojen\u201d, lanz\u00f3. No obstante, consider\u00f3 que en el Movimiento de Regeneraci\u00f3n\u2026","rel":"","context":"En &quot;Agenda Pol\u00edtica&quot;","block_context":{"text":"Agenda Pol\u00edtica","link":"https:\/\/redaccionoaxaca.com\/index.php\/category\/agenda-politica\/"},"img":{"alt_text":"","src":"","width":0,"height":0},"classes":[]}],"_links":{"self":[{"href":"https:\/\/redaccionoaxaca.com\/index.php\/wp-json\/wp\/v2\/posts\/14273","targetHints":{"allow":["GET"]}}],"collection":[{"href":"https:\/\/redaccionoaxaca.com\/index.php\/wp-json\/wp\/v2\/posts"}],"about":[{"href":"https:\/\/redaccionoaxaca.com\/index.php\/wp-json\/wp\/v2\/types\/post"}],"author":[{"embeddable":true,"href":"https:\/\/redaccionoaxaca.com\/index.php\/wp-json\/wp\/v2\/users\/9"}],"replies":[{"embeddable":true,"href":"https:\/\/redaccionoaxaca.com\/index.php\/wp-json\/wp\/v2\/comments?post=14273"}],"version-history":[{"count":1,"href":"https:\/\/redaccionoaxaca.com\/index.php\/wp-json\/wp\/v2\/posts\/14273\/revisions"}],"predecessor-version":[{"id":14275,"href":"https:\/\/redaccionoaxaca.com\/index.php\/wp-json\/wp\/v2\/posts\/14273\/revisions\/14275"}],"wp:attachment":[{"href":"https:\/\/redaccionoaxaca.com\/index.php\/wp-json\/wp\/v2\/media?parent=14273"}],"wp:term":[{"taxonomy":"category","embeddable":true,"href":"https:\/\/redaccionoaxaca.com\/index.php\/wp-json\/wp\/v2\/categories?post=14273"},{"taxonomy":"post_tag","embeddable":true,"href":"https:\/\/redaccionoaxaca.com\/index.php\/wp-json\/wp\/v2\/tags?post=14273"}],"curies":[{"name":"wp","href":"https:\/\/api.w.org\/{rel}","templated":true}]}}