{"id":14279,"date":"2020-09-07T13:56:56","date_gmt":"2020-09-07T18:56:56","guid":{"rendered":"http:\/\/redaccionoaxaca.com\/?p=14279"},"modified":"2020-09-07T13:56:56","modified_gmt":"2020-09-07T18:56:56","slug":"la-seccion-22-del-snte-dio-inicio-este-lunes-con-su-ciclo-escolar-2020-2021-a-dos-semana-de-que-la-secretaria-de-educacion-publica-sep-comenzara-con-el-calendario-oficial","status":"publish","type":"post","link":"https:\/\/redaccionoaxaca.com\/index.php\/2020\/09\/07\/la-seccion-22-del-snte-dio-inicio-este-lunes-con-su-ciclo-escolar-2020-2021-a-dos-semana-de-que-la-secretaria-de-educacion-publica-sep-comenzara-con-el-calendario-oficial\/","title":{"rendered":"La Secci\u00f3n 22 del SNTE dio inicio este lunes con su ciclo escolar 2020-2021 a dos semana de que la Secretar\u00eda de Educaci\u00f3n P\u00fablica (SEP) comenzar\u00e1 con el\u00a0 calendario oficial.\u00a0"},"content":{"rendered":"<p><strong>#Redacci\u00f3nOaxaca<\/strong><\/p>\n<p><strong>#Oaxaca<\/strong><\/p>\n<p><strong>Sayra Cruz<\/strong><\/p>\n<p style=\"text-align: justify;\">En una transmici\u00f3n en vivo, la dirigencia encabezada por Eloy L\u00f3pez Hern\u00e1ndez inform\u00f3 que todos los trabajadores de la educaci\u00f3n se suman a la formaci\u00f3n educativa por medio del PTEO y en medio de la pandemia, asegur\u00f3 que la educaci\u00f3n no se va a parar.<\/p>\n<p style=\"text-align: justify;\">La gremial asegur\u00f3 que el modelo de la SEP no es adecuado para la entidad oaxaque\u00f1a y que por eso, estar\u00e1n implementando sus estrategia alternativas.<\/p>\n<p style=\"text-align: justify;\">Mientras tanto, en este contexto, el dirigente dijo que privilegiar\u00e1n la salud de los escolares y de los trabajadores, por lo que, aun en sem\u00e1foro verde, analizar\u00e1n las condiciones junto con los padres para decidir el momento indicado para retornar a las aulas.<\/p>\n<p style=\"text-align: justify;\">Eloy L\u00f3pez Hern\u00e1ndez, record\u00f3 a los docentes que han perdieron la vida en esta pandemia y reiter\u00f3 que la prioridad ser\u00e1 la salud de todas las personas.<\/p>\n<p style=\"text-align: justify;\">Finalmente, llam\u00f3 a sus compa\u00f1eros y compa\u00f1eras a que con compromiso asuman este ciclo escolar, que atiendan en cada una de las regiones y casas donde hay un escolar.<\/p>\n","protected":false},"excerpt":{"rendered":"<p>#Redacci\u00f3nOaxaca #Oaxaca Sayra Cruz En una transmici\u00f3n en vivo, la dirigencia encabezada por Eloy L\u00f3pez Hern\u00e1ndez inform\u00f3 que todos los trabajadores de la educaci\u00f3n se suman a la formaci\u00f3n educativa por medio del PTEO y en medio de la pandemia, asegur\u00f3 que la educaci\u00f3n no se va a parar. La gremial asegur\u00f3 que el modelo [&hellip;]<\/p>\n","protected":false},"author":9,"featured_media":0,"comment_status":"open","ping_status":"open","sticky":false,"template":"","format":"standard","meta":{"jetpack_post_was_ever_published":false,"_jetpack_newsletter_access":"","_jetpack_dont_email_post_to_subs":false,"_jetpack_newsletter_tier_id":0,"_jetpack_memberships_contains_paywalled_content":false,"_jetpack_memberships_contains_paid_content":false,"footnotes":"","jetpack_publicize_message":"","jetpack_publicize_feature_enabled":true,"jetpack_social_post_already_shared":false,"jetpack_social_options":{"image_generator_settings":{"template":"highway","default_image_id":0,"font":"","enabled":false},"version":2}},"categories":[7,5,3,6,1],"tags":[],"class_list":{"0":"post-14279","1":"post","2":"type-post","3":"status-publish","4":"format-standard","6":"category-al-cierre","7":"category-imagen","8":"category-mesa-de-redaccion","9":"category-tendencias","10":"category-uncategorized"},"jetpack_publicize_connections":[],"jetpack_featured_media_url":"","jetpack_sharing_enabled":true,"jetpack_shortlink":"https:\/\/wp.me\/p9Ynjw-3Ij","jetpack-related-posts":[{"id":32600,"url":"https:\/\/redaccionoaxaca.com\/index.php\/2024\/07\/10\/caprichosa-seccion-22-del-snte-rechaza-a-mario-delgado-al-frente-de-la-sep\/","url_meta":{"origin":14279,"position":0},"title":"Caprichosa Secci\u00f3n 22 del SNTE, \u201crechaza\u201d  a Mario Delgado al frente de la SEP","author":"ariadna","date":"julio 10, 2024","format":false,"excerpt":"#Redacci\u00f3nOaxaca #Oaxaca Jaime GUERRERO Como es su costumbre medi\u00e1tica y caprichosa, la dirigencia de la Secci\u00f3n 22 del Sindicato Nacional de Trabajadores de la Educaci\u00f3n (SNTE) rechaz\u00f3 el nombramiento del Presidente del Comit\u00e9 Ejecutivo Nacional del Partido Movimiento de Regeneraci\u00f3n Nacional (Morena), Mario Delgado Carrillo, como pr\u00f3ximo titular de la\u2026","rel":"","context":"En &quot;Agenda Pol\u00edtica&quot;","block_context":{"text":"Agenda Pol\u00edtica","link":"https:\/\/redaccionoaxaca.com\/index.php\/category\/agenda-politica\/"},"img":{"alt_text":"","src":"","width":0,"height":0},"classes":[]},{"id":3550,"url":"https:\/\/redaccionoaxaca.com\/index.php\/2018\/10\/25\/ieepo-impedido-legalmente-para-hacer-pagos-no-conciliados-con-sep-a-maestros-huelguistas\/","url_meta":{"origin":14279,"position":1},"title":"IEEPO, impedido legalmente para hacer pagos\u00a0  no conciliados con SEP a maestros huelguistas","author":"denise","date":"octubre 25, 2018","format":false,"excerpt":"Jaime GUERRERO\u00a0 La directora para la Atenci\u00f3n de los Derechos Humanos del Instituto Estatal de Educaci\u00f3n P\u00fablica de Oaxaca (IEEPO), Marlene Aldeco Reyes Retana, inform\u00f3 que el instituto se encuentra impedido, legal y materialmente, para atender la solicitud de pago de un grupo de docentes que, mediante un plant\u00f3n frente\u2026","rel":"","context":"En &quot;Agenda Pol\u00edtica&quot;","block_context":{"text":"Agenda Pol\u00edtica","link":"https:\/\/redaccionoaxaca.com\/index.php\/category\/agenda-politica\/"},"img":{"alt_text":"","src":"","width":0,"height":0},"classes":[]},{"id":29095,"url":"https:\/\/redaccionoaxaca.com\/index.php\/2023\/08\/10\/congreso-de-oaxaca-frena-peticion-a-sep-para-corregir-errores-en-libros-de-texto-gratuito-pri-y-morena-cruzan-reproches-ideologicos\/","url_meta":{"origin":14279,"position":2},"title":"Congreso de Oaxaca frena petici\u00f3n a SEP para corregir errores  en libros de texto gratuito; PRI y Morena cruzan reproches ideol\u00f3gicos","author":"ariadna","date":"agosto 10, 2023","format":false,"excerpt":"#Redacci\u00f3nOaxaca #Oaxaca Jaime GUERRERO Con 19 votos en contra de la bancada de Morena y sus aliado del PT, PVEM y PUP, el pleno de la LXV Legislatura, rechazaron exhortar a la Secretar\u00eda de Educaci\u00f3n P\u00fablica (SEP) y a la Comisi\u00f3n Nacional de Libros de Texto Gratuitos (Conaliteg), a revisar\u2026","rel":"","context":"En &quot;Imagen&quot;","block_context":{"text":"Imagen","link":"https:\/\/redaccionoaxaca.com\/index.php\/category\/imagen\/"},"img":{"alt_text":"","src":"","width":0,"height":0},"classes":[]},{"id":28874,"url":"https:\/\/redaccionoaxaca.com\/index.php\/2023\/05\/11\/aprueba-sep-convocatoria-del-proceso-de-admision-de-construccion-bilateral-entre-el-ieepo-y-seccion-22\/","url_meta":{"origin":14279,"position":3},"title":"Aprueba SEP Convocatoria del Proceso de Admisi\u00f3n de construcci\u00f3n Bilateral entre el IEEPO y Secci\u00f3n 22","author":"ariadna","date":"mayo 11, 2023","format":false,"excerpt":"#Redacci\u00f3nOaxaca #Oaxaca \u25cf Reconoce Director del IEEPO, Emilio Montero P\u00e9rez, la voluntad de la Secci\u00f3n 22 para la construcci\u00f3n de acuerdos hist\u00f3ricos para la educaci\u00f3n de Oaxaca. \u25cf La Convocatoria representa una soluci\u00f3n integral a los planteamientos de los normalistas producto de mesas de constante di\u00e1logo con la gremial. Oaxaca\u2026","rel":"","context":"En &quot;Imagen&quot;","block_context":{"text":"Imagen","link":"https:\/\/redaccionoaxaca.com\/index.php\/category\/imagen\/"},"img":{"alt_text":"","src":"https:\/\/i0.wp.com\/redaccionoaxaca.com\/wp-content\/uploads\/2023\/05\/FB_IMG_1683823703283-300x200.jpg?resize=350%2C200&ssl=1","width":350,"height":200},"classes":[]},{"id":18498,"url":"https:\/\/redaccionoaxaca.com\/index.php\/2021\/04\/23\/anuncia-murat-y-titular-de-sspc-vacunacion-contra-el-covid19-a-maestros-de-oaxaca-listas-120-mil-dosis-inicia-aplicacion-el-28-de-abril\/","url_meta":{"origin":14279,"position":4},"title":"Anuncia Murat y titular de SSPC vacunaci\u00f3n contra el COVID19 a maestros de Oaxaca, listas 120 mil dosis; inicia aplicaci\u00f3n el 28 de abril.","author":"ariadna","date":"abril 23, 2021","format":false,"excerpt":"#Redacci\u00f3nOaxaca #Oaxaca Jaime GUERRERO El Gobernador del Estado, Alejandro Murat Hinojosa y la titular de la Secretar\u00eda de Seguridad P\u00fablica y Protecci\u00f3n Ciudadana del Gobierno Federal, Rosa Icela Rodr\u00edguez Vel\u00e1zquez, anunciaron la estrategia para la vacunaci\u00f3n a los trabajadores de la educaci\u00f3n del Sindicato Nacional de Trabajadores de la Educaci\u00f3n\u2026","rel":"","context":"En &quot;Agenda Pol\u00edtica&quot;","block_context":{"text":"Agenda Pol\u00edtica","link":"https:\/\/redaccionoaxaca.com\/index.php\/category\/agenda-politica\/"},"img":{"alt_text":"","src":"","width":0,"height":0},"classes":[]},{"id":36848,"url":"https:\/\/redaccionoaxaca.com\/index.php\/2025\/05\/15\/instala-magisterio-planton-indefinido-en-el-zocalo-de-la-cdmx-en-oaxaca-deja-a-mas-de-800-mil-alumnos-sin-clases\/","url_meta":{"origin":14279,"position":5},"title":"Instala magisterio plant\u00f3n indefinido en el z\u00f3calo de la CDMX; en Oaxaca deja a m\u00e1s de 800 mil alumnos sin clases","author":"ariadna","date":"mayo 15, 2025","format":false,"excerpt":"#Redacci\u00f3nOaxaca #Oaxaca Jaime GUERRERO En el D\u00eda del Maestro, la Coordinadora Nacional de Trabajadores de la Educaci\u00f3n (CNTE) -que tambi\u00e9n integra el magisterio oaxaque\u00f1o-, saldr\u00e1 en marcha del \u00c1ngel de la Independencia al Z\u00f3calo, para iniciar un paro indefinido de labores en la Ciudad de M\u00e9xico. Se prev\u00e9 que la\u2026","rel":"","context":"En &quot;Agenda Pol\u00edtica&quot;","block_context":{"text":"Agenda Pol\u00edtica","link":"https:\/\/redaccionoaxaca.com\/index.php\/category\/agenda-politica\/"},"img":{"alt_text":"","src":"https:\/\/i0.wp.com\/redaccionoaxaca.com\/wp-content\/uploads\/2025\/05\/FB_IMG_1747324764340-300x225.jpg?resize=350%2C200&ssl=1","width":350,"height":200},"classes":[]}],"_links":{"self":[{"href":"https:\/\/redaccionoaxaca.com\/index.php\/wp-json\/wp\/v2\/posts\/14279","targetHints":{"allow":["GET"]}}],"collection":[{"href":"https:\/\/redaccionoaxaca.com\/index.php\/wp-json\/wp\/v2\/posts"}],"about":[{"href":"https:\/\/redaccionoaxaca.com\/index.php\/wp-json\/wp\/v2\/types\/post"}],"author":[{"embeddable":true,"href":"https:\/\/redaccionoaxaca.com\/index.php\/wp-json\/wp\/v2\/users\/9"}],"replies":[{"embeddable":true,"href":"https:\/\/redaccionoaxaca.com\/index.php\/wp-json\/wp\/v2\/comments?post=14279"}],"version-history":[{"count":1,"href":"https:\/\/redaccionoaxaca.com\/index.php\/wp-json\/wp\/v2\/posts\/14279\/revisions"}],"predecessor-version":[{"id":14281,"href":"https:\/\/redaccionoaxaca.com\/index.php\/wp-json\/wp\/v2\/posts\/14279\/revisions\/14281"}],"wp:attachment":[{"href":"https:\/\/redaccionoaxaca.com\/index.php\/wp-json\/wp\/v2\/media?parent=14279"}],"wp:term":[{"taxonomy":"category","embeddable":true,"href":"https:\/\/redaccionoaxaca.com\/index.php\/wp-json\/wp\/v2\/categories?post=14279"},{"taxonomy":"post_tag","embeddable":true,"href":"https:\/\/redaccionoaxaca.com\/index.php\/wp-json\/wp\/v2\/tags?post=14279"}],"curies":[{"name":"wp","href":"https:\/\/api.w.org\/{rel}","templated":true}]}}