{"id":14282,"date":"2020-09-07T14:24:43","date_gmt":"2020-09-07T19:24:43","guid":{"rendered":"http:\/\/redaccionoaxaca.com\/?p=14282"},"modified":"2020-09-07T14:24:43","modified_gmt":"2020-09-07T19:24:43","slug":"autoridades-de-antorcha-campesina-acusa-a-edil-de-oaxaca-de-negarles-participaciones-federales","status":"publish","type":"post","link":"https:\/\/redaccionoaxaca.com\/index.php\/2020\/09\/07\/autoridades-de-antorcha-campesina-acusa-a-edil-de-oaxaca-de-negarles-participaciones-federales\/","title":{"rendered":"Autoridades de Antorcha Campesina, acusa a edil de Oaxaca de negarles participaciones federales."},"content":{"rendered":"<p><strong>#Redacci\u00f3nOaxaca<\/strong><\/p>\n<p><strong>#Oaxaca<\/strong><\/p>\n<p><strong>Jaime GUERRERO<\/strong><\/p>\n<p style=\"text-align: justify;\">El Presidente Municipal de Santiago Juxtlahuaca, Nicol\u00e1s Feria Romero nuevamente fue acusado de irregulares financieras por parte de habitantes de agencias de esa localidad -afines a la organizaci\u00f3n Antorcha Campesina- de la regi\u00f3n de la Mixteca.<\/p>\n<p style=\"text-align: justify;\">En conferencia de prensa frente a palacio de gobierno, agentes de La Sabana Copala, Tierra Blanca Copala, Yutanaz\u00ed Copala, Llano de Ju\u00e1rez Copala, acusaron al edil del Partido Movimiento de Regeneraci\u00f3n Nacional (Morena), de no entregar los recursos correspondientes de los ramos 28 y 33 a por lo menos seis agencias.<\/p>\n<p style=\"text-align: justify;\">Las autoridades reprocharon que no han sido beneficiadas con las partidas presupuestales que servir\u00edan para la ejecuci\u00f3n de obras de impacto social.<\/p>\n<p style=\"text-align: justify;\">Las autoridades auxiliares denunciaron que les adeuda la totalidad de los recursos desde el 2018 a la fecha.<\/p>\n<p style=\"text-align: justify;\">Las autoridades de La Sabana Copala, Tierra Blanca Copala, Yutanaz\u00ed Copala, Llano de Ju\u00e1rez Copala, recordaron que en el 2019 iniciaron un plant\u00f3n en el Palacio Municipal, el cual fue retirado de forma violenta el 16 de abril de este a\u00f1o bajo el argumento de la pandemia de la Covid-19.<\/p>\n<p style=\"text-align: justify;\">Ese d\u00eda, el agente de Yutanaz\u00ed Copala fue desaparecido por varias horas, acusaron.<\/p>\n<p style=\"text-align: justify;\">Afirmaron que Feria Romero utiliza la entrega de recursos como instrumento para el control pol\u00edtico en las comunidades, por ello, exigieron la intervenci\u00f3n de la Secretar\u00eda General de Gobierno.<\/p>\n<p style=\"text-align: justify;\">Pese a ello, reprocharon que el presidente se ha negado a dar respuestas a sus demandas.<\/p>\n<p style=\"text-align: justify;\">Manifestaron que las acciones que est\u00e1 tomando el edil est\u00e1n violentando los derechos humanos de los pobladores, un grupo que exig\u00eda el pago de recursos fue desalojado con lujo de violencia del lugar por parte de corporaciones de seguridad, apoyados por acarreados de Nicol\u00e1s Feria, quienes iban armados con palos, machetes y piedras para arremeter en contra de los manifestantes.<\/p>\n<p style=\"text-align: justify;\">Aseguraron que quien est\u00e1 atr\u00e1s es el padre de Nicol\u00e1s Feria Romero, \u201cpersona quien verdaderamente est\u00e1 manejando los hilos de Santiago Juxtlahuaca; es el padre incomodo en esta situaci\u00f3n, y a quien le debemos tambi\u00e9n las detenciones arbitrarias, las lesiones a ni\u00f1os y mujeres que se produjeron ayer durante el desalojo\u201d, apuntaron.<\/p>\n<p style=\"text-align: justify;\">Asimismo, indicaron que el violento desalojo se ejecut\u00f3, a pesar de que tienen una medida precautoria 04 de Derechos Humanos, del a\u00f1o 2019, la cual ha sido violada\u00a0 con estos actos.<\/p>\n","protected":false},"excerpt":{"rendered":"<p>#Redacci\u00f3nOaxaca #Oaxaca Jaime GUERRERO El Presidente Municipal de Santiago Juxtlahuaca, Nicol\u00e1s Feria Romero nuevamente fue acusado de irregulares financieras por parte de habitantes de agencias de esa localidad -afines a la organizaci\u00f3n Antorcha Campesina- de la regi\u00f3n de la Mixteca. En conferencia de prensa frente a palacio de gobierno, agentes de La Sabana Copala, Tierra [&hellip;]<\/p>\n","protected":false},"author":9,"featured_media":0,"comment_status":"open","ping_status":"open","sticky":false,"template":"","format":"standard","meta":{"jetpack_post_was_ever_published":false,"_jetpack_newsletter_access":"","_jetpack_dont_email_post_to_subs":false,"_jetpack_newsletter_tier_id":0,"_jetpack_memberships_contains_paywalled_content":false,"_jetpack_memberships_contains_paid_content":false,"footnotes":"","jetpack_publicize_message":"","jetpack_publicize_feature_enabled":true,"jetpack_social_post_already_shared":false,"jetpack_social_options":{"image_generator_settings":{"template":"highway","default_image_id":0,"font":"","enabled":false},"version":2}},"categories":[4,3,6,1],"tags":[],"class_list":{"0":"post-14282","1":"post","2":"type-post","3":"status-publish","4":"format-standard","6":"category-agenda-politica","7":"category-mesa-de-redaccion","8":"category-tendencias","9":"category-uncategorized"},"jetpack_publicize_connections":[],"jetpack_featured_media_url":"","jetpack_sharing_enabled":true,"jetpack_shortlink":"https:\/\/wp.me\/p9Ynjw-3Im","jetpack-related-posts":[{"id":29616,"url":"https:\/\/redaccionoaxaca.com\/index.php\/2023\/11\/05\/violencia-triqui-imparable-cidh-emite-nuevas-medidas-cautelares-a-triquis-de-tierra-blanca-copala-por-riesgo-irreparable-a-dh\/","url_meta":{"origin":14282,"position":0},"title":"Violencia Triqui imparable; CIDH emite nuevas medidas cautelares a triquis de Tierra Blanca Copala por riesgo irreparable a DH","author":"ariadna","date":"noviembre 5, 2023","format":false,"excerpt":"#Redacci\u00f3nOaxaca #Oaxaca Jaime GUERRERO El pasado 1 de noviembre, la Comisi\u00f3n Interamericana de Derechos Humanos (CIDH) inform\u00f3 que, emiti\u00f3 nuevas medidas cautelares a favor de las familias triquis de la comunidad de Tierra Blanca Copala, Oaxaca, que se encuentran desplazadas en Yosoyuxi Copala, debido a que, se encuentran en una\u2026","rel":"","context":"En &quot;Al Cierre&quot;","block_context":{"text":"Al Cierre","link":"https:\/\/redaccionoaxaca.com\/index.php\/category\/al-cierre\/"},"img":{"alt_text":"","src":"https:\/\/i0.wp.com\/redaccionoaxaca.com\/wp-content\/uploads\/2023\/11\/IMG-20231105-WA0037-139x300.jpg?resize=350%2C200&ssl=1","width":350,"height":200},"classes":[]},{"id":38226,"url":"https:\/\/redaccionoaxaca.com\/index.php\/2025\/09\/12\/nuevo-ataque-armado-en-tierra-blanca-copala-deja-un-muerto-mult-denuncian-omision-de-autoridades\/","url_meta":{"origin":14282,"position":1},"title":"Nuevo ataque armado en Tierra Blanca Copala deja un muerto; MULT denuncian omisi\u00f3n de autoridades","author":"ariadna","date":"septiembre 12, 2025","format":false,"excerpt":"#Redacci\u00f3nOaxaca #Oaxaca La comunidad triqui de Tierra Blanca Copala fue nuevamente blanco de un ataque armado la ma\u00f1ana de este jueves alrededor de las 10:20 horas, que dej\u00f3 como saldo la muerte de\u00a0Cliserio Ram\u00edrez Mart\u00ednez, de 37 a\u00f1os de edad. De acuerdo con denuncias de habitantes, los agresores habr\u00edan sido\u2026","rel":"","context":"En &quot;Agenda Pol\u00edtica&quot;","block_context":{"text":"Agenda Pol\u00edtica","link":"https:\/\/redaccionoaxaca.com\/index.php\/category\/agenda-politica\/"},"img":{"alt_text":"","src":"https:\/\/i0.wp.com\/redaccionoaxaca.com\/wp-content\/uploads\/2025\/09\/IMG-20250912-WA0074-scaled.jpg?fit=1200%2C675&ssl=1&resize=350%2C200","width":350,"height":200,"srcset":"https:\/\/i0.wp.com\/redaccionoaxaca.com\/wp-content\/uploads\/2025\/09\/IMG-20250912-WA0074-scaled.jpg?fit=1200%2C675&ssl=1&resize=350%2C200 1x, https:\/\/i0.wp.com\/redaccionoaxaca.com\/wp-content\/uploads\/2025\/09\/IMG-20250912-WA0074-scaled.jpg?fit=1200%2C675&ssl=1&resize=525%2C300 1.5x, https:\/\/i0.wp.com\/redaccionoaxaca.com\/wp-content\/uploads\/2025\/09\/IMG-20250912-WA0074-scaled.jpg?fit=1200%2C675&ssl=1&resize=700%2C400 2x, https:\/\/i0.wp.com\/redaccionoaxaca.com\/wp-content\/uploads\/2025\/09\/IMG-20250912-WA0074-scaled.jpg?fit=1200%2C675&ssl=1&resize=1050%2C600 3x"},"classes":[]},{"id":16371,"url":"https:\/\/redaccionoaxaca.com\/index.php\/2021\/01\/21\/con-bloqueo-mult-i-exige-entrada-de-guardia-nacional-a-tierra-blanca-copala\/","url_meta":{"origin":14282,"position":2},"title":"Con bloqueo MULT-I exige entrada de Guardia Nacional a Tierra Blanca Copala.","author":"ariadna","date":"enero 21, 2021","format":false,"excerpt":"#Redacci\u00f3nOaxaca #Oaxaca Sayra Cruz Integrantes del Movimiento de Unificaci\u00f3n de Lucha Triqui - Independiente (MULT-I) emprendieron movilizaciones este d\u00eda para pedir la entrada de la Guardia Nacional de manera inmediata a Tierra Blanca Copala. En el crucero de Hacienda Blanca, sobre la carretera federal 190, se colocaron para cerrar el\u2026","rel":"","context":"En &quot;Al Cierre&quot;","block_context":{"text":"Al Cierre","link":"https:\/\/redaccionoaxaca.com\/index.php\/category\/al-cierre\/"},"img":{"alt_text":"","src":"https:\/\/i0.wp.com\/redaccionoaxaca.com\/wp-content\/uploads\/2021\/01\/WhatsApp-Image-2021-01-21-at-11.40.02-AM-300x225.jpeg?resize=350%2C200","width":350,"height":200},"classes":[]},{"id":16334,"url":"https:\/\/redaccionoaxaca.com\/index.php\/2021\/01\/19\/personas-desplazadas-de-tierra-blanca-copala-protestaron-este-martes-en-la-alameda-de-esta-ciudad-para-exigir-seguridad-en-la-zona-triqui\/","url_meta":{"origin":14282,"position":3},"title":"VIDEO: Personas desplazadas de Tierra Blanca Copala, protestaron este martes en la Alameda de esta ciudad para exigir seguridad en la zona triqui.\u00a0","author":"ariadna","date":"enero 19, 2021","format":"video","excerpt":"#Redacci\u00f3nOaxaca #Oaxaca Sayra Cruz Un grupo de personas desplazadas de Tierra Blanca Copala, protestaron este martes en la Alameda de esta ciudad para exigir seguridad en la zona triqui. Acusaron que despu\u00e9s del retiro de los elementos\u00a0 de seguridad como Guardia Nacional, Polic\u00eda Estatal, el 15 de enero, inici\u00f3 la\u2026","rel":"","context":"En &quot;Al Cierre&quot;","block_context":{"text":"Al Cierre","link":"https:\/\/redaccionoaxaca.com\/index.php\/category\/al-cierre\/"},"img":{"alt_text":"","src":"","width":0,"height":0},"classes":[]},{"id":15733,"url":"https:\/\/redaccionoaxaca.com\/index.php\/2020\/12\/10\/emboscada-en-la-comunidad-de-ladera-copala-deja-4-muertos-y-4-heridos-entre-ellos-3-menores-de-edad\/","url_meta":{"origin":14282,"position":4},"title":"Emboscada en la comunidad de Ladera Copala, deja 4 muertos y 4 heridos, entre ellos 3 menores de edad.","author":"ariadna","date":"diciembre 10, 2020","format":false,"excerpt":"#Redacci\u00f3nOaxaca #Oaxaca La tarde de este #jueves, 10 de diciembre, se report\u00f3 una emboscada a un veh\u00edculo que transitaba por el camino del #Rastrojo Copala a la altura de #Ladera\u00a0#Copala. De acuerdo a los reportes preliminares, los hechos ocurrieron cerca de las 10:00 hrs. cuando la familia fue sorprendia a\u2026","rel":"","context":"En &quot;Al Cierre&quot;","block_context":{"text":"Al Cierre","link":"https:\/\/redaccionoaxaca.com\/index.php\/category\/al-cierre\/"},"img":{"alt_text":"","src":"https:\/\/i0.wp.com\/redaccionoaxaca.com\/wp-content\/uploads\/2020\/12\/IMG-20201210-WA0176-300x159.jpg?resize=350%2C200","width":350,"height":200},"classes":[]},{"id":5036,"url":"https:\/\/redaccionoaxaca.com\/index.php\/2019\/01\/22\/antorcha-campesina-asegura-que-sus-mas-de-50-gasolineras-hoteles-restaurantes-y-demas-giros-empresariales-son-legales-luego-de-haber-sido-exhibidos\/","url_meta":{"origin":14282,"position":5},"title":"Antorcha Campesina, asegura que sus m\u00e1s de 50 gasolineras, hoteles, restaurantes y dem\u00e1s giros empresariales son &#8220;legales&#8221;, luego de haber sido exhibidos.","author":"gaby","date":"enero 22, 2019","format":"video","excerpt":"#Redacci\u00f3nOaxaca #Oaxaca Ariadna Mendoza El dirigente en Oaxaca de la Organizaci\u00f3n Antorcha Campesina, Dimas Romero Gonz\u00e1lez, denunci\u00f3 un ataque medi\u00e1tico contra su agrupaci\u00f3n, bajo el argumento de que las m\u00e1s de 50 gasolineras con que cuentan en el pa\u00eds son licitas, cuando en realidad son de operaci\u00f3n ilegal. La Organizaci\u00f3n\u2026","rel":"","context":"Entrada similar ","block_context":{"text":"Entrada similar ","link":""},"img":{"alt_text":"","src":"","width":0,"height":0},"classes":[]}],"_links":{"self":[{"href":"https:\/\/redaccionoaxaca.com\/index.php\/wp-json\/wp\/v2\/posts\/14282","targetHints":{"allow":["GET"]}}],"collection":[{"href":"https:\/\/redaccionoaxaca.com\/index.php\/wp-json\/wp\/v2\/posts"}],"about":[{"href":"https:\/\/redaccionoaxaca.com\/index.php\/wp-json\/wp\/v2\/types\/post"}],"author":[{"embeddable":true,"href":"https:\/\/redaccionoaxaca.com\/index.php\/wp-json\/wp\/v2\/users\/9"}],"replies":[{"embeddable":true,"href":"https:\/\/redaccionoaxaca.com\/index.php\/wp-json\/wp\/v2\/comments?post=14282"}],"version-history":[{"count":1,"href":"https:\/\/redaccionoaxaca.com\/index.php\/wp-json\/wp\/v2\/posts\/14282\/revisions"}],"predecessor-version":[{"id":14284,"href":"https:\/\/redaccionoaxaca.com\/index.php\/wp-json\/wp\/v2\/posts\/14282\/revisions\/14284"}],"wp:attachment":[{"href":"https:\/\/redaccionoaxaca.com\/index.php\/wp-json\/wp\/v2\/media?parent=14282"}],"wp:term":[{"taxonomy":"category","embeddable":true,"href":"https:\/\/redaccionoaxaca.com\/index.php\/wp-json\/wp\/v2\/categories?post=14282"},{"taxonomy":"post_tag","embeddable":true,"href":"https:\/\/redaccionoaxaca.com\/index.php\/wp-json\/wp\/v2\/tags?post=14282"}],"curies":[{"name":"wp","href":"https:\/\/api.w.org\/{rel}","templated":true}]}}