{"id":14375,"date":"2020-09-15T09:30:52","date_gmt":"2020-09-15T14:30:52","guid":{"rendered":"http:\/\/redaccionoaxaca.com\/?p=14375"},"modified":"2020-09-15T09:30:52","modified_gmt":"2020-09-15T14:30:52","slug":"nuevo-exhorto-de-salud-a-los-570-ayuntamientos-del-estado-para-cancelar-plazas-municipales-y-baratillos-hasta-nuevo-aviso","status":"publish","type":"post","link":"https:\/\/redaccionoaxaca.com\/index.php\/2020\/09\/15\/nuevo-exhorto-de-salud-a-los-570-ayuntamientos-del-estado-para-cancelar-plazas-municipales-y-baratillos-hasta-nuevo-aviso\/","title":{"rendered":"Nuevo exhorto de Salud a los 570 ayuntamientos del Estado para cancelar plazas municipales y baratillos hasta nuevo aviso."},"content":{"rendered":"<p style=\"text-align: justify;\"><strong>#Redacci\u00f3nOaxaca<\/strong><\/p>\n<p style=\"text-align: justify;\"><strong>#Oaxaca<\/strong><\/p>\n<p style=\"text-align: justify;\"><strong>Maira Ric\u00e1rdez <\/strong><\/p>\n<p style=\"text-align: justify;\">Las plazas p\u00fablicas y los baratillos tendr\u00e1n que volver a suspenderse en los 570 Municipios del Estado de Oaxaca a partir de este lunes 14 en que la entidad regres\u00f3 a sem\u00e1foro naranja, inform\u00f3 el Asesor Jur\u00eddico de la Secretar\u00eda de Salud, Carlos Felguerez Salazar.<\/p>\n<p style=\"text-align: justify;\">Lo anterior, a 24 horas de que plazas p\u00fablicas principales como la de Tlacolula en Valles Centrales y la de Nochixtlan en la Mixteca, hab\u00edan sido reactivadas apenas luego de meses de suspensi\u00f3n ante la propagaci\u00f3n del covid. A partir de este momento la Secretar\u00eda de Salud comienza a emitir exhortos dijo, a las autoridades municipales para evitar estas acciones de concentraci\u00f3n masiva.<\/p>\n<p style=\"text-align: justify;\">El sem\u00e1foro rojo y el sem\u00e1foro naranja representan muy alto y alto riesgo, y la obligaci\u00f3n de las autoridades municipales es garantizar la seguridad de sus gobernados. La preservaci\u00f3n de la salud es un tema de fundamental relevancia; bajo esta premisa los Mun\u00edcipes y sus cabildos deber\u00e1n retomar las acciones que ya estaban marcadas desde el mes de abril pasado cuando el Gobernador del Estado emiti\u00f3 3 decretos fundamentales de sanidad, record\u00f3.<\/p>\n<p style=\"text-align: justify;\">Conviene mencionar que los procesos de denuncia del per\u00edodo pasado contra autoridades municipales omisas, como fue el caso del Mun\u00edcipe de San Antonino Castillo Velasco, Esteban Abel S\u00e1nchez, y el de San Pedro Ixtlahuaca Manuel Duarte P\u00e9rez; el primero que reactivo en pleno momento de contingencia el baratillo de esa Municipalidad y el de Ixtlahuaca que incluso protagoniz\u00f3 con su presencia la mayordom\u00eda y todos los festejos de la fiesta patronal; siguen su curso, est\u00e1n en manos de la Fiscal\u00eda General del Estado y corresponde a esa instituci\u00f3n informar del procedimiento penal ante este desacato a la autoridad, que coloc\u00f3 la vida de sus gobernados en riesgo por la celebraci\u00f3n de eventos masivos.<\/p>\n","protected":false},"excerpt":{"rendered":"<p>#Redacci\u00f3nOaxaca #Oaxaca Maira Ric\u00e1rdez Las plazas p\u00fablicas y los baratillos tendr\u00e1n que volver a suspenderse en los 570 Municipios del Estado de Oaxaca a partir de este lunes 14 en que la entidad regres\u00f3 a sem\u00e1foro naranja, inform\u00f3 el Asesor Jur\u00eddico de la Secretar\u00eda de Salud, Carlos Felguerez Salazar. Lo anterior, a 24 horas de [&hellip;]<\/p>\n","protected":false},"author":9,"featured_media":0,"comment_status":"open","ping_status":"open","sticky":false,"template":"","format":"standard","meta":{"jetpack_post_was_ever_published":false,"_jetpack_newsletter_access":"","_jetpack_dont_email_post_to_subs":false,"_jetpack_newsletter_tier_id":0,"_jetpack_memberships_contains_paywalled_content":false,"_jetpack_memberships_contains_paid_content":false,"footnotes":"","jetpack_publicize_message":"","jetpack_publicize_feature_enabled":true,"jetpack_social_post_already_shared":false,"jetpack_social_options":{"image_generator_settings":{"template":"highway","default_image_id":0,"font":"","enabled":false},"version":2}},"categories":[7,3,6,1],"tags":[],"class_list":{"0":"post-14375","1":"post","2":"type-post","3":"status-publish","4":"format-standard","6":"category-al-cierre","7":"category-mesa-de-redaccion","8":"category-tendencias","9":"category-uncategorized"},"jetpack_publicize_connections":[],"jetpack_featured_media_url":"","jetpack_sharing_enabled":true,"jetpack_shortlink":"https:\/\/wp.me\/p9Ynjw-3JR","jetpack-related-posts":[{"id":13248,"url":"https:\/\/redaccionoaxaca.com\/index.php\/2020\/07\/06\/oaxaca-vuelve-a-medias-a-la-nueva-normalidad-centros-comerciales-al-10-hoteles-y-restaurantes-en-20-y-40\/","url_meta":{"origin":14375,"position":0},"title":"VIDEO: Oaxaca vuelve a medias a la \u201cnueva normalidad\u201d;  centros comerciales al 10%; hoteles y restaurantes en 20% y 40%.","author":"ariadna","date":"julio 6, 2020","format":"video","excerpt":"#Redacci\u00f3nOaxaca #Oaxaca Jaime GUERRERO Tras darse a conocer que Oaxaca pasar\u00e1 a partir de \u00e9ste lunes al sem\u00e1foro epidemiol\u00f3gico color naranja, se contempla la reapertura de algunas de las actividades no esenciales y espacios p\u00fablicos con un porcentaje m\u00ednimo de ocupaci\u00f3n, seg\u00fan el Plan de Regreso a la \u201cNueva Normalidad\u201d\u2026","rel":"","context":"En &quot;Al Cierre&quot;","block_context":{"text":"Al Cierre","link":"https:\/\/redaccionoaxaca.com\/index.php\/category\/al-cierre\/"},"img":{"alt_text":"","src":"","width":0,"height":0},"classes":[]},{"id":12605,"url":"https:\/\/redaccionoaxaca.com\/index.php\/2020\/05\/31\/video-oaxaca-en-semaforo-rojo-y-riesgo-maximo-por-covid19-no-regresara-a-la-nueva-normalidad-anuncia-gobernador\/","url_meta":{"origin":14375,"position":1},"title":"VIDEO: Oaxaca en semaforo rojo y riesgo m\u00e1ximo por COVID19, no regresar\u00e1 a la \u201cnueva normalidad\u201d anuncia Gobernador.","author":"ariadna","date":"mayo 31, 2020","format":false,"excerpt":"#Redacci\u00f3nOaxaca #Oaxaca Jaime GUERRERO El Gobernador del Estado, Alejandro Murat Hinojosa, anunci\u00f3 que hasta que el semaforo de emergencia sanitaria \u00e9ste en verde, no se reanudaran las actividades no esenciales en Oaxaca. Con ello, el regreso a la llamada \u201cnueva normalidad\u201d se pospone en Oaxaca porque est\u00e1 en semaforo rojo\u2026","rel":"","context":"En &quot;Agenda Pol\u00edtica&quot;","block_context":{"text":"Agenda Pol\u00edtica","link":"https:\/\/redaccionoaxaca.com\/index.php\/category\/agenda-politica\/"},"img":{"alt_text":"","src":"","width":0,"height":0},"classes":[]},{"id":12963,"url":"https:\/\/redaccionoaxaca.com\/index.php\/2020\/06\/21\/1-de-julio-el-retorno-a-nueva-normalidad-oaxaca-proyecta-murat-van-4-mil-49-casos-de-covid19-y-sigue-semaforo-rojo\/","url_meta":{"origin":14375,"position":2},"title":"1 de julio, el retorno a \u201cnueva normalidad\u201d Oaxaca, proyecta Murat; van 4 mil 49 casos de COVID19 y sigue semaforo rojo.","author":"ariadna","date":"junio 21, 2020","format":false,"excerpt":"#Redacci\u00f3nOaxaca #Oaxaca Jaime GUERRERO Oaxaca se encuentra en \u201csem\u00e1foro rojo\u201d con un nivel alto de riesgos de contagios de COVID-19, sin embargo, el mandatario estatal, Alejandro Murat Hinojosa, anunci\u00f3 que el 1 de julio iniciar\u00eda la \u201cnueva normalidad\u201d, porque seg\u00fan proyecciones de la Secretar\u00eda de Salud, la tendencia de contagios\u2026","rel":"","context":"En &quot;Al Cierre&quot;","block_context":{"text":"Al Cierre","link":"https:\/\/redaccionoaxaca.com\/index.php\/category\/al-cierre\/"},"img":{"alt_text":"","src":"","width":0,"height":0},"classes":[]},{"id":13127,"url":"https:\/\/redaccionoaxaca.com\/index.php\/2020\/06\/28\/oaxaca-no-sale-del-semaforo-rojo-por-covid19-reiniciar-actividades-no-esenciales-causaria-aumento-de-perdidas-humanas-y-colapso-de-servicios\/","url_meta":{"origin":14375,"position":3},"title":"Oaxaca no sale del semaforo rojo por COVID19; reiniciar actividades NO  esenciales causar\u00eda aumento de p\u00e9rdidas humanas y colapso de servicios.","author":"ariadna","date":"junio 28, 2020","format":false,"excerpt":"\u00a0 #Redacci\u00f3nOaxaca #Oaxaca Jaime GUERRERO Ricardo Cort\u00e9s Alcal\u00e1, Director General de Promoci\u00f3n de la Salud del Gobierno Federal, present\u00f3 la tabla de ubicaci\u00f3n de los Estados en el semaforo epid\u00e9mico en el cual, Oaxaca seguir\u00e1 la pr\u00f3xima semana en semaforo rojo. En la conferencia de prensa vespertina, acompa\u00f1ado del Subsecretario,\u2026","rel":"","context":"En &quot;Al Cierre&quot;","block_context":{"text":"Al Cierre","link":"https:\/\/redaccionoaxaca.com\/index.php\/category\/al-cierre\/"},"img":{"alt_text":"","src":"","width":0,"height":0},"classes":[]},{"id":14985,"url":"https:\/\/redaccionoaxaca.com\/index.php\/2020\/10\/28\/de-saliva-las-solicitudes-de-revocacion-de-mandato-de-ediles-de-oaxaca-que-organizan-fiestas-en-pandemia-no-hay-procedimientos\/","url_meta":{"origin":14375,"position":4},"title":"De saliva, las solicitudes de revocaci\u00f3n de mandato de ediles de Oaxaca   que organizan fiestas en pandemia; no hay procedimientos.","author":"ariadna","date":"octubre 28, 2020","format":false,"excerpt":"#Redacci\u00f3nOaxaca #Oaxaca Jaime GUERRERO El presidente de la Comisi\u00f3n de Gobernaci\u00f3n de la LXIV Legislatura, Arsenio Mej\u00eda Garc\u00eda, confirm\u00f3 que no existen solicitudes de revocaci\u00f3n de mandatos de ediles, regidos o desaparici\u00f3n de poderes de ayuntamientos por desacato a medidas sanitarias por la emergencia por el COVID19 al poner en\u2026","rel":"","context":"En &quot;Agenda Pol\u00edtica&quot;","block_context":{"text":"Agenda Pol\u00edtica","link":"https:\/\/redaccionoaxaca.com\/index.php\/category\/agenda-politica\/"},"img":{"alt_text":"","src":"https:\/\/i0.wp.com\/redaccionoaxaca.com\/wp-content\/uploads\/2020\/10\/IMG-20201028-WA0034-200x300.jpg?resize=350%2C200","width":350,"height":200},"classes":[]},{"id":14180,"url":"https:\/\/redaccionoaxaca.com\/index.php\/2020\/08\/31\/pese-a-semaforo-amarillo-gobernador-de-oaxaca-cancela-desfile-civico-militar-de-16-de-septiembre-grito-a-puerta-cerrada\/","url_meta":{"origin":14375,"position":5},"title":"Pese a sem\u00e1foro amarillo, Gobernador de Oaxaca cancela  desfile C\u00edvico-Militar de 16 de septiembre; Grito, a puerta cerrada.","author":"ariadna","date":"agosto 31, 2020","format":false,"excerpt":"#Redacci\u00f3nOaxaca #Oaxaca Jaime GUERRERO A pesar de que, a partir de este lunes 31 de agosto, Oaxaca pasar\u00e1 al sem\u00e1foro epidemiol\u00f3gico color amarillo con riesgo medio respecto a contagios de COVDI19, por determinaci\u00f3n de la Secretar\u00eda de Salud del Gobierno Federal, el gobernador del estado, Alejandro Murat Hinojosa, determin\u00f3 no\u2026","rel":"","context":"En &quot;Agenda Pol\u00edtica&quot;","block_context":{"text":"Agenda Pol\u00edtica","link":"https:\/\/redaccionoaxaca.com\/index.php\/category\/agenda-politica\/"},"img":{"alt_text":"","src":"","width":0,"height":0},"classes":[]}],"_links":{"self":[{"href":"https:\/\/redaccionoaxaca.com\/index.php\/wp-json\/wp\/v2\/posts\/14375","targetHints":{"allow":["GET"]}}],"collection":[{"href":"https:\/\/redaccionoaxaca.com\/index.php\/wp-json\/wp\/v2\/posts"}],"about":[{"href":"https:\/\/redaccionoaxaca.com\/index.php\/wp-json\/wp\/v2\/types\/post"}],"author":[{"embeddable":true,"href":"https:\/\/redaccionoaxaca.com\/index.php\/wp-json\/wp\/v2\/users\/9"}],"replies":[{"embeddable":true,"href":"https:\/\/redaccionoaxaca.com\/index.php\/wp-json\/wp\/v2\/comments?post=14375"}],"version-history":[{"count":1,"href":"https:\/\/redaccionoaxaca.com\/index.php\/wp-json\/wp\/v2\/posts\/14375\/revisions"}],"predecessor-version":[{"id":14377,"href":"https:\/\/redaccionoaxaca.com\/index.php\/wp-json\/wp\/v2\/posts\/14375\/revisions\/14377"}],"wp:attachment":[{"href":"https:\/\/redaccionoaxaca.com\/index.php\/wp-json\/wp\/v2\/media?parent=14375"}],"wp:term":[{"taxonomy":"category","embeddable":true,"href":"https:\/\/redaccionoaxaca.com\/index.php\/wp-json\/wp\/v2\/categories?post=14375"},{"taxonomy":"post_tag","embeddable":true,"href":"https:\/\/redaccionoaxaca.com\/index.php\/wp-json\/wp\/v2\/tags?post=14375"}],"curies":[{"name":"wp","href":"https:\/\/api.w.org\/{rel}","templated":true}]}}