{"id":14378,"date":"2020-09-15T09:35:02","date_gmt":"2020-09-15T14:35:02","guid":{"rendered":"http:\/\/redaccionoaxaca.com\/?p=14378"},"modified":"2020-09-15T09:35:02","modified_gmt":"2020-09-15T14:35:02","slug":"al-cierre-de-la-convocatoria-premios-casa2020-convocan-a-oaxaquenos-en-todo-el-mundo-para-enviar-sus-creaciones-en-lenguas-nativas","status":"publish","type":"post","link":"https:\/\/redaccionoaxaca.com\/index.php\/2020\/09\/15\/al-cierre-de-la-convocatoria-premios-casa2020-convocan-a-oaxaquenos-en-todo-el-mundo-para-enviar-sus-creaciones-en-lenguas-nativas\/","title":{"rendered":"Al cierre de la convocatoria Premios CaSa2020, convocan a Oaxaque\u00f1os en todo el mundo para enviar sus creaciones en lenguas nativas."},"content":{"rendered":"<p style=\"text-align: justify;\"><strong>#Redacci\u00f3nOaxaca<\/strong><\/p>\n<p style=\"text-align: justify;\"><strong>#Oaxaca<\/strong><\/p>\n<p style=\"text-align: justify;\"><strong>Maira Ric\u00e1rdez<\/strong><\/p>\n<p style=\"text-align: justify;\">*<em>Recientemente fue creado tambi\u00e9n un concurso de cuento infatil en lenguas madres, el ni\u00f1o ganador recibir\u00e1 un lote de libros valuado en 50 mil pesos<\/em><\/p>\n<p style=\"text-align: justify;\">La convocatoria de los premios Casa de las Artes de San Agust\u00edn (CaSa) 2020 est\u00e1 cas\u00ed al cierre y los organizadores del premio buscan que los interesados de cualquier parte del mundo se enteren para que puedan contender en las categor\u00edas abiertas; destaca el hecho de que este a\u00f1o se incorporaron tres lenguas originarias m\u00e1s, el mazateco, el chinanteco y el chatino, haciendo un total de 8, pues una de las premisas del creador de este premio, el maestro Francisco Toledo, fue la preservaci\u00f3n de las lenguas ind\u00edgenas., record\u00f3 la encargada de difusi\u00f3n del CaSa, Gina Mejia.<\/p>\n<p style=\"text-align: justify;\">Poes\u00eda, canci\u00f3n, textos narrativos o de literatura infantil son los g\u00e9neros en que todo hablante de estas ocho lenguas madres con presencia en Oaxaca pueden participar, no importa el sitio donde se encuentren, este concurso busca revitalizar la importancia de nuestras lenguas y dado el contexto migrante del estado, triquis, chatinos, mixtecos, mazatecos, etc., radican en diversas partes del mundo, desde donde lo lean o escuchen deben saber que este concurso fue creado pensando en ellos, hablantes de lenguas madres y por tanto transmisores de este gran legado cultural.<\/p>\n<p style=\"text-align: justify;\">De esta manera, este viernes 18 es el \u00faltimo d\u00eda para recibir trabajos y pueden enviarlos a trav\u00e9s de correo electr\u00f3nico o correo postal, se respetar\u00e1 el d\u00eda de env\u00edo, precis\u00f3, para cada categor\u00eda el primer premio es de 30 mil pesos, en otras categor\u00eda tambi\u00e9n se han sumado los m\u00e1s destacados artistas pl\u00e1sticos del Estado, quienes donan de su obra para premiar este m\u00e9rito de preservaci\u00f3n de lenguas madres, el iniciador fue el Maestro Toledo donando grabados como premio, mismos que est\u00e1n altamente cotizados en el mercado; su familia lo seguir\u00e1 haciendo y hay otra al menos media docena de afamados pintores Oaxaque\u00f1os tambi\u00e9n que donar\u00e1n tambi\u00e9n de lo propio para incentivar esta labor cultural.<\/p>\n<p style=\"text-align: justify;\">Sergio Hern\u00e1ndez, Ixrael Montes, Guillermo Olgu\u00edn, Demian Flores, Filogonio Naxin y Joel Merino, son los pl\u00e1sticos Oaxaque\u00f1os que desde a\u00f1os atr\u00e1s vienen donado de lo suyo para esta misi\u00f3n de preservaci\u00f3n de lenguas ind\u00edgenas.<\/p>\n<p style=\"text-align: justify;\">Los ni\u00f1os tambi\u00e9n est\u00e1n convocados a sumar en la categor\u00eda Casa Infantil de cuento, creada hace apenas unos meses, de 7 a 11 a\u00f1os los ni\u00f1os hablantes de lenguas originarias, pueden hacer volar su imaginaci\u00f3n para escribir su propio cuento o relato, el premio no se entrega en efectivo, el ganador recibir\u00e1 un paquete de libros valuado en 50 mil pesos mismos que deber\u00e1n ser depositados en un sitio donde m\u00e1s ni\u00f1os puedan disfrutar de este acervo.<\/p>\n<p style=\"text-align: justify;\">Todos los interesados pueden consultar los detalles de la convocatoria en: www.casa.oaxaca.gob.mx<\/p>\n","protected":false},"excerpt":{"rendered":"<p>#Redacci\u00f3nOaxaca #Oaxaca Maira Ric\u00e1rdez *Recientemente fue creado tambi\u00e9n un concurso de cuento infatil en lenguas madres, el ni\u00f1o ganador recibir\u00e1 un lote de libros valuado en 50 mil pesos La convocatoria de los premios Casa de las Artes de San Agust\u00edn (CaSa) 2020 est\u00e1 cas\u00ed al cierre y los organizadores del premio buscan que los [&hellip;]<\/p>\n","protected":false},"author":9,"featured_media":0,"comment_status":"open","ping_status":"open","sticky":false,"template":"","format":"standard","meta":{"jetpack_post_was_ever_published":false,"_jetpack_newsletter_access":"","_jetpack_dont_email_post_to_subs":false,"_jetpack_newsletter_tier_id":0,"_jetpack_memberships_contains_paywalled_content":false,"_jetpack_memberships_contains_paid_content":false,"footnotes":"","jetpack_publicize_message":"","jetpack_publicize_feature_enabled":true,"jetpack_social_post_already_shared":false,"jetpack_social_options":{"image_generator_settings":{"template":"highway","default_image_id":0,"font":"","enabled":false},"version":2}},"categories":[7,5,3,6,1],"tags":[],"class_list":{"0":"post-14378","1":"post","2":"type-post","3":"status-publish","4":"format-standard","6":"category-al-cierre","7":"category-imagen","8":"category-mesa-de-redaccion","9":"category-tendencias","10":"category-uncategorized"},"jetpack_publicize_connections":[],"jetpack_featured_media_url":"","jetpack_sharing_enabled":true,"jetpack_shortlink":"https:\/\/wp.me\/p9Ynjw-3JU","jetpack-related-posts":[{"id":10803,"url":"https:\/\/redaccionoaxaca.com\/index.php\/2020\/02\/21\/premios-casa-de-creacion-literaria-2020-persigue-la-recuperacion-de-8-lenguas-originarias-oaxaquenas\/","url_meta":{"origin":14378,"position":0},"title":"Premios CASA de creaci\u00f3n literaria 2020 persigue la recuperaci\u00f3n de 8 lenguas originarias Oaxaque\u00f1as.","author":"ariadna","date":"febrero 21, 2020","format":false,"excerpt":"#Redacci\u00f3nOaxaca #Oaxaca Maira Ric\u00e1rdez A nueve a\u00f1os de la instauraci\u00f3n de los Premios Centro de las Artes de San Agust\u00edn (CASA), la instituci\u00f3n creada por el Maestro Francisco Toledo laz\u00f3 su convocatoria 2020. Este espacio ubicado en San Agust\u00edn Etla enfocado expresamente al impulso de las artes trabaja paralelamente el\u2026","rel":"","context":"Entrada similar ","block_context":{"text":"Entrada similar ","link":""},"img":{"alt_text":"","src":"","width":0,"height":0},"classes":[]},{"id":37627,"url":"https:\/\/redaccionoaxaca.com\/index.php\/2025\/08\/04\/propone-benjamin-viveros-montalvo-incorporar-la-diversidad-linguistica-como-principio-del-quehacer-legislativo\/","url_meta":{"origin":14378,"position":1},"title":"Propone Benjam\u00edn Viveros Montalvo incorporar la diversidad ling\u00fc\u00edstica como principio del quehacer legislativo","author":"ariadna","date":"agosto 4, 2025","format":false,"excerpt":"#Redacci\u00f3nOaxaca #Oaxaca * La propuesta busca fortalecer la legitimidad del Congreso local como la Casa del Pueblo Pluriling\u00fce con pr\u00e1cticas legislativas con enfoque en derechos culturales y ling\u00fc\u00edsticos San Raymundo Jalpan, Oax., a 04 de agosto de 2025.- Con el prop\u00f3sito de incorporar la diversidad ling\u00fc\u00edstica como principio rector del\u2026","rel":"","context":"En &quot;Agenda Pol\u00edtica&quot;","block_context":{"text":"Agenda Pol\u00edtica","link":"https:\/\/redaccionoaxaca.com\/index.php\/category\/agenda-politica\/"},"img":{"alt_text":"","src":"https:\/\/i0.wp.com\/redaccionoaxaca.com\/wp-content\/uploads\/2025\/08\/Screenshot_20250804_194635_Facebook-scaled.jpg?fit=1200%2C915&ssl=1&resize=350%2C200","width":350,"height":200,"srcset":"https:\/\/i0.wp.com\/redaccionoaxaca.com\/wp-content\/uploads\/2025\/08\/Screenshot_20250804_194635_Facebook-scaled.jpg?fit=1200%2C915&ssl=1&resize=350%2C200 1x, https:\/\/i0.wp.com\/redaccionoaxaca.com\/wp-content\/uploads\/2025\/08\/Screenshot_20250804_194635_Facebook-scaled.jpg?fit=1200%2C915&ssl=1&resize=525%2C300 1.5x, https:\/\/i0.wp.com\/redaccionoaxaca.com\/wp-content\/uploads\/2025\/08\/Screenshot_20250804_194635_Facebook-scaled.jpg?fit=1200%2C915&ssl=1&resize=700%2C400 2x, https:\/\/i0.wp.com\/redaccionoaxaca.com\/wp-content\/uploads\/2025\/08\/Screenshot_20250804_194635_Facebook-scaled.jpg?fit=1200%2C915&ssl=1&resize=1050%2C600 3x"},"classes":[]},{"id":24234,"url":"https:\/\/redaccionoaxaca.com\/index.php\/2022\/02\/24\/prioridad-nacional-preservacion-de-lenguas-indigenas-mariana-benitez-urge-a-dotar-de-mas-recursos-en-preservacion-para-oaxaca\/","url_meta":{"origin":14378,"position":2},"title":"Prioridad Nacional, preservaci\u00f3n de lenguas ind\u00edgenas: Mariana Ben\u00edtez; urge a dotar de m\u00e1s recursos en preservaci\u00f3n para Oaxaca.","author":"ariadna","date":"febrero 24, 2022","format":false,"excerpt":"#Redacci\u00f3nOaxaca #Oaxaca Jaime GUERRERO La presidenta de la Mesa Directiva de la LXV legislatura, Mariana Ben\u00edtez Tiburcio, exhort\u00f3 al Instituto Nacional de Lenguas Ind\u00edgenas (INALI), a destinar mayores recursos econ\u00f3micos, humanos y de infraestructura para el desarrollo de una estrategia digital de conservaci\u00f3n, promoci\u00f3n y revitalizaci\u00f3n de las lenguas ind\u00edgenas\u2026","rel":"","context":"En &quot;Agenda Pol\u00edtica&quot;","block_context":{"text":"Agenda Pol\u00edtica","link":"https:\/\/redaccionoaxaca.com\/index.php\/category\/agenda-politica\/"},"img":{"alt_text":"","src":"","width":0,"height":0},"classes":[]},{"id":35887,"url":"https:\/\/redaccionoaxaca.com\/index.php\/2025\/02\/28\/desde-el-parlamento-se-busca-preservar-y-revitalizar-las-lenguas-indigenas-de-oaxaca\/","url_meta":{"origin":14378,"position":3},"title":"Desde el Parlamento se busca preservar y revitalizar las lenguas ind\u00edgenas de Oaxaca","author":"ariadna","date":"febrero 28, 2025","format":false,"excerpt":"#Redacci\u00f3nOaxaca #Oaxaca * Se emite un exhorto al INALI, la SEP, IEEPO y Secretar\u00eda de Interculturalidad para instrumentar acciones encaminadas a la protecci\u00f3n de las 15 lenguas maternas, pues son parte del patrimonio de los pueblos originarios * La iniciativa fue presentada por el diputado Zeferino Garc\u00eda Jer\u00f3nimo San Raymundo\u2026","rel":"","context":"En &quot;Agenda Pol\u00edtica&quot;","block_context":{"text":"Agenda Pol\u00edtica","link":"https:\/\/redaccionoaxaca.com\/index.php\/category\/agenda-politica\/"},"img":{"alt_text":"","src":"","width":0,"height":0},"classes":[]},{"id":30601,"url":"https:\/\/redaccionoaxaca.com\/index.php\/2024\/02\/20\/conmemora-congreso-el-dia-internacional-de-la-lengua-materna\/","url_meta":{"origin":14378,"position":4},"title":"Conmemora Congreso el D\u00eda Internacional de la Lengua Materna","author":"ariadna","date":"febrero 20, 2024","format":false,"excerpt":"#Redacci\u00f3nOaxaca #Oaxaca \u2022 Refrenda el compromiso por conservar estas lenguas. San Raymundo Jalpan, Oax. 20 de febrero de 2024.- Con la participaci\u00f3n de poetas y m\u00fasicos oaxaque\u00f1os quienes se expresaron en su lengua originaria, en el H. Congreso del Estado de Oaxaca se realiz\u00f3 el \"Recital y conversatorio en #lenguamaterna\u201d,\u2026","rel":"","context":"En &quot;Agenda Pol\u00edtica&quot;","block_context":{"text":"Agenda Pol\u00edtica","link":"https:\/\/redaccionoaxaca.com\/index.php\/category\/agenda-politica\/"},"img":{"alt_text":"","src":"","width":0,"height":0},"classes":[]},{"id":37542,"url":"https:\/\/redaccionoaxaca.com\/index.php\/2025\/07\/26\/ir-al-contenido-comunicacion-social-main-menu\/","url_meta":{"origin":14378,"position":5},"title":"Congreso del Estado e ILEO suscriben convenio de colaboraci\u00f3n para fortalecer las lenguas originarias de Oaxaca","author":"ariadna","date":"julio 26, 2025","format":false,"excerpt":"#Redacci\u00f3nOaxaca #Oaxaca * Congreso del Estado e ILEO suscriben convenio de colaboraci\u00f3n para fortalecer las lenguas originarias de Oaxaca * El acuerdo permitir\u00e1 la ejecuci\u00f3n de estrategias y actividades que impulsen el uso y la preservaci\u00f3n del patrimonio ling\u00fc\u00edstico de la entidad San Raymundo Jalpan, Oax., a 26 de julio\u2026","rel":"","context":"En &quot;Agenda Pol\u00edtica&quot;","block_context":{"text":"Agenda Pol\u00edtica","link":"https:\/\/redaccionoaxaca.com\/index.php\/category\/agenda-politica\/"},"img":{"alt_text":"","src":"https:\/\/i0.wp.com\/redaccionoaxaca.com\/wp-content\/uploads\/2025\/07\/Screenshot_20250726_122045_Facebook-scaled.jpg?fit=1200%2C804&ssl=1&resize=350%2C200","width":350,"height":200,"srcset":"https:\/\/i0.wp.com\/redaccionoaxaca.com\/wp-content\/uploads\/2025\/07\/Screenshot_20250726_122045_Facebook-scaled.jpg?fit=1200%2C804&ssl=1&resize=350%2C200 1x, https:\/\/i0.wp.com\/redaccionoaxaca.com\/wp-content\/uploads\/2025\/07\/Screenshot_20250726_122045_Facebook-scaled.jpg?fit=1200%2C804&ssl=1&resize=525%2C300 1.5x, https:\/\/i0.wp.com\/redaccionoaxaca.com\/wp-content\/uploads\/2025\/07\/Screenshot_20250726_122045_Facebook-scaled.jpg?fit=1200%2C804&ssl=1&resize=700%2C400 2x, https:\/\/i0.wp.com\/redaccionoaxaca.com\/wp-content\/uploads\/2025\/07\/Screenshot_20250726_122045_Facebook-scaled.jpg?fit=1200%2C804&ssl=1&resize=1050%2C600 3x"},"classes":[]}],"_links":{"self":[{"href":"https:\/\/redaccionoaxaca.com\/index.php\/wp-json\/wp\/v2\/posts\/14378","targetHints":{"allow":["GET"]}}],"collection":[{"href":"https:\/\/redaccionoaxaca.com\/index.php\/wp-json\/wp\/v2\/posts"}],"about":[{"href":"https:\/\/redaccionoaxaca.com\/index.php\/wp-json\/wp\/v2\/types\/post"}],"author":[{"embeddable":true,"href":"https:\/\/redaccionoaxaca.com\/index.php\/wp-json\/wp\/v2\/users\/9"}],"replies":[{"embeddable":true,"href":"https:\/\/redaccionoaxaca.com\/index.php\/wp-json\/wp\/v2\/comments?post=14378"}],"version-history":[{"count":1,"href":"https:\/\/redaccionoaxaca.com\/index.php\/wp-json\/wp\/v2\/posts\/14378\/revisions"}],"predecessor-version":[{"id":14380,"href":"https:\/\/redaccionoaxaca.com\/index.php\/wp-json\/wp\/v2\/posts\/14378\/revisions\/14380"}],"wp:attachment":[{"href":"https:\/\/redaccionoaxaca.com\/index.php\/wp-json\/wp\/v2\/media?parent=14378"}],"wp:term":[{"taxonomy":"category","embeddable":true,"href":"https:\/\/redaccionoaxaca.com\/index.php\/wp-json\/wp\/v2\/categories?post=14378"},{"taxonomy":"post_tag","embeddable":true,"href":"https:\/\/redaccionoaxaca.com\/index.php\/wp-json\/wp\/v2\/tags?post=14378"}],"curies":[{"name":"wp","href":"https:\/\/api.w.org\/{rel}","templated":true}]}}