{"id":14381,"date":"2020-09-15T14:01:33","date_gmt":"2020-09-15T19:01:33","guid":{"rendered":"http:\/\/redaccionoaxaca.com\/?p=14381"},"modified":"2020-09-15T14:01:33","modified_gmt":"2020-09-15T19:01:33","slug":"entrega-amic-equipo-de-proteccion-ante-cambio-de-semaforo-epidemiologico-en-oaxaca","status":"publish","type":"post","link":"https:\/\/redaccionoaxaca.com\/index.php\/2020\/09\/15\/entrega-amic-equipo-de-proteccion-ante-cambio-de-semaforo-epidemiologico-en-oaxaca\/","title":{"rendered":"Entrega AMIC equipo de protecci\u00f3n, ante cambio de sem\u00e1foro epidemiol\u00f3gico en Oaxaca."},"content":{"rendered":"<p><strong>#Redacci\u00f3nOaxaca<\/strong><\/p>\n<p><strong>#Oaxaca<\/strong><\/p>\n<ul>\n<li style=\"text-align: justify;\"><em>Las brigadas de la Asociaci\u00f3n Mexicana de la Industria de la Construcci\u00f3n, Javier Ch\u00e1vez entregaron caretas y cubrebocas para choferes y usuarios de transporte p\u00fablico, al incrementarse el riesgo de contagios.<\/em><\/li>\n<\/ul>\n<p style=\"text-align: justify;\">La Asociaci\u00f3n Mexicana de la Industria de la Construcci\u00f3n (AMIC) despleg\u00f3 nuevamente las Brigadas AMIC en la ciudad de Oaxaca, ante el cambio a color naranja del sem\u00e1foro epidemiol\u00f3gico, con la finalidad de dotar de equipo de protecci\u00f3n a la ciudadan\u00eda, ante el incremento en los riesgos de contagio.<\/p>\n<p style=\"text-align: justify;\">Ahora, se entregaron caretas y cubrebocas a choferes y usuarios del transporte p\u00fablico, uno de los sitios identificados por los especialistas como uno de los principales puntos de contagios del coronavirus.<\/p>\n<p style=\"text-align: justify;\">De acuerdo con el presidente de la AMIC Oaxaca, Javier Ch\u00e1vez, las brigadas AMIC entregaron m\u00e1s de 200 caretas y alrededor de mil cubrebocas para la protecci\u00f3n, tanto de choferes del transporte p\u00fablico, como de las personas que tienen la necesidad de utilizar este medio de transporte.<\/p>\n<p style=\"text-align: justify;\">\u201cSabemos que con el cambio a color naranja del sem\u00e1foro epidemiol\u00f3gico, el riesgo de contagio se incrementa de manera importante y una de las razones por las que fueron creadas las brigadas AMIC, es para ayudar a la poblaci\u00f3n m\u00e1s vulnerable\u201d, indic\u00f3 Javier Ch\u00e1vez en entrevista.<\/p>\n<p style=\"text-align: justify;\">Los brigadistas de la AMIC recorrieron varias rutas del transporte p\u00fablico para poder identificar a personas vulnerables que no contaban con protecci\u00f3n para evitar los contagios de covid-19.<\/p>\n<p style=\"text-align: justify;\">As\u00ed, buena parte de las caretas fueron dotadas a choferes del transporte p\u00fablico que recorren varias rutas de la ciudad, al igual que los cubrebocas y en el caso de los pasajeros, se busc\u00f3 de manera intencionada la poblaci\u00f3n m\u00e1s necesitada del equipo de protecci\u00f3n.<\/p>\n<p style=\"text-align: justify;\">\u201cPudimos notar que muchas de las personas que utilizan el transporte p\u00fablico, son personas de la tercera edad, personas vulnerables que deber\u00edan estar en casa, pero como muchos tienen la necesidad de salir, hicimos la contribuci\u00f3n a nombre de todos los que integramos las Brigadas AMIC, para que puedan hacerlo, disminuyendo los riesgos de enfermarse con este virus, se\u00f1al\u00f3 Javier Ch\u00e1vez.<\/p>\n<p style=\"text-align: justify;\">Aunque en esta ocasi\u00f3n las brigadas s\u00f3lo llevaban caretas y cubrebocas, tambi\u00e9n se reparti\u00f3 una peque\u00f1a dotaci\u00f3n de gel antibacterial y durante el intercambio de informaci\u00f3n con los usuarios de transporte p\u00fablico, coincidieron en que es necesario que se refuercen las medidas de prevenci\u00f3n, en todos los \u00e1mbitos de la vida cotidiana de los oaxaque\u00f1os.<\/p>\n<p style=\"text-align: justify;\">\u201cEs una incongruencia que, a sabiendas que el transporte p\u00fablico puede ser uno de los principales focos de infecci\u00f3n, no est\u00e9n dotados de dispensadores de gel antibacterial y que les permitan el acceso a personas que no utilizan el cubrebocas.<\/p>\n<p style=\"text-align: justify;\">\u201cEs una negligencia de los concesionarios del transporte p\u00fablico, pero tambi\u00e9n de las autoridades que no lo exigen como un requisito para el uso del servicio\u201d, dijo el dirigente de los constructores oaxaque\u00f1os.<\/p>\n<p style=\"text-align: justify;\">La Asociaci\u00f3n Mexicana de la Industria de la Construcci\u00f3n prepara una propuesta para entregarla a las autoridades estatales y municipales, sobre c\u00f3mo se puede mejorar el servicio de transporte p\u00fablico y sobre todo, como potenciar las medidas de prevenci\u00f3n, derivado del intercambio de informaci\u00f3n con los usuarios de este servicio.<\/p>\n","protected":false},"excerpt":{"rendered":"<p>#Redacci\u00f3nOaxaca #Oaxaca Las brigadas de la Asociaci\u00f3n Mexicana de la Industria de la Construcci\u00f3n, Javier Ch\u00e1vez entregaron caretas y cubrebocas para choferes y usuarios de transporte p\u00fablico, al incrementarse el riesgo de contagios. La Asociaci\u00f3n Mexicana de la Industria de la Construcci\u00f3n (AMIC) despleg\u00f3 nuevamente las Brigadas AMIC en la ciudad de Oaxaca, ante el [&hellip;]<\/p>\n","protected":false},"author":9,"featured_media":0,"comment_status":"open","ping_status":"open","sticky":false,"template":"","format":"standard","meta":{"jetpack_post_was_ever_published":false,"_jetpack_newsletter_access":"","_jetpack_dont_email_post_to_subs":false,"_jetpack_newsletter_tier_id":0,"_jetpack_memberships_contains_paywalled_content":false,"_jetpack_memberships_contains_paid_content":false,"footnotes":"","jetpack_publicize_message":"","jetpack_publicize_feature_enabled":true,"jetpack_social_post_already_shared":false,"jetpack_social_options":{"image_generator_settings":{"template":"highway","default_image_id":0,"font":"","enabled":false},"version":2}},"categories":[3,6,1],"tags":[],"class_list":{"0":"post-14381","1":"post","2":"type-post","3":"status-publish","4":"format-standard","6":"category-mesa-de-redaccion","7":"category-tendencias","8":"category-uncategorized"},"jetpack_publicize_connections":[],"jetpack_featured_media_url":"","jetpack_sharing_enabled":true,"jetpack_shortlink":"https:\/\/wp.me\/p9Ynjw-3JX","jetpack-related-posts":[{"id":14126,"url":"https:\/\/redaccionoaxaca.com\/index.php\/2020\/08\/26\/ante-covid-las-constructoras-debemos-proteger-a-los-trabajadores-amic\/","url_meta":{"origin":14381,"position":0},"title":"Ante covid, las constructoras debemos proteger a los trabajadores: AMIC.","author":"ariadna","date":"agosto 26, 2020","format":false,"excerpt":"#Redacci\u00f3nOaxaca #Oaxaca OAXACA, OAX.- El presidente de la Asociaci\u00f3n Mexicana de la Industria de la Construcci\u00f3n (AMIC), Javier Ch\u00e1vez Rosales asegur\u00f3 que es deber de las empresas constructoras garantizar la salud de los trabajadores de la construcci\u00f3n, ante la pandemia de covid-19 que afecta al mundo. En entrevista con medios\u2026","rel":"","context":"En &quot;Al Cierre&quot;","block_context":{"text":"Al Cierre","link":"https:\/\/redaccionoaxaca.com\/index.php\/category\/al-cierre\/"},"img":{"alt_text":"","src":"","width":0,"height":0},"classes":[]},{"id":10253,"url":"https:\/\/redaccionoaxaca.com\/index.php\/2020\/01\/21\/empresarios-locales-incursionan-en-tecnologias-para-la-recoleccion-de-residuos\/","url_meta":{"origin":14381,"position":1},"title":"EMPRESARIOS LOCALES INCURSIONAN EN TECNOLOG\u00cdAS PARA LA RECOLECCI\u00d3N DE RESIDUOS","author":"denise","date":"enero 21, 2020","format":false,"excerpt":"#Redacci\u00f3nOaxaca Una empresa afiliada a la Asociaci\u00f3n Mexicana de la Industria de la Construcci\u00f3n entreg\u00f3 en tiempo y forma una flotilla de camiones recolectores de residuos s\u00f3lidos para el gobierno del estado de Oaxaca. La empresa mexicana cumpli\u00f3 con las especificaciones de una licitaci\u00f3n p\u00fablica emitida por la Secretar\u00eda del\u2026","rel":"","context":"En &quot;Tendencias&quot;","block_context":{"text":"Tendencias","link":"https:\/\/redaccionoaxaca.com\/index.php\/category\/tendencias\/"},"img":{"alt_text":"","src":"","width":0,"height":0},"classes":[]},{"id":14349,"url":"https:\/\/redaccionoaxaca.com\/index.php\/2020\/09\/11\/video-habilita-la-amic-salas-de-computo-para-clases-virtuales-de-estudiantes-oaxaquenos\/","url_meta":{"origin":14381,"position":2},"title":"VIDEO: Habilita la AMIC salas de c\u00f3mputo para clases virtuales de estudiantes oaxaque\u00f1os.","author":"ariadna","date":"septiembre 11, 2020","format":false,"excerpt":"#Redacci\u00f3nOaxaca #Oaxaca El presidente de la Asociaci\u00f3n Mexicana de la Industria de la Construcci\u00f3n, Javier Ch\u00e1vez asegur\u00f3 que el espacio est\u00e1 destinado a todos los estudiantes que requieran internet y computadoras, de manera gratuita. El presidente de la Asociaci\u00f3n Mexicana de la Industria de la Construcci\u00f3n, Javier Ch\u00e1vez anunci\u00f3 la\u2026","rel":"","context":"En &quot;Al Cierre&quot;","block_context":{"text":"Al Cierre","link":"https:\/\/redaccionoaxaca.com\/index.php\/category\/al-cierre\/"},"img":{"alt_text":"","src":"","width":0,"height":0},"classes":[]},{"id":14441,"url":"https:\/\/redaccionoaxaca.com\/index.php\/2020\/09\/21\/municipio-de-oaxaca-de-juarez-multa-a-la-amic-por-intentar-realizar-trabajo-social-de-bacheo-en-el-parque-del-amor-ante-socavones-por-donde-transitan-automovilistas-diariamente\/","url_meta":{"origin":14381,"position":3},"title":"VIDEO: Municipio de Oaxaca de Ju\u00e1rez multa a la AMIC por intentar realizar trabajo social de bacheo en el Parque del Amor, ante los socavones que se observan por donde transitan automovilistas diariamente.","author":"ariadna","date":"septiembre 21, 2020","format":"video","excerpt":"#Redacci\u00f3nOaxaca #Oaxaca Ariadna Mendoza Las intensas lluvias y la nula atenci\u00f3n por parte de la autoridad municipal de Oaxaca de Ju\u00e1rez, han permitido que enormes hoyos se observan en diversas calles del municipio, situaci\u00f3n que provoc\u00f3 que este medio d\u00eda del lunes, trabajadores de la Asociacion Mexicana de la Industria\u2026","rel":"","context":"En &quot;Agenda Pol\u00edtica&quot;","block_context":{"text":"Agenda Pol\u00edtica","link":"https:\/\/redaccionoaxaca.com\/index.php\/category\/agenda-politica\/"},"img":{"alt_text":"","src":"https:\/\/i0.wp.com\/redaccionoaxaca.com\/wp-content\/uploads\/2020\/09\/20200921_191720-241x300.jpg?resize=350%2C200","width":350,"height":200},"classes":[]},{"id":14701,"url":"https:\/\/redaccionoaxaca.com\/index.php\/2020\/10\/12\/abrira-amic-ventanilla-de-apoyo-para-empresas-afectadas-por-la-crisis-economica\/","url_meta":{"origin":14381,"position":4},"title":"Abrir\u00e1 AMIC ventanilla de apoyo para empresas afectadas por la crisis econ\u00f3mica.","author":"ariadna","date":"octubre 12, 2020","format":false,"excerpt":"#Redacci\u00f3nOaxaca #Oaxaca\u00a0 \u00b7El presidente de la Asociaci\u00f3n Mexicana de la Industria de la Construcci\u00f3n, Javier Ch\u00e1vez llam\u00f3 al sector empresarial a acercarse a la organizaci\u00f3n, para conformar un frente com\u00fan que enfrente la crisis generada por el covid OAXACA, OAX.- El presidente de la Asociaci\u00f3n Mexicana de la Industria de\u2026","rel":"","context":"En &quot;Al Cierre&quot;","block_context":{"text":"Al Cierre","link":"https:\/\/redaccionoaxaca.com\/index.php\/category\/al-cierre\/"},"img":{"alt_text":"","src":"","width":0,"height":0},"classes":[]},{"id":12066,"url":"https:\/\/redaccionoaxaca.com\/index.php\/2020\/04\/28\/video-por-instruccion-del-gobernador-amh-se-sanitiza-la-central-de-abasto\/","url_meta":{"origin":14381,"position":5},"title":"VIDEO: Por instrucci\u00f3n del gobernador AMH se sanitiza la Central de Abasto.","author":"ariadna","date":"abril 28, 2020","format":false,"excerpt":"#Redacci\u00f3nOaxaca #Oaxaca \u00b7 Se entregaron m\u00e1s de 500 caretas y 15 mil cubrebocas a locatarios y compradores, continuar\u00e1n realiz\u00e1ndose m\u00e1s entregas de estos utensilios en pr\u00f3ximos d\u00edas \u00b7 Personal de los SSO, SSPO, CEPCO y de la Secretar\u00eda de Econom\u00eda, participaron en estas acciones Oaxaca de Ju\u00e1rez, Oax. 28 de\u2026","rel":"","context":"En &quot;Al Cierre&quot;","block_context":{"text":"Al Cierre","link":"https:\/\/redaccionoaxaca.com\/index.php\/category\/al-cierre\/"},"img":{"alt_text":"","src":"","width":0,"height":0},"classes":[]}],"_links":{"self":[{"href":"https:\/\/redaccionoaxaca.com\/index.php\/wp-json\/wp\/v2\/posts\/14381","targetHints":{"allow":["GET"]}}],"collection":[{"href":"https:\/\/redaccionoaxaca.com\/index.php\/wp-json\/wp\/v2\/posts"}],"about":[{"href":"https:\/\/redaccionoaxaca.com\/index.php\/wp-json\/wp\/v2\/types\/post"}],"author":[{"embeddable":true,"href":"https:\/\/redaccionoaxaca.com\/index.php\/wp-json\/wp\/v2\/users\/9"}],"replies":[{"embeddable":true,"href":"https:\/\/redaccionoaxaca.com\/index.php\/wp-json\/wp\/v2\/comments?post=14381"}],"version-history":[{"count":1,"href":"https:\/\/redaccionoaxaca.com\/index.php\/wp-json\/wp\/v2\/posts\/14381\/revisions"}],"predecessor-version":[{"id":14383,"href":"https:\/\/redaccionoaxaca.com\/index.php\/wp-json\/wp\/v2\/posts\/14381\/revisions\/14383"}],"wp:attachment":[{"href":"https:\/\/redaccionoaxaca.com\/index.php\/wp-json\/wp\/v2\/media?parent=14381"}],"wp:term":[{"taxonomy":"category","embeddable":true,"href":"https:\/\/redaccionoaxaca.com\/index.php\/wp-json\/wp\/v2\/categories?post=14381"},{"taxonomy":"post_tag","embeddable":true,"href":"https:\/\/redaccionoaxaca.com\/index.php\/wp-json\/wp\/v2\/tags?post=14381"}],"curies":[{"name":"wp","href":"https:\/\/api.w.org\/{rel}","templated":true}]}}