{"id":14424,"date":"2020-09-18T20:29:21","date_gmt":"2020-09-19T01:29:21","guid":{"rendered":"http:\/\/redaccionoaxaca.com\/?p=14424"},"modified":"2020-09-18T20:29:21","modified_gmt":"2020-09-19T01:29:21","slug":"organizadores-de-la-tradicional-muerteada-de-santiaguito-etla-confirman-la-cancelacion-este-ano","status":"publish","type":"post","link":"https:\/\/redaccionoaxaca.com\/index.php\/2020\/09\/18\/organizadores-de-la-tradicional-muerteada-de-santiaguito-etla-confirman-la-cancelacion-este-ano\/","title":{"rendered":"Organizadores de la tradicional muerteada de Santiaguito Etla confirman la cancelaci\u00f3n este a\u00f1o."},"content":{"rendered":"<p style=\"text-align: justify;\"><strong>#Redacci\u00f3nOaxaca<\/strong><\/p>\n<p style=\"text-align: justify;\"><strong>#Oaxaca<\/strong><\/p>\n<p style=\"text-align: justify;\"><strong>Maira Ric\u00e1rdez<\/strong><\/p>\n<p style=\"text-align: justify;\">Este 2020 una de las fiestas de m\u00e1s tradici\u00f3n y gusto en los Valles Centrales del Estado tampoco ser\u00e1, como consecuencia de la pandemia. La autoridad de Santiaguito Etla ha confirmado que de aqu\u00ed a lo que resta del a\u00f1o quedan cancelados todo tipo de actos masivos, incluidas las muerteadas de la localidad.<\/p>\n<p style=\"text-align: justify;\">Las muerteadas, que atraen a visitantes nacionales, extranjeros y por supuesto locales, han sido pospuestas para el 2021, explic\u00f3 el organizador principal de la muerteada de Santiaguito Etla, Eric Pablo Moreno Bautista.<\/p>\n<p style=\"text-align: justify;\">De esta manera este a\u00f1o quedaron sin efecto las tradicionales muerteadas; la del 1\u00ba. De Noviembre que dura 22 horas, y la de la octava que dura 14. Las tres bandas de viento que hab\u00edan sido contratadas hab\u00edan pasado por una rigurosa selecci\u00f3n explic\u00f3, dos son de la localidad y una m\u00e1s vendr\u00eda desde el Estado de M\u00e9xico., no se les cancelo el contrato aclar\u00f3, solo se pospuso la fecha, hac\u00eda el 2021.<\/p>\n<p style=\"text-align: justify;\">Cada a\u00f1o son m\u00e1s los participantes del pecualiar festejop recalc\u00f3, m\u00e1s habitantes de la misma localidad que con meses de anticipaci\u00f3n se anotan en la lista de los organizadores para que la muerteada con la respectiva banda, pasen a bailar y a llevar fiesta a su casa. El n\u00famero de visitantes ya es incalculable comentan, pues se despliegan por todas las calles del pueblo.<\/p>\n<p style=\"text-align: justify;\">La fiesta, vale la pena recordarlo, es en honor a los muertos, pero la disfrutan sin igual los vivos. Los participantes surgen simult\u00e1neamente, las muerteadas de Santiaguito Etla son toda una tradici\u00f3n que re\u00fane a propios y extra\u00f1os., participan dos barrios en la del 1\u00ba. De noviembre, y un barrio en la octava.<\/p>\n<p style=\"text-align: justify;\">Los disfraces son muy elaborados, este a\u00f1o los pedidos de materiales han sido cancelados en su mayor\u00eda, pues la tradici\u00f3n marca que los vistosos atuendos de la fecha ser\u00e1n con motivo de personajes de moda, y esto cambia constantemente. Los preparativos de los mismos comienzan pr\u00e1cticamente desde diciembre. Una vez que concluye la muerteada anual se comienza a pensar en lo que se har\u00e1 el siguiente a\u00f1o y como se habr\u00e1n de caracterizar, ya sea de manera individual o grupal, pero los disfraces de Santiaguito Etla siempre marcan pauta, hubo tristeza reconoce el organizador, primero esperanza de que hac\u00eda esa recta final del a\u00f1o el covid ya habr\u00eda sido superado, sin embargo no paso y hace apenas unos d\u00edas hubo una nueva reuni\u00f3n donde se confirm\u00f3 la cancelaci\u00f3n de la muerteada 2020.<\/p>\n","protected":false},"excerpt":{"rendered":"<p>#Redacci\u00f3nOaxaca #Oaxaca Maira Ric\u00e1rdez Este 2020 una de las fiestas de m\u00e1s tradici\u00f3n y gusto en los Valles Centrales del Estado tampoco ser\u00e1, como consecuencia de la pandemia. La autoridad de Santiaguito Etla ha confirmado que de aqu\u00ed a lo que resta del a\u00f1o quedan cancelados todo tipo de actos masivos, incluidas las muerteadas de [&hellip;]<\/p>\n","protected":false},"author":9,"featured_media":0,"comment_status":"open","ping_status":"open","sticky":false,"template":"","format":"standard","meta":{"jetpack_post_was_ever_published":false,"_jetpack_newsletter_access":"","_jetpack_dont_email_post_to_subs":false,"_jetpack_newsletter_tier_id":0,"_jetpack_memberships_contains_paywalled_content":false,"_jetpack_memberships_contains_paid_content":false,"footnotes":"","jetpack_publicize_message":"","jetpack_publicize_feature_enabled":true,"jetpack_social_post_already_shared":false,"jetpack_social_options":{"image_generator_settings":{"template":"highway","default_image_id":0,"font":"","enabled":false},"version":2}},"categories":[3,6,1],"tags":[],"class_list":{"0":"post-14424","1":"post","2":"type-post","3":"status-publish","4":"format-standard","6":"category-mesa-de-redaccion","7":"category-tendencias","8":"category-uncategorized"},"jetpack_publicize_connections":[],"jetpack_featured_media_url":"","jetpack_sharing_enabled":true,"jetpack_shortlink":"https:\/\/wp.me\/p9Ynjw-3KE","jetpack-related-posts":[{"id":23086,"url":"https:\/\/redaccionoaxaca.com\/index.php\/2021\/12\/23\/iniciativa-privada-y-el-municipio-de-etla-y-el-de-ocotlan-exponen-las-obras-que-estaban-listas-para-exponerse-en-la-tradicional-noche-de-rabano\/","url_meta":{"origin":14424,"position":0},"title":"Iniciativa privada y el Municipio de Etla y el de Ocotl\u00e1n exponen las obras que estaban listas para exponerse en la tradicional noche de r\u00e1bano.","author":"ariadna","date":"diciembre 23, 2021","format":false,"excerpt":"#Redacci\u00f3nOaxaca #Oaxaca #MairaRic\u00e1rdezLuna Ante la cancelaci\u00f3n de la fiesta oficial de la noche de r\u00e1banos 2021, algunos de los hortelanos que ya estaban inscritos como participantes buscaron algunas sedes alternas en espacios con acceso al p\u00fablico, para mostrar su obra. Lamentan que haya sido cancelado este esperado evento que este\u2026","rel":"","context":"En &quot;Mesa de Redacci\u00f3n&quot;","block_context":{"text":"Mesa de Redacci\u00f3n","link":"https:\/\/redaccionoaxaca.com\/index.php\/category\/mesa-de-redaccion\/"},"img":{"alt_text":"","src":"","width":0,"height":0},"classes":[]},{"id":28321,"url":"https:\/\/redaccionoaxaca.com\/index.php\/2022\/10\/18\/etla-listo-para-una-de-sus-mejores-fiestas-del-ano-las-tradicionales-muerteadas\/","url_meta":{"origin":14424,"position":1},"title":"Etla listo para una de sus mejores fiestas del a\u00f1o: las tradicionales muerteadas","author":"ariadna","date":"octubre 18, 2022","format":false,"excerpt":"#Redacci\u00f3nOaxaca #Oaxaca Maira Ric\u00e1rdez Luna Esta localidad de los Valles Centrales, distante a solo media hora de la ciudad de Oaxaca de Juarez, la Villa de Etla, se prepara para vivir su temporada m\u00e1s importante del a\u00f1o a trav\u00e9s de sus tradicionales y populares \u201cmuerteadas\u201d. Las fiestas arrancan el 01\u2026","rel":"","context":"En &quot;Imagen&quot;","block_context":{"text":"Imagen","link":"https:\/\/redaccionoaxaca.com\/index.php\/category\/imagen\/"},"img":{"alt_text":"","src":"","width":0,"height":0},"classes":[]},{"id":37985,"url":"https:\/\/redaccionoaxaca.com\/index.php\/2025\/08\/23\/en-la-inauguracion-de-obras-de-modernizacion-del-tec-valle-de-etla-formalizan-solicitud-para-conectar-suchilquitongo-a-la-super-carretera-oaxaca-cuacnopalan\/","url_meta":{"origin":14424,"position":2},"title":"En la inauguraci\u00f3n de obras de modernizaci\u00f3n del Tec Valle de Etla, formalizan solicitud para conectar Suchilquitongo a la super carretera Oaxaca Cuacnopalan","author":"ariadna","date":"agosto 23, 2025","format":false,"excerpt":"#Redacci\u00f3nOaxaca #Oaxaca #Maira Ric\u00e1rdez Luna El Director Nacional de Tecnol\u00f3gicos del pa\u00eds, Prof. Ram\u00f3n Jim\u00e9nez L\u00f3pez estuvo en Oaxaca para inaugurar en el TECNM - Valle de Etla en Suchilquitongo obras y servicios en esta instituci\u00f3n que tiene una matricula escolar superior a los 2 mil estudiantes. El plantel cabe\u2026","rel":"","context":"En &quot;Imagen&quot;","block_context":{"text":"Imagen","link":"https:\/\/redaccionoaxaca.com\/index.php\/category\/imagen\/"},"img":{"alt_text":"","src":"https:\/\/i0.wp.com\/redaccionoaxaca.com\/wp-content\/uploads\/2025\/08\/Screenshot_20250823_152037_WhatsApp-scaled.jpg?fit=1200%2C597&ssl=1&resize=350%2C200","width":350,"height":200,"srcset":"https:\/\/i0.wp.com\/redaccionoaxaca.com\/wp-content\/uploads\/2025\/08\/Screenshot_20250823_152037_WhatsApp-scaled.jpg?fit=1200%2C597&ssl=1&resize=350%2C200 1x, https:\/\/i0.wp.com\/redaccionoaxaca.com\/wp-content\/uploads\/2025\/08\/Screenshot_20250823_152037_WhatsApp-scaled.jpg?fit=1200%2C597&ssl=1&resize=525%2C300 1.5x, https:\/\/i0.wp.com\/redaccionoaxaca.com\/wp-content\/uploads\/2025\/08\/Screenshot_20250823_152037_WhatsApp-scaled.jpg?fit=1200%2C597&ssl=1&resize=700%2C400 2x, https:\/\/i0.wp.com\/redaccionoaxaca.com\/wp-content\/uploads\/2025\/08\/Screenshot_20250823_152037_WhatsApp-scaled.jpg?fit=1200%2C597&ssl=1&resize=1050%2C600 3x"},"classes":[]},{"id":17713,"url":"https:\/\/redaccionoaxaca.com\/index.php\/2021\/03\/24\/videos-a-servidores-de-la-nacion-se-les-acabaron-las-vacunas-y-lo-retienen-en-municipio-de-oaxaca\/","url_meta":{"origin":14424,"position":3},"title":"VIDEOS: A Servidores de la Naci\u00f3n se les acabaron las vacunas y lo retienen en municipio de Oaxaca.","author":"ariadna","date":"marzo 24, 2021","format":"video","excerpt":"#Redacci\u00f3nOaxaca #Oaxaca Citlalli L\u00f3pez Vel\u00e1zquez Servidores de la Naci\u00f3n y personal de la Secretar\u00eda de Bienestar fueron retenidos por habitantes de la Villa de #Zaachila, municipio de Oaxaca, luego de que se terminaran las vacunas contra la Covid-19 y quedara una larga fila de personas adultas mayores que no alcanzaron\u2026","rel":"","context":"En &quot;Agenda Pol\u00edtica&quot;","block_context":{"text":"Agenda Pol\u00edtica","link":"https:\/\/redaccionoaxaca.com\/index.php\/category\/agenda-politica\/"},"img":{"alt_text":"","src":"","width":0,"height":0},"classes":[]},{"id":13610,"url":"https:\/\/redaccionoaxaca.com\/index.php\/2020\/07\/28\/la-reproduccion-de-venados-cola-blanca-en-bosques-de-etla-acrecienta-la-posibilidad-de-vida-y-permanencia-del-puma-en-los-valles-centrales-del-estado\/","url_meta":{"origin":14424,"position":4},"title":"La reproducci\u00f3n de venados cola blanca en bosques de Etla, acrecienta la posibilidad de vida y permanencia del puma en los Valles Centrales del Estado.","author":"ariadna","date":"julio 28, 2020","format":false,"excerpt":"#Redacci\u00f3nOaxaca #Oaxaca Maira Ric\u00e1rdez Son los cazadores furtivos, el riesgo m\u00e1s grave, que a\u00fan en tiempo de pandemia son un reto a enfrentar para los Comisariados Ejidales organizados para la protecci\u00f3n de sus bosques y los recursos que de estos emanan; incluso miembros de clubs de caza han sido advertidos\u2026","rel":"","context":"En &quot;Al Cierre&quot;","block_context":{"text":"Al Cierre","link":"https:\/\/redaccionoaxaca.com\/index.php\/category\/al-cierre\/"},"img":{"alt_text":"","src":"","width":0,"height":0},"classes":[]},{"id":17009,"url":"https:\/\/redaccionoaxaca.com\/index.php\/2021\/02\/21\/con-10-nuevas-salas-de-audiencias-orales-el-pje-fortalece-el-sistema-penal\/","url_meta":{"origin":14424,"position":5},"title":"VIDEO: Con 10 nuevas salas de audiencias orales  el PJE fortalece el sistema penal.","author":"ariadna","date":"febrero 21, 2021","format":"video","excerpt":"#Redacci\u00f3nOaxaca #Oaxaca Al poner en marcha dos salas de audiencias orales que reforzar\u00e1n las labores del Juzgado de Control de Etla, el titular del Poder Judicial del Estado, magistrado Eduardo Pinacho S\u00e1nchez anunci\u00f3 que el pr\u00f3ximo mes de marzo entrar\u00e1 en funcionamiento el Centro de Justicia de Ixtl\u00e1n que contar\u00e1\u2026","rel":"","context":"En &quot;Agenda Pol\u00edtica&quot;","block_context":{"text":"Agenda Pol\u00edtica","link":"https:\/\/redaccionoaxaca.com\/index.php\/category\/agenda-politica\/"},"img":{"alt_text":"","src":"https:\/\/i0.wp.com\/redaccionoaxaca.com\/wp-content\/uploads\/2021\/02\/VideoCapture_20210221-195014-300x165.jpg?resize=350%2C200","width":350,"height":200},"classes":[]}],"_links":{"self":[{"href":"https:\/\/redaccionoaxaca.com\/index.php\/wp-json\/wp\/v2\/posts\/14424","targetHints":{"allow":["GET"]}}],"collection":[{"href":"https:\/\/redaccionoaxaca.com\/index.php\/wp-json\/wp\/v2\/posts"}],"about":[{"href":"https:\/\/redaccionoaxaca.com\/index.php\/wp-json\/wp\/v2\/types\/post"}],"author":[{"embeddable":true,"href":"https:\/\/redaccionoaxaca.com\/index.php\/wp-json\/wp\/v2\/users\/9"}],"replies":[{"embeddable":true,"href":"https:\/\/redaccionoaxaca.com\/index.php\/wp-json\/wp\/v2\/comments?post=14424"}],"version-history":[{"count":1,"href":"https:\/\/redaccionoaxaca.com\/index.php\/wp-json\/wp\/v2\/posts\/14424\/revisions"}],"predecessor-version":[{"id":14427,"href":"https:\/\/redaccionoaxaca.com\/index.php\/wp-json\/wp\/v2\/posts\/14424\/revisions\/14427"}],"wp:attachment":[{"href":"https:\/\/redaccionoaxaca.com\/index.php\/wp-json\/wp\/v2\/media?parent=14424"}],"wp:term":[{"taxonomy":"category","embeddable":true,"href":"https:\/\/redaccionoaxaca.com\/index.php\/wp-json\/wp\/v2\/categories?post=14424"},{"taxonomy":"post_tag","embeddable":true,"href":"https:\/\/redaccionoaxaca.com\/index.php\/wp-json\/wp\/v2\/tags?post=14424"}],"curies":[{"name":"wp","href":"https:\/\/api.w.org\/{rel}","templated":true}]}}