{"id":14430,"date":"2020-09-19T12:07:15","date_gmt":"2020-09-19T17:07:15","guid":{"rendered":"http:\/\/redaccionoaxaca.com\/?p=14430"},"modified":"2020-09-19T12:07:15","modified_gmt":"2020-09-19T17:07:15","slug":"mult-retiene-cuadrilla-de-la-guardia-nacional-en-zona-triqui","status":"publish","type":"post","link":"https:\/\/redaccionoaxaca.com\/index.php\/2020\/09\/19\/mult-retiene-cuadrilla-de-la-guardia-nacional-en-zona-triqui\/","title":{"rendered":"Mult retiene cuadrilla de la Guardia Nacional en zona Triqui."},"content":{"rendered":"<p style=\"text-align: justify;\"><strong>#Redacci\u00f3nOaxaca<\/strong><\/p>\n<p style=\"text-align: justify;\"><strong>#Oaxaca<\/strong><\/p>\n<p><strong>Jaime Guerrero<\/strong><\/p>\n<p style=\"text-align: justify;\">Habitantes de Llano Nopal y otras comunidades del Movimiento de Unificaci\u00f3n de Lucha Triqui (MULT) en el municipio de Tlaxiaco, retuvieron a efectivos de la Guardia Nacional que circulaban en esa zona de la Mixteca de Oaxaca.<\/p>\n<p style=\"text-align: justify;\">De acuerdo con fotograf\u00edas que fueron filtradas, se observa como el veh\u00edculo de la Guardia Nacional es rodeada por personas y veh\u00edculos particulares de ciudadanos de la poblaci\u00f3n.<\/p>\n<p><img data-recalc-dims=\"1\" loading=\"lazy\" decoding=\"async\" class=\"size-medium wp-image-14431 alignleft\" src=\"https:\/\/i0.wp.com\/redaccionoaxaca.com\/wp-content\/uploads\/2020\/09\/IMG-20200919-WA0063-300x225.jpg?resize=300%2C225\" alt=\"\" width=\"300\" height=\"225\" \/><\/p>\n<p style=\"text-align: justify;\">La inconformidad se gener\u00f3 luego que las autoridades de la zona no fueron avisados de la presencia de efectivos de la Guardia Nacional, situaci\u00f3n que alert\u00f3 a los ciudadanos, quienes determinaron retener la unidad y a los uniformados.<\/p>\n<p style=\"text-align: justify;\">Los mandos de la GN dialogaron con los pobladores y tras varias horas fueron liberados y escoltados para salir de la esa comunidad.<\/p>\n<p style=\"text-align: justify;\">En la regi\u00f3n Triqui de Oaxaca se ha reportado la localizaci\u00f3n de plant\u00edos de enervantes.<\/p>\n<p><img data-recalc-dims=\"1\" loading=\"lazy\" decoding=\"async\" class=\"size-medium wp-image-14432 aligncenter\" src=\"https:\/\/i0.wp.com\/redaccionoaxaca.com\/wp-content\/uploads\/2020\/09\/IMG-20200919-WA0064-300x138.jpg?resize=300%2C138\" alt=\"\" width=\"300\" height=\"138\" \/><\/p>\n","protected":false},"excerpt":{"rendered":"<p>#Redacci\u00f3nOaxaca #Oaxaca Jaime Guerrero Habitantes de Llano Nopal y otras comunidades del Movimiento de Unificaci\u00f3n de Lucha Triqui (MULT) en el municipio de Tlaxiaco, retuvieron a efectivos de la Guardia Nacional que circulaban en esa zona de la Mixteca de Oaxaca. De acuerdo con fotograf\u00edas que fueron filtradas, se observa como el veh\u00edculo de la [&hellip;]<\/p>\n","protected":false},"author":9,"featured_media":0,"comment_status":"open","ping_status":"open","sticky":false,"template":"","format":"standard","meta":{"jetpack_post_was_ever_published":false,"_jetpack_newsletter_access":"","_jetpack_dont_email_post_to_subs":false,"_jetpack_newsletter_tier_id":0,"_jetpack_memberships_contains_paywalled_content":false,"_jetpack_memberships_contains_paid_content":false,"footnotes":"","jetpack_publicize_message":"","jetpack_publicize_feature_enabled":true,"jetpack_social_post_already_shared":false,"jetpack_social_options":{"image_generator_settings":{"template":"highway","default_image_id":0,"font":"","enabled":false},"version":2}},"categories":[7,3,6,1],"tags":[],"class_list":{"0":"post-14430","1":"post","2":"type-post","3":"status-publish","4":"format-standard","6":"category-al-cierre","7":"category-mesa-de-redaccion","8":"category-tendencias","9":"category-uncategorized"},"jetpack_publicize_connections":[],"jetpack_featured_media_url":"","jetpack_sharing_enabled":true,"jetpack_shortlink":"https:\/\/wp.me\/p9Ynjw-3KK","jetpack-related-posts":[{"id":16371,"url":"https:\/\/redaccionoaxaca.com\/index.php\/2021\/01\/21\/con-bloqueo-mult-i-exige-entrada-de-guardia-nacional-a-tierra-blanca-copala\/","url_meta":{"origin":14430,"position":0},"title":"Con bloqueo MULT-I exige entrada de Guardia Nacional a Tierra Blanca Copala.","author":"ariadna","date":"enero 21, 2021","format":false,"excerpt":"#Redacci\u00f3nOaxaca #Oaxaca Sayra Cruz Integrantes del Movimiento de Unificaci\u00f3n de Lucha Triqui - Independiente (MULT-I) emprendieron movilizaciones este d\u00eda para pedir la entrada de la Guardia Nacional de manera inmediata a Tierra Blanca Copala. En el crucero de Hacienda Blanca, sobre la carretera federal 190, se colocaron para cerrar el\u2026","rel":"","context":"En &quot;Al Cierre&quot;","block_context":{"text":"Al Cierre","link":"https:\/\/redaccionoaxaca.com\/index.php\/category\/al-cierre\/"},"img":{"alt_text":"","src":"https:\/\/i0.wp.com\/redaccionoaxaca.com\/wp-content\/uploads\/2021\/01\/WhatsApp-Image-2021-01-21-at-11.40.02-AM-300x225.jpeg?resize=350%2C200","width":350,"height":200},"classes":[]},{"id":16412,"url":"https:\/\/redaccionoaxaca.com\/index.php\/2021\/01\/24\/segego-en-coordinacion-con-la-federacion-implementa-un-plan-integral-de-seguridad-en-la-zona-triqui\/","url_meta":{"origin":14430,"position":1},"title":"Segego en coordinaci\u00f3n con la Federaci\u00f3n, implementa un Plan Integral de Seguridad en la zona Triqui.","author":"ariadna","date":"enero 24, 2021","format":false,"excerpt":"#Redacci\u00f3nOaxaca #Oaxaca \u2022 Una comisi\u00f3n de la Secretar\u00eda General de Gobierno junto con la Guardia Nacional, Comisi\u00f3n Nacional de los Derechos Humanos, Secretar\u00eda de Seguridad Publica, Defensor\u00eda de los Derechos Humanos del Pueblo de Oaxaca (DDHPO), y dependencias estatales, se trasladaron a la zona Triqui \u2022 La Secretar\u00eda General de\u2026","rel":"","context":"En &quot;Al Cierre&quot;","block_context":{"text":"Al Cierre","link":"https:\/\/redaccionoaxaca.com\/index.php\/category\/al-cierre\/"},"img":{"alt_text":"","src":"https:\/\/i0.wp.com\/redaccionoaxaca.com\/wp-content\/uploads\/2021\/01\/IMG-20210124-WA0005-300x225.jpg?resize=350%2C200","width":350,"height":200},"classes":[]},{"id":16334,"url":"https:\/\/redaccionoaxaca.com\/index.php\/2021\/01\/19\/personas-desplazadas-de-tierra-blanca-copala-protestaron-este-martes-en-la-alameda-de-esta-ciudad-para-exigir-seguridad-en-la-zona-triqui\/","url_meta":{"origin":14430,"position":2},"title":"VIDEO: Personas desplazadas de Tierra Blanca Copala, protestaron este martes en la Alameda de esta ciudad para exigir seguridad en la zona triqui.\u00a0","author":"ariadna","date":"enero 19, 2021","format":"video","excerpt":"#Redacci\u00f3nOaxaca #Oaxaca Sayra Cruz Un grupo de personas desplazadas de Tierra Blanca Copala, protestaron este martes en la Alameda de esta ciudad para exigir seguridad en la zona triqui. Acusaron que despu\u00e9s del retiro de los elementos\u00a0 de seguridad como Guardia Nacional, Polic\u00eda Estatal, el 15 de enero, inici\u00f3 la\u2026","rel":"","context":"En &quot;Al Cierre&quot;","block_context":{"text":"Al Cierre","link":"https:\/\/redaccionoaxaca.com\/index.php\/category\/al-cierre\/"},"img":{"alt_text":"","src":"","width":0,"height":0},"classes":[]},{"id":16380,"url":"https:\/\/redaccionoaxaca.com\/index.php\/2021\/01\/21\/el-control-de-tierra-blanca-el-motivo-de-la-disputa-entre-el-multi-y-mult-falso-que-existan-casas-quemadas-ninos-y-mujeres-heridas-segego\/","url_meta":{"origin":14430,"position":3},"title":"El control de Tierra Blanca, el motivo de la disputa entre el MULTI y MULT;  falso que existan casas quemadas, ni\u00f1os y mujeres heridas: Segego.","author":"ariadna","date":"enero 21, 2021","format":false,"excerpt":"#Redacci\u00f3nOaxaca #Oaxaca Jaime GUERRERO El Secretario General de Gobierno, Francisco Garc\u00eda L\u00f3pez, revel\u00f3 que el fondo del conflicto entre el Movimiento de Unificaci\u00f3n y Lucha Triqui con el Movimiento de Unificaci\u00f3n y Lucha Triqui Independiente es la disputa y control de la Agencia de Tierra Blanca, comunidad que era controlada\u2026","rel":"","context":"En &quot;Agenda Pol\u00edtica&quot;","block_context":{"text":"Agenda Pol\u00edtica","link":"https:\/\/redaccionoaxaca.com\/index.php\/category\/agenda-politica\/"},"img":{"alt_text":"","src":"","width":0,"height":0},"classes":[]},{"id":6690,"url":"https:\/\/redaccionoaxaca.com\/index.php\/2019\/05\/08\/aplaza-guardia-nacional-llegada-a-oaxaca\/","url_meta":{"origin":14430,"position":4},"title":"Aplaza Guardia Nacional, llegada a Oaxaca.","author":"jaime","date":"mayo 8, 2019","format":false,"excerpt":"#Redacci\u00f3nOaxaca #Oaxaca \u00a0 Jaime GUERRERO \u00a0 El gobernador del Estado, Alejandro Murat Hinojosa, confirm\u00f3 que Oaxaca no es de los Estados del pa\u00eds prioritarios para el arribo de la Guardia Nacional, por tanto, ese cuerpo de seguridad aun retrasara unos d\u00edas su llegada al Estado. El mandatario estatal indic\u00f3 que\u2026","rel":"","context":"Entrada similar ","block_context":{"text":"Entrada similar ","link":""},"img":{"alt_text":"","src":"","width":0,"height":0},"classes":[]},{"id":16579,"url":"https:\/\/redaccionoaxaca.com\/index.php\/2021\/01\/29\/segob-convoca-a-mesa-de-paz-a-mult-multi-y-ubisort-no-todos-quieren-regresar-a-zona-triqui-confirma-encinas\/","url_meta":{"origin":14430,"position":5},"title":"VIDEO: Segob convoca a mesa de paz a MULT, MULTI y UBISORT, \u201cno todos quieren regresar\u201d a zona Triqui, confirma Encinas.","author":"ariadna","date":"enero 29, 2021","format":"video","excerpt":"#Redacci\u00f3nOaxaca #Oaxaca Jaime GUERRERO El subsecretario de Derechos Humanos de la Secretar\u00eda de Gobernaci\u00f3n, Alejandro Encinas, propuso este viernes la instalaci\u00f3n de una mesa de paz para resolver el conflicto que se registra en la regi\u00f3n triqui de Oaxaca, en los municipios de San Juan Copala, San Miguel Copala y\u2026","rel":"","context":"En &quot;Agenda Pol\u00edtica&quot;","block_context":{"text":"Agenda Pol\u00edtica","link":"https:\/\/redaccionoaxaca.com\/index.php\/category\/agenda-politica\/"},"img":{"alt_text":"","src":"","width":0,"height":0},"classes":[]}],"_links":{"self":[{"href":"https:\/\/redaccionoaxaca.com\/index.php\/wp-json\/wp\/v2\/posts\/14430","targetHints":{"allow":["GET"]}}],"collection":[{"href":"https:\/\/redaccionoaxaca.com\/index.php\/wp-json\/wp\/v2\/posts"}],"about":[{"href":"https:\/\/redaccionoaxaca.com\/index.php\/wp-json\/wp\/v2\/types\/post"}],"author":[{"embeddable":true,"href":"https:\/\/redaccionoaxaca.com\/index.php\/wp-json\/wp\/v2\/users\/9"}],"replies":[{"embeddable":true,"href":"https:\/\/redaccionoaxaca.com\/index.php\/wp-json\/wp\/v2\/comments?post=14430"}],"version-history":[{"count":1,"href":"https:\/\/redaccionoaxaca.com\/index.php\/wp-json\/wp\/v2\/posts\/14430\/revisions"}],"predecessor-version":[{"id":14434,"href":"https:\/\/redaccionoaxaca.com\/index.php\/wp-json\/wp\/v2\/posts\/14430\/revisions\/14434"}],"wp:attachment":[{"href":"https:\/\/redaccionoaxaca.com\/index.php\/wp-json\/wp\/v2\/media?parent=14430"}],"wp:term":[{"taxonomy":"category","embeddable":true,"href":"https:\/\/redaccionoaxaca.com\/index.php\/wp-json\/wp\/v2\/categories?post=14430"},{"taxonomy":"post_tag","embeddable":true,"href":"https:\/\/redaccionoaxaca.com\/index.php\/wp-json\/wp\/v2\/tags?post=14430"}],"curies":[{"name":"wp","href":"https:\/\/api.w.org\/{rel}","templated":true}]}}