{"id":14435,"date":"2020-09-21T18:32:11","date_gmt":"2020-09-21T23:32:11","guid":{"rendered":"http:\/\/redaccionoaxaca.com\/?p=14435"},"modified":"2020-09-21T18:32:11","modified_gmt":"2020-09-21T23:32:11","slug":"confirma-municipio-de-tlaxiaco-que-por-determinacion-del-pueblo-no-permitira-instalacion-de-ambulantes","status":"publish","type":"post","link":"https:\/\/redaccionoaxaca.com\/index.php\/2020\/09\/21\/confirma-municipio-de-tlaxiaco-que-por-determinacion-del-pueblo-no-permitira-instalacion-de-ambulantes\/","title":{"rendered":"Confirma Municipio de Tlaxiaco que por determinaci\u00f3n del pueblo no permitir\u00e1 instalaci\u00f3n de ambulantes."},"content":{"rendered":"<p style=\"text-align: justify;\"><strong>#Redacci\u00f3nOaxaca<\/strong><\/p>\n<p style=\"text-align: justify;\"><strong>#Oaxaca<\/strong><\/p>\n<p style=\"text-align: justify;\"><strong>Maira Ric\u00e1rdez <\/strong><\/p>\n<p style=\"text-align: justify;\">El tema del ambulantaje es un problema complejo en el estado y en el pa\u00eds, lo es tambi\u00e9n en Tlaxiaco reconoci\u00f3 el Mun\u00edcipe, Gaudencio Ortiz, al referirse a la problem\u00e1tica que ese Municipio Mixteco ha tenido en las \u00faltimas semanas con vendedores ambulantes; el tema es que ya se les asign\u00f3 espacios en el Mercado local \u201cSan Miguel\u201d pero se niegan a aceptar, insisten en mantenerse como propietarios de un espacio p\u00fablico principal como lo es la plaza de la Constituci\u00f3n se\u00f1al\u00f3.<\/p>\n<p style=\"text-align: justify;\">Los desencuentros han sido constantes y el pasado viernes se dio otro, cuando los vendedores pretendieron sorprender a todos y amanecer instalados en la zona, no se les permiti\u00f3, pero no los retir\u00f3 la polic\u00eda municipal, fueron los vecinos del centro de Tlaxiaco quienes lo hicieron, as\u00ed lo dijo el Presidente.<\/p>\n<p style=\"text-align: justify;\">El virus del covid est\u00e1 presente en Tlaxiaco como en el resto del estado y el pa\u00eds, al momento suman m\u00e1s de 70 casos confirmados y alrededor de 15 defunciones; esta administraci\u00f3n destac\u00f3, privilegia la vida y por tanto la salud de todos, y los vendedores pretender anteponerse a este derecho universal.<\/p>\n<p style=\"text-align: center;\">Son los l\u00edderes se\u00f1al\u00f3 directamente la autoridad, quienes pretenden seguir regenteando lo que les pagan los vendedores desde hace 20 a\u00f1os en que se instalaban en la plaza de la Constituci\u00f3n, ellos ten\u00edan el control y siguen buscando lucrar.<\/p>\n<p style=\"text-align: justify;\">No es negarles el derecho de venta insisti\u00f3 Gaudencio Ort\u00edz, pero todos fueron enterados de su nuevo lugar asignado dentro del mercado, la autoridad ha sido clara remarc\u00f3, y con apego a la voluntad ciudadana no habr\u00e1n de instalarse en la plaza principal. El s\u00e1bado pasado record\u00f3, estaba concertada una nueva reuni\u00f3n entre la autoridad municipal y 15 representantes de comerciantes, pero estos finalmente desistieron, exigiendo participar los 300, lo cual es imposible en este momento de contingencia.<\/p>\n","protected":false},"excerpt":{"rendered":"<p>#Redacci\u00f3nOaxaca #Oaxaca Maira Ric\u00e1rdez El tema del ambulantaje es un problema complejo en el estado y en el pa\u00eds, lo es tambi\u00e9n en Tlaxiaco reconoci\u00f3 el Mun\u00edcipe, Gaudencio Ortiz, al referirse a la problem\u00e1tica que ese Municipio Mixteco ha tenido en las \u00faltimas semanas con vendedores ambulantes; el tema es que ya se les asign\u00f3 [&hellip;]<\/p>\n","protected":false},"author":9,"featured_media":0,"comment_status":"open","ping_status":"open","sticky":false,"template":"","format":"standard","meta":{"jetpack_post_was_ever_published":false,"_jetpack_newsletter_access":"","_jetpack_dont_email_post_to_subs":false,"_jetpack_newsletter_tier_id":0,"_jetpack_memberships_contains_paywalled_content":false,"_jetpack_memberships_contains_paid_content":false,"footnotes":"","jetpack_publicize_message":"","jetpack_publicize_feature_enabled":true,"jetpack_social_post_already_shared":false,"jetpack_social_options":{"image_generator_settings":{"template":"highway","default_image_id":0,"font":"","enabled":false},"version":2}},"categories":[7,3,6,1],"tags":[],"class_list":{"0":"post-14435","1":"post","2":"type-post","3":"status-publish","4":"format-standard","6":"category-al-cierre","7":"category-mesa-de-redaccion","8":"category-tendencias","9":"category-uncategorized"},"jetpack_publicize_connections":[],"jetpack_featured_media_url":"","jetpack_sharing_enabled":true,"jetpack_shortlink":"https:\/\/wp.me\/p9Ynjw-3KP","jetpack-related-posts":[{"id":23857,"url":"https:\/\/redaccionoaxaca.com\/index.php\/2022\/02\/03\/vendedores-ambulantes-pretenden-enganar-a-la-autoridad-municipal-con-documentacion-fuera-de-regla\/","url_meta":{"origin":14435,"position":0},"title":"Vendedores ambulantes pretenden enga\u00f1ar a la autoridad municipal con documentaci\u00f3n fuera de regla.","author":"ariadna","date":"febrero 3, 2022","format":false,"excerpt":"#Redacci\u00f3nOaxaca #Oaxaca Ariadna Mendoza Este jueves inici\u00f3 la reubicaci\u00f3n de comerciantes ambulantes sobre la calle de Aldama y 20 de noviembre, lugar a donde arrib\u00f3 la Directora de Comercio en V\u00eda Publica, del municipio de Oaxaca de Ju\u00e1rez, Viviana Garc\u00eda, quien estuvo encargada de verificar que estuviera en regla la\u2026","rel":"","context":"En &quot;Imagen&quot;","block_context":{"text":"Imagen","link":"https:\/\/redaccionoaxaca.com\/index.php\/category\/imagen\/"},"img":{"alt_text":"","src":"","width":0,"height":0},"classes":[]},{"id":7196,"url":"https:\/\/redaccionoaxaca.com\/index.php\/2019\/06\/12\/municipio-no-tiene-concesion-de-rio-atoyac-a-federacion-corresponde-retiro-en-ambulantes-dice-edil\/","url_meta":{"origin":14435,"position":1},"title":"Municipio no tiene concesi\u00f3n de R\u00edo Atoyac, a\u00a0Federaci\u00f3n corresponde retiro en ambulantes, dice edil","author":"denise","date":"junio 12, 2019","format":false,"excerpt":"#Redacci\u00f3nOaxaca Jaime GUERRERO\u00a0 El edil capitalino, Oswaldo Garc\u00eda Jarqu\u00edn, desminti\u00f3 que exista una concesi\u00f3n de la Comisi\u00f3n Nacional del Agua (Conagua), al municipio capitalino, para el uso y usufructo de los m\u00e1rgenes del R\u00edo Atoyac, por tanto, corresponde a la federaci\u00f3n entrar al retiro de vendedores que se han instalado\u2026","rel":"","context":"En &quot;Agenda Pol\u00edtica&quot;","block_context":{"text":"Agenda Pol\u00edtica","link":"https:\/\/redaccionoaxaca.com\/index.php\/category\/agenda-politica\/"},"img":{"alt_text":"","src":"","width":0,"height":0},"classes":[]},{"id":12268,"url":"https:\/\/redaccionoaxaca.com\/index.php\/2020\/05\/12\/es-oficial-de-jueves-a-domingo-de-cada-semana-gran-parte-del-centro-historico-sera-ocupado-por-casi-3-mil-ambulantes-aun-en-periodo-de-contingencia\/","url_meta":{"origin":14435,"position":2},"title":"Es oficial, de jueves a domingo de cada semana, gran parte del centro hist\u00f3rico ser\u00e1 ocupado por casi 3 mil ambulantes, a\u00fan en periodo de contingencia.","author":"ariadna","date":"mayo 12, 2020","format":false,"excerpt":"#Redacci\u00f3nOaxaca #Oaxaca Maira Ric\u00e1rdez De jueves a domingo con el permiso del Estado y del Municipio, alrededor de 2,500 ambulantes de Oaxaca de Ju\u00e1rez volvieron formalmente a las calles de la ciudad, eso s\u00ed, con el enf\u00e1tico exhorto de la sana distancia recalc\u00f3 el regidor de Bienes, Panteones, y Servicios\u2026","rel":"","context":"En &quot;Imagen&quot;","block_context":{"text":"Imagen","link":"https:\/\/redaccionoaxaca.com\/index.php\/category\/imagen\/"},"img":{"alt_text":"","src":"","width":0,"height":0},"classes":[]},{"id":6453,"url":"https:\/\/redaccionoaxaca.com\/index.php\/2019\/04\/24\/para-clientelismo-y-prebendas-dirigentes-de-ambulantes-siguen-lucrando-con-las-calles-de-la-capital\/","url_meta":{"origin":14435,"position":3},"title":"Para clientelismo y prebendas, dirigentes de  ambulantes siguen lucrando con las calles de la capital.","author":"jaime","date":"abril 24, 2019","format":false,"excerpt":"#Redacci\u00f3nOaxaca #Oaxaca Jaime GUERRERO Tras el anuncio de\u00a0la reducci\u00f3n del 50 por ciento del comercio informal sobre el Z\u00f3calo, Alameda y Andador Tur\u00edstico, luci\u00f3 igual de infestado de ambulantes, debido a que sus dirigentes contin\u00faan lucrando con los espacios para su clientelismo, prebendas y por su fuera poco otra organizaci\u00f3n\u2026","rel":"","context":"Entrada similar ","block_context":{"text":"Entrada similar ","link":""},"img":{"alt_text":"","src":"","width":0,"height":0},"classes":[]},{"id":20272,"url":"https:\/\/redaccionoaxaca.com\/index.php\/2021\/08\/23\/tras-40-dias-de-cierre-fueros-reabiertas-a-la-circulacion-morelos-y-matamoros-si-los-ambulantes-insisten-en-entrar-volveran-a-cerrarse-advirtio-la-policia-municipal\/","url_meta":{"origin":14435,"position":4},"title":"Tras 40 d\u00edas de cierre, fueros reabiertas a la circulaci\u00f3n Morelos y Matamoros, si los ambulantes insisten en entrar volver\u00e1n a cerrarse, advirti\u00f3 la Polic\u00eda Municipal.","author":"ariadna","date":"agosto 23, 2021","format":false,"excerpt":"#Redacci\u00f3nOaxaca #Oaxaca Maira Ric\u00e1rdez A un mes y una semana del cierre con vallas met\u00e1licas del centro hist\u00f3rico para impedir el acceso de vendedores ambulantes, este lunes 23 de agosto la Polic\u00eda Municipal de Oaxaca de Ju\u00e1rez retir\u00f3 las estructuras en las calles de Morelos y Matamoros, el operativa alfa,\u2026","rel":"","context":"En &quot;Imagen&quot;","block_context":{"text":"Imagen","link":"https:\/\/redaccionoaxaca.com\/index.php\/category\/imagen\/"},"img":{"alt_text":"","src":"","width":0,"height":0},"classes":[]},{"id":28988,"url":"https:\/\/redaccionoaxaca.com\/index.php\/2023\/05\/31\/prolifera-ambulantaje-en-el-parque-el-llano-y-neri-omiso-ante-riesgos-y-danos-le-piden-vigilancia-y-mantenimiento\/","url_meta":{"origin":14435,"position":5},"title":"Prolifera ambulantaje en el Parque \u201cEl Llano\u201d y Neri omiso ante riesgos y da\u00f1os; le piden vigilancia y mantenimiento","author":"ariadna","date":"mayo 31, 2023","format":false,"excerpt":"#Redacci\u00f3nOaxaca #Oaxaca Jaime GUERRERO Frente al crecimiento desmedido de puestos de comercio ambulante en el Parque \u201cPaseo Ju\u00e1rez El Llano\u201d, la Presidenta de la Diputaci\u00f3n Permanente de la LXV Legislatura, Haydee Reyes Soto, exhort\u00f3 al Presidente Municipal, Francisco Mart\u00ednez Neri, a realice acciones de inspecci\u00f3n, mantenimiento, vigilancia y requiera a\u2026","rel":"","context":"En &quot;Dulce Veneno&quot;","block_context":{"text":"Dulce Veneno","link":"https:\/\/redaccionoaxaca.com\/index.php\/category\/dulce-veneno\/"},"img":{"alt_text":"","src":"","width":0,"height":0},"classes":[]}],"_links":{"self":[{"href":"https:\/\/redaccionoaxaca.com\/index.php\/wp-json\/wp\/v2\/posts\/14435","targetHints":{"allow":["GET"]}}],"collection":[{"href":"https:\/\/redaccionoaxaca.com\/index.php\/wp-json\/wp\/v2\/posts"}],"about":[{"href":"https:\/\/redaccionoaxaca.com\/index.php\/wp-json\/wp\/v2\/types\/post"}],"author":[{"embeddable":true,"href":"https:\/\/redaccionoaxaca.com\/index.php\/wp-json\/wp\/v2\/users\/9"}],"replies":[{"embeddable":true,"href":"https:\/\/redaccionoaxaca.com\/index.php\/wp-json\/wp\/v2\/comments?post=14435"}],"version-history":[{"count":1,"href":"https:\/\/redaccionoaxaca.com\/index.php\/wp-json\/wp\/v2\/posts\/14435\/revisions"}],"predecessor-version":[{"id":14437,"href":"https:\/\/redaccionoaxaca.com\/index.php\/wp-json\/wp\/v2\/posts\/14435\/revisions\/14437"}],"wp:attachment":[{"href":"https:\/\/redaccionoaxaca.com\/index.php\/wp-json\/wp\/v2\/media?parent=14435"}],"wp:term":[{"taxonomy":"category","embeddable":true,"href":"https:\/\/redaccionoaxaca.com\/index.php\/wp-json\/wp\/v2\/categories?post=14435"},{"taxonomy":"post_tag","embeddable":true,"href":"https:\/\/redaccionoaxaca.com\/index.php\/wp-json\/wp\/v2\/tags?post=14435"}],"curies":[{"name":"wp","href":"https:\/\/api.w.org\/{rel}","templated":true}]}}