{"id":14438,"date":"2020-09-21T18:40:07","date_gmt":"2020-09-21T23:40:07","guid":{"rendered":"http:\/\/redaccionoaxaca.com\/?p=14438"},"modified":"2020-09-21T18:40:07","modified_gmt":"2020-09-21T23:40:07","slug":"con-600-mil-vacunas-iniciara-la-1a-semana-de-octubre-campana-contra-la-influenza-en-oaxaca","status":"publish","type":"post","link":"https:\/\/redaccionoaxaca.com\/index.php\/2020\/09\/21\/con-600-mil-vacunas-iniciara-la-1a-semana-de-octubre-campana-contra-la-influenza-en-oaxaca\/","title":{"rendered":"Con 600 mil vacunas iniciar\u00e1 la 1\u00aa semana de octubre campa\u00f1a contra la influenza en Oaxaca."},"content":{"rendered":"<p style=\"text-align: justify;\"><strong>#Redacci\u00f3nOaxaca<\/strong><\/p>\n<p style=\"text-align: justify;\"><strong>#Oaxaca<\/strong><\/p>\n<p style=\"text-align: justify;\"><strong>Maira Ric\u00e1rdez<\/strong><\/p>\n<p>*<em>La pandemia actual es a partir de la inexistencia de una vacuna, es indispensable aprovechar las que tenemos: Subsecretario de Salud<\/em><\/p>\n<p style=\"text-align: justify;\">De acuerdo a la ciencia, los virus de la influenza (gripe) estacional se detectan todo el a\u00f1o, pero son m\u00e1s comunes durante los meses de oto\u00f1o e invierno. La \u00e9poca y la duraci\u00f3n exactas de las temporadas de influenza pueden variar, pero la actividad de la influenza a menudo comienza a aumentar en octubre.<\/p>\n<p style=\"text-align: justify;\">De ah\u00ed que la campa\u00f1a de vacunacion contra la Influenza Estacional est\u00e9 por iniciar, buscando que la poblaci\u00f3n cuente con este reactivo ante la cercana temporada. En M\u00e9xico la campa\u00f1a de vacunaci\u00f3n inicia el 15 de Octubre y termina el 31 de Diciembre del 2020, esperamos iniciar en la primera semana de octubre inform\u00f3 el Subsecretario de Salud del Estado, Juan Carlos M\u00e1rquez Heine, est\u00e1n consideradas para el Estado m\u00e1s de 600 mil vacunas.<\/p>\n<p style=\"text-align: justify;\">La poblaci\u00f3n prioritaria para esta campa\u00f1a ser\u00e1 de los 0 a los 5 a\u00f1os y de 59 a\u00f1os en adelante., este a\u00f1o prioridad de vacunaci\u00f3n ser\u00e1 tambi\u00e9n todo el personal del sector salud, lo mismo que mujeres embarazadas y en periodo de lactancia.<\/p>\n<p style=\"text-align: justify;\">En este contexto el Subsecretario de Salud destac\u00f3 la importancia de atender esta campa\u00f1a de vacunaci\u00f3n. Actualmente el mundo vive esta situaci\u00f3n de emergencia por la falta de una vacuna, y estas existentes han coadyuvado a erradicar enfermedades y males por mucho tiempo mort\u00edferos letales., de tal manera estos insumos, en este caso la vacuna contra la influenza, debe ser aprovechada por la poblaci\u00f3n.<\/p>\n<p style=\"text-align: justify;\">M\u00e1rquez Heine reconoci\u00f3 que actualmente las estad\u00edsticas de dengue en Oaxaca est\u00e1n a la alza, y esto consider\u00f3 es parte colateral de la pandemia que vivimos, las campa\u00f1as de descacharrizaci\u00f3n y desinfecci\u00f3n tuvieron que frenarse durante la etapa de sem\u00e1foro covid rojo, y es hasta ahora que han comenzado a reactivarse. La ciudadan\u00eda debe coadyuvar subray\u00f3, preservando su propia seguridad sanitaria, limpiando sus domicilios y evitando siempre los criaderos de moscos, la suciedad recalc\u00f3, fomenta el dengue y otros vectores.<\/p>\n<p style=\"text-align: justify;\">Cabe se\u00f1alar que este per\u00edodo de lluvias es a\u00f1o con a\u00f1o, propio para la aparici\u00f3n de plagas infecciosas como las transmisoras del dengue, zica y chicungunya, por lo que es fundamental la descacharrizaci\u00f3n domiciliaria.<\/p>\n","protected":false},"excerpt":{"rendered":"<p>#Redacci\u00f3nOaxaca #Oaxaca Maira Ric\u00e1rdez *La pandemia actual es a partir de la inexistencia de una vacuna, es indispensable aprovechar las que tenemos: Subsecretario de Salud De acuerdo a la ciencia, los virus de la influenza (gripe) estacional se detectan todo el a\u00f1o, pero son m\u00e1s comunes durante los meses de oto\u00f1o e invierno. La \u00e9poca [&hellip;]<\/p>\n","protected":false},"author":9,"featured_media":0,"comment_status":"open","ping_status":"open","sticky":false,"template":"","format":"standard","meta":{"jetpack_post_was_ever_published":false,"_jetpack_newsletter_access":"","_jetpack_dont_email_post_to_subs":false,"_jetpack_newsletter_tier_id":0,"_jetpack_memberships_contains_paywalled_content":false,"_jetpack_memberships_contains_paid_content":false,"footnotes":"","jetpack_publicize_message":"","jetpack_publicize_feature_enabled":true,"jetpack_social_post_already_shared":false,"jetpack_social_options":{"image_generator_settings":{"template":"highway","default_image_id":0,"font":"","enabled":false},"version":2}},"categories":[7,5,3,6,1],"tags":[],"class_list":{"0":"post-14438","1":"post","2":"type-post","3":"status-publish","4":"format-standard","6":"category-al-cierre","7":"category-imagen","8":"category-mesa-de-redaccion","9":"category-tendencias","10":"category-uncategorized"},"jetpack_publicize_connections":[],"jetpack_featured_media_url":"","jetpack_sharing_enabled":true,"jetpack_shortlink":"https:\/\/wp.me\/p9Ynjw-3KS","jetpack-related-posts":[{"id":30256,"url":"https:\/\/redaccionoaxaca.com\/index.php\/2024\/01\/25\/llegan-mas-de-29-mil-dosis-de-vacuna-contra-influenza-a-la-region-del-istmo\/","url_meta":{"origin":14438,"position":0},"title":"Llegan m\u00e1s de 29 mil dosis de vacuna contra influenza a la regi\u00f3n del Istmo","author":"ariadna","date":"enero 25, 2024","format":false,"excerpt":"#Redacci\u00f3nOaxaca #Oaxaca \u2022 Se exhorta a la ciudadan\u00eda a vacunar a la ni\u00f1ez de seis meses a cuatro a\u00f1os y 11 meses, as\u00ed como a personas de 60 a\u00f1os o m\u00e1s, antes del 31 de marzo Juchit\u00e1n de Zaragoza, Oax. 25 de enero de 2024.- Los Servicios de Salud de\u2026","rel":"","context":"En &quot;Imagen&quot;","block_context":{"text":"Imagen","link":"https:\/\/redaccionoaxaca.com\/index.php\/category\/imagen\/"},"img":{"alt_text":"","src":"https:\/\/i0.wp.com\/redaccionoaxaca.com\/wp-content\/uploads\/2024\/01\/IMG-20240125-WA0144-300x300.jpg?resize=350%2C200&ssl=1","width":350,"height":200},"classes":[]},{"id":39471,"url":"https:\/\/redaccionoaxaca.com\/index.php\/2025\/12\/12\/confirman-primer-caso-de-influenza-a-h3n2-subclado-k-en-mexico-autoridades-piden-calma-y-vacunacion\/","url_meta":{"origin":14438,"position":1},"title":"CONFIRMAN PRIMER CASO DE INFLUENZA A H3N2 SUBCLADO K EN M\u00c9XICO; AUTORIDADES PIDEN CALMA Y VACUNACI\u00d3N","author":"ariadna","date":"diciembre 12, 2025","format":false,"excerpt":"#Redacci\u00f3nOaxaca #Oaxaca Jaime GUERRERO La Secretar\u00eda de Salud (Ssa) confirm\u00f3 este viernes el primer caso en M\u00e9xico de influenza A H3N2 subclado K, conocida popularmente como \u201csupergripe\u201d. El contagio fue detectado por el Instituto Nacional de Enfermedades Respiratorias (INER) y corresponde a un paciente que recibi\u00f3 tratamiento antiviral de forma\u2026","rel":"","context":"En &quot;Mesa de Redacci\u00f3n&quot;","block_context":{"text":"Mesa de Redacci\u00f3n","link":"https:\/\/redaccionoaxaca.com\/index.php\/category\/mesa-de-redaccion\/"},"img":{"alt_text":"","src":"https:\/\/i0.wp.com\/redaccionoaxaca.com\/wp-content\/uploads\/2025\/12\/images-2025-12-12T175059.155.jpeg?fit=678%2C452&ssl=1&resize=350%2C200","width":350,"height":200,"srcset":"https:\/\/i0.wp.com\/redaccionoaxaca.com\/wp-content\/uploads\/2025\/12\/images-2025-12-12T175059.155.jpeg?fit=678%2C452&ssl=1&resize=350%2C200 1x, https:\/\/i0.wp.com\/redaccionoaxaca.com\/wp-content\/uploads\/2025\/12\/images-2025-12-12T175059.155.jpeg?fit=678%2C452&ssl=1&resize=525%2C300 1.5x"},"classes":[]},{"id":3629,"url":"https:\/\/redaccionoaxaca.com\/index.php\/2018\/10\/30\/la-secretaria-de-salud-mantiene-estadistica-oficial-de-muerte-por-influenza-en-4-decesos-pero-confirma-6-pacientes-mas-con-el-padecimiento\/","url_meta":{"origin":14438,"position":2},"title":"La Secretaria de Salud mantiene estad\u00edstica oficial de muerte por influenza en 4 decesos, pero confirma 6 pacientes m\u00e1s con el padecimiento","author":"denise","date":"octubre 30, 2018","format":false,"excerpt":"#Redacci\u00f3nOaxaca #Maira Ric\u00e1rdez \u00a0 *** im\u00e1genes de la red La Secretaria de Salud de Oaxaca descart\u00f3 que la muerte del Presidente Municipal de Suchilquitongo Etla, Jes\u00fas Torres Garc\u00eda, registrada la madrugada de este lunes en el hospital del ISSSTE tenga como causa un caso m\u00e1s de influenza, fue por neumon\u00eda,\u2026","rel":"","context":"En &quot;Tendencias&quot;","block_context":{"text":"Tendencias","link":"https:\/\/redaccionoaxaca.com\/index.php\/category\/tendencias\/"},"img":{"alt_text":"","src":"","width":0,"height":0},"classes":[]},{"id":15041,"url":"https:\/\/redaccionoaxaca.com\/index.php\/2020\/11\/03\/exhorta-coesida-a-personas-con-vih-a-vacunarse-contra-la-influenza\/","url_meta":{"origin":14438,"position":3},"title":"Exhorta Coesida a personas con VIH a vacunarse contra la influenza.","author":"ariadna","date":"noviembre 3, 2020","format":false,"excerpt":"#Redacci\u00f3nOaxaca #Oaxaca San Bartolo Coyotepec, Oax. 3 de noviembre de 2020. Personas con el Virus de Inmunodeficiencia Humana (VIH), con una carga viral alta (presencia del VIH en la sangre) son propensas a infecciones respiratorias, como lo es la influenza, indic\u00f3 la coordinadora del Centro Ambulatorio para la Prevenci\u00f3n y\u2026","rel":"","context":"En &quot;Al Cierre&quot;","block_context":{"text":"Al Cierre","link":"https:\/\/redaccionoaxaca.com\/index.php\/category\/al-cierre\/"},"img":{"alt_text":"","src":"https:\/\/i0.wp.com\/redaccionoaxaca.com\/wp-content\/uploads\/2020\/11\/IMG-20201103-WA0158-300x225.jpg?resize=350%2C200","width":350,"height":200},"classes":[]},{"id":24197,"url":"https:\/\/redaccionoaxaca.com\/index.php\/2022\/02\/23\/inicia-campana-de-vacunacion-de-refuerzo-contra-la-covid-19-en-los-centros-penitenciarios-de-oaxaca\/","url_meta":{"origin":14438,"position":4},"title":"Inicia campa\u00f1a de vacunaci\u00f3n de refuerzo contra la COVID-19 en los Centros Penitenciarios de Oaxaca.","author":"ariadna","date":"febrero 23, 2022","format":false,"excerpt":"#Redacci\u00f3nOaxaca #Oaxaca La Secretar\u00eda de Seguridad P\u00fablica de Oaxaca (#SSPO) a trav\u00e9s Sistema Penitenciario Estatal, inici\u00f3 la campa\u00f1a de vacunaci\u00f3n de refuerzo contra la Covid- 19 en los 10 Centros Penitenciarios de la entidad a fin de salvaguardar la salud de las Personas Privadas de Libertad (PPL) y de los\u2026","rel":"","context":"En &quot;Imagen&quot;","block_context":{"text":"Imagen","link":"https:\/\/redaccionoaxaca.com\/index.php\/category\/imagen\/"},"img":{"alt_text":"","src":"https:\/\/i0.wp.com\/redaccionoaxaca.com\/wp-content\/uploads\/2022\/02\/IMG-20220223-WA0120-300x257.jpg?resize=350%2C200&ssl=1","width":350,"height":200},"classes":[]},{"id":25166,"url":"https:\/\/redaccionoaxaca.com\/index.php\/2022\/04\/21\/no-hay-autorizacion-para-4a-dosis-de-vacuna-contra-la-covid-en-oaxaca-la-expansion-de-puntos-de-vacunacion-es-para-2as-y-3as-dosis-sso\/","url_meta":{"origin":14438,"position":5},"title":"No hay autorizaci\u00f3n para 4\u00aa. Dosis de vacuna contra la covid en Oaxaca; la expansi\u00f3n de puntos de vacunaci\u00f3n es para 2as y 3as dosis: SSO.","author":"ariadna","date":"abril 21, 2022","format":false,"excerpt":"#Redacci\u00f3nOaxaca #Oaxaca Maira Ric\u00e1rdez La Organizaci\u00f3n Mundial de la Salud (OMS) no ha autorizado hasta esta fecha una cuarta dosis de vacuna contra la covid, esta podr\u00eda ser para personas de la tercera edad e inmunocomprometidos, pero al momento ninguna instancia oficial ha avalado la posibilidad, esto sigue en estudio.\u2026","rel":"","context":"En &quot;Al Cierre&quot;","block_context":{"text":"Al Cierre","link":"https:\/\/redaccionoaxaca.com\/index.php\/category\/al-cierre\/"},"img":{"alt_text":"","src":"","width":0,"height":0},"classes":[]}],"_links":{"self":[{"href":"https:\/\/redaccionoaxaca.com\/index.php\/wp-json\/wp\/v2\/posts\/14438","targetHints":{"allow":["GET"]}}],"collection":[{"href":"https:\/\/redaccionoaxaca.com\/index.php\/wp-json\/wp\/v2\/posts"}],"about":[{"href":"https:\/\/redaccionoaxaca.com\/index.php\/wp-json\/wp\/v2\/types\/post"}],"author":[{"embeddable":true,"href":"https:\/\/redaccionoaxaca.com\/index.php\/wp-json\/wp\/v2\/users\/9"}],"replies":[{"embeddable":true,"href":"https:\/\/redaccionoaxaca.com\/index.php\/wp-json\/wp\/v2\/comments?post=14438"}],"version-history":[{"count":1,"href":"https:\/\/redaccionoaxaca.com\/index.php\/wp-json\/wp\/v2\/posts\/14438\/revisions"}],"predecessor-version":[{"id":14440,"href":"https:\/\/redaccionoaxaca.com\/index.php\/wp-json\/wp\/v2\/posts\/14438\/revisions\/14440"}],"wp:attachment":[{"href":"https:\/\/redaccionoaxaca.com\/index.php\/wp-json\/wp\/v2\/media?parent=14438"}],"wp:term":[{"taxonomy":"category","embeddable":true,"href":"https:\/\/redaccionoaxaca.com\/index.php\/wp-json\/wp\/v2\/categories?post=14438"},{"taxonomy":"post_tag","embeddable":true,"href":"https:\/\/redaccionoaxaca.com\/index.php\/wp-json\/wp\/v2\/tags?post=14438"}],"curies":[{"name":"wp","href":"https:\/\/api.w.org\/{rel}","templated":true}]}}