{"id":14441,"date":"2020-09-21T19:52:44","date_gmt":"2020-09-22T00:52:44","guid":{"rendered":"http:\/\/redaccionoaxaca.com\/?p=14441"},"modified":"2020-09-21T19:54:59","modified_gmt":"2020-09-22T00:54:59","slug":"municipio-de-oaxaca-de-juarez-multa-a-la-amic-por-intentar-realizar-trabajo-social-de-bacheo-en-el-parque-del-amor-ante-socavones-por-donde-transitan-automovilistas-diariamente","status":"publish","type":"post","link":"https:\/\/redaccionoaxaca.com\/index.php\/2020\/09\/21\/municipio-de-oaxaca-de-juarez-multa-a-la-amic-por-intentar-realizar-trabajo-social-de-bacheo-en-el-parque-del-amor-ante-socavones-por-donde-transitan-automovilistas-diariamente\/","title":{"rendered":"VIDEO: Municipio de Oaxaca de Ju\u00e1rez multa a la AMIC por intentar realizar trabajo social de bacheo en el Parque del Amor, ante los socavones que se observan por donde transitan automovilistas diariamente."},"content":{"rendered":"<p style=\"text-align: justify;\"><strong>#Redacci\u00f3nOaxaca<\/strong><\/p>\n<p style=\"text-align: justify;\"><strong>#Oaxaca<\/strong><\/p>\n<p style=\"text-align: justify;\"><strong>Ariadna Mendoza<\/strong><\/p>\n<p style=\"text-align: justify;\">Las intensas lluvias y la nula atenci\u00f3n por parte de la autoridad municipal de Oaxaca de Ju\u00e1rez, han permitido que enormes hoyos se observan en diversas calles del municipio, situaci\u00f3n que provoc\u00f3 que este medio d\u00eda del lunes, trabajadores de la Asociacion Mexicana de la Industria de la Construcci\u00f3n delegaci\u00f3n Oaxaca (AMIC), iniciaron una labor social de trabajos de bacheo en una de las calles principales del Parque de Amor, el cual conecta Perif\u00e9rico y la agencia de Santa Anita, esto con el objetivo de tapar los enormes socavones en los que diariamente caen los automovilistas, por lo que a trav\u00e9s de una mezcla especial de pol\u00edmeros para bacheo en fr\u00edo, con garant\u00eda de 3 a\u00f1os, habr\u00edan tomado la iniciativa de taparlos; sin embargo, esta actividad fue interrumpida al poco tiempo de que elementos de vialidad municipal de Oaxaca de Ju\u00e1rez, llegaran para detener dicha actividad, la cual ya hab\u00eda sido aplaudida por los mismos comerciantes y automovilistas que transitaban en el momento.<\/p>\n<p style=\"text-align: justify;\">En un acto de colectividad o tequio improvisado, ciudadanos comenzaron a unirse para apoyar en la labor que realizaba en el momento la AMIC, y as\u00ed aminorar el impacto que ocasionan los enormes baches a los automovilistas que transitan diariamente.<\/p>\n<p style=\"text-align: justify;\">En el momento, el presidente de la AMIC, Javier Ch\u00e1vez se\u00f1al\u00f3 que para llevar a cabo dicha reparaci\u00f3n se unieron cerca de 50 empresarios afiliados a la Asociaci\u00f3n, reuniendo un aproximado de 30 toneladas de material que ser\u00edan utilizados en el bacheo, sin embargo esta labor fue interrumpida luego de que elementos de la polic\u00eda municipal y de vialidad se\u00f1alaran que no exist\u00edan los permisos ante el municipio de Oaxaca de Ju\u00e1rez, para que la AMIC realizara la tarea, situaci\u00f3n que calent\u00f3 los \u00e1nimos de los presentes, provocando una multa de tr\u00e1nsito a la Asociaci\u00f3n Mexicana de la Industria de la Construcci\u00f3n, logrando frenar dicha labor.<\/p>\n<p><img data-recalc-dims=\"1\" loading=\"lazy\" decoding=\"async\" class=\"size-medium wp-image-14443 alignleft\" src=\"https:\/\/i0.wp.com\/redaccionoaxaca.com\/wp-content\/uploads\/2020\/09\/20200921_191720-241x300.jpg?resize=241%2C300\" alt=\"\" width=\"241\" height=\"300\" \/><\/p>\n<p style=\"text-align: justify;\">Al mismo tiempo, el subdirector de Tr\u00e1nsito y Vialidad, Ren\u00e9 Ric\u00e1rdez Lim\u00f3n, expuso que la AMIC cay\u00f3 en una falta Administrativa toda vez que imped\u00eda la libre circulaci\u00f3n de los autom\u00f3viles, realizando el bacheo en ese momento, situaci\u00f3n que provoc\u00f3 el descontento de la ciudadan\u00eda que exigi\u00f3 al presidente municipal Oswaldo Garc\u00eda Jarqu\u00edn, atienda dicho problema.<\/p>\n<p style=\"text-align: justify;\">Finalmente, los trabajadores de la AMIC decidieron dar por concluida la labor social que realizaban para posteriormente dirigirse a las oficinas de tr\u00e1nsito municipal y pagar la multa impuesta de 50 pesos, no sin antes demandar al gobierno municipal atienda de manera inmediata el problema de hundimientos en las carpetas asf\u00e1lticas de agencias y del municipio.<\/p>\n<div style=\"width: 696px;\" class=\"wp-video\"><video class=\"wp-video-shortcode\" id=\"video-14441-1\" width=\"696\" height=\"696\" preload=\"metadata\" controls=\"controls\"><source type=\"video\/mp4\" src=\"http:\/\/redaccionoaxaca.com\/wp-content\/uploads\/2020\/09\/InShot_20200921_192111816.mp4?_=1\" \/><a href=\"http:\/\/redaccionoaxaca.com\/wp-content\/uploads\/2020\/09\/InShot_20200921_192111816.mp4\">http:\/\/redaccionoaxaca.com\/wp-content\/uploads\/2020\/09\/InShot_20200921_192111816.mp4<\/a><\/video><\/div>\n","protected":false},"excerpt":{"rendered":"<p>#Redacci\u00f3nOaxaca #Oaxaca Ariadna Mendoza Las intensas lluvias y la nula atenci\u00f3n por parte de la autoridad municipal de Oaxaca de Ju\u00e1rez, han permitido que enormes hoyos se observan en diversas calles del municipio, situaci\u00f3n que provoc\u00f3 que este medio d\u00eda del lunes, trabajadores de la Asociacion Mexicana de la Industria de la Construcci\u00f3n delegaci\u00f3n Oaxaca [&hellip;]<\/p>\n","protected":false},"author":9,"featured_media":0,"comment_status":"open","ping_status":"open","sticky":false,"template":"","format":"video","meta":{"jetpack_post_was_ever_published":false,"_jetpack_newsletter_access":"","_jetpack_dont_email_post_to_subs":false,"_jetpack_newsletter_tier_id":0,"_jetpack_memberships_contains_paywalled_content":false,"_jetpack_memberships_contains_paid_content":false,"footnotes":"","jetpack_publicize_message":"","jetpack_publicize_feature_enabled":true,"jetpack_social_post_already_shared":false,"jetpack_social_options":{"image_generator_settings":{"template":"highway","default_image_id":0,"font":"","enabled":false},"version":2}},"categories":[4,7,5,3,6,1],"tags":[],"class_list":{"0":"post-14441","1":"post","2":"type-post","3":"status-publish","4":"format-video","6":"category-agenda-politica","7":"category-al-cierre","8":"category-imagen","9":"category-mesa-de-redaccion","10":"category-tendencias","11":"category-uncategorized","12":"post_format-post-format-video"},"jetpack_publicize_connections":[],"jetpack_featured_media_url":"","jetpack_sharing_enabled":true,"jetpack_shortlink":"https:\/\/wp.me\/p9Ynjw-3KV","jetpack-related-posts":[{"id":14503,"url":"https:\/\/redaccionoaxaca.com\/index.php\/2020\/09\/23\/video-congreso-pide-a-ediles-de-oaxaca-xoxo-santa-lucia-san-jacinto-y-titulares-de-sinfra-cao-y-sapao-coordinar-programas-de-bacheo-para-evitar-accidentes\/","url_meta":{"origin":14441,"position":0},"title":"VIDEO: Congreso pide a ediles de Oaxaca, Xoxo, Santa Luc\u00eda, San Jacinto, y titulares de SINFRA, CAO y Sapao, coordinar programas de bacheo para evitar accidentes.","author":"ariadna","date":"septiembre 23, 2020","format":false,"excerpt":"#Redacci\u00f3nOaxaca #Oaxaca Jaime GUERRERO El Congreso del Estado, pidi\u00f3 a los Ayuntamientos de Oaxaca de Ju\u00e1rez, San Jacinto Amilpas, Santa Cruz Xoxocotl\u00e1n, Santa Luc\u00eda del Camino y San Antonio de la Cal, y a los Titulares de la Secretar\u00eda de las Infraestructuras y el Ordenamiento Territorial Sustentable, la Direcci\u00f3n General\u2026","rel":"","context":"En &quot;Agenda Pol\u00edtica&quot;","block_context":{"text":"Agenda Pol\u00edtica","link":"https:\/\/redaccionoaxaca.com\/index.php\/category\/agenda-politica\/"},"img":{"alt_text":"","src":"","width":0,"height":0},"classes":[]},{"id":40382,"url":"https:\/\/redaccionoaxaca.com\/index.php\/2026\/02\/06\/diputada-de-mc-exige-mas-infraestructura-deportiva-y-cuestiona-avances-en-bacheo-y-agua-potable\/","url_meta":{"origin":14441,"position":1},"title":"Diputada de MC exige m\u00e1s infraestructura deportiva y cuestiona avances en bacheo y agua potable","author":"ariadna","date":"febrero 6, 2026","format":false,"excerpt":"#Redacci\u00f3nOaxaca #Oaxaca Jaime GUERRERO La diputada local de Movimiento Ciudadano, Alejandra Garc\u00eda Morl\u00e1n, demand\u00f3 al gobierno estatal ampliar la inversi\u00f3n en infraestructura deportiva y aclarar los avances reales en programas de bacheo y acceso al agua potable. No obstante, reconoci\u00f3 aciertos como la rehabilitaci\u00f3n del Parque Primavera. Durante su participaci\u00f3n\u2026","rel":"","context":"En &quot;Agenda Pol\u00edtica&quot;","block_context":{"text":"Agenda Pol\u00edtica","link":"https:\/\/redaccionoaxaca.com\/index.php\/category\/agenda-politica\/"},"img":{"alt_text":"","src":"https:\/\/i0.wp.com\/redaccionoaxaca.com\/wp-content\/uploads\/2026\/02\/images-27.jpeg?fit=715%2C429&ssl=1&resize=350%2C200","width":350,"height":200,"srcset":"https:\/\/i0.wp.com\/redaccionoaxaca.com\/wp-content\/uploads\/2026\/02\/images-27.jpeg?fit=715%2C429&ssl=1&resize=350%2C200 1x, https:\/\/i0.wp.com\/redaccionoaxaca.com\/wp-content\/uploads\/2026\/02\/images-27.jpeg?fit=715%2C429&ssl=1&resize=525%2C300 1.5x, https:\/\/i0.wp.com\/redaccionoaxaca.com\/wp-content\/uploads\/2026\/02\/images-27.jpeg?fit=715%2C429&ssl=1&resize=700%2C400 2x"},"classes":[]},{"id":19919,"url":"https:\/\/redaccionoaxaca.com\/index.php\/2021\/08\/10\/emite-iaip-recomendacion-a-municipio-de-oaxaca-de-juarez-sobre-programa-de-bacheo-2021\/","url_meta":{"origin":14441,"position":2},"title":"EMITE IAIP RECOMENDACI\u00d3N A MUNICIPIO DE OAXACA DE JU\u00c1REZ SOBRE PROGRAMA DE BACHEO 2021.","author":"ariadna","date":"agosto 10, 2021","format":false,"excerpt":"#Redacci\u00f3nOaxaca #Oaxaca Oaxaca de Ju\u00e1rez, Oax. En la D\u00e9cima Tercera Sesi\u00f3n Ordinaria, el Consejo General del Instituto de Acceso a la Informaci\u00f3n P\u00fablica y Protecci\u00f3n de Datos Personales del Estado de Oaxaca (#IAIP) emiti\u00f3 una recomendaci\u00f3n dirigida al Honorable Ayuntamiento de Oaxaca de Ju\u00e1rez para que publique de manera proactiva\u2026","rel":"","context":"En &quot;Agenda Pol\u00edtica&quot;","block_context":{"text":"Agenda Pol\u00edtica","link":"https:\/\/redaccionoaxaca.com\/index.php\/category\/agenda-politica\/"},"img":{"alt_text":"","src":"","width":0,"height":0},"classes":[]},{"id":37889,"url":"https:\/\/redaccionoaxaca.com\/index.php\/2025\/08\/15\/inicia-bacheo-en-avenida-tecnologico-para-mejorar-la-movilidad-en-oaxaca-de-juarez\/","url_meta":{"origin":14441,"position":3},"title":"Inicia Bacheo en Avenida Tecnol\u00f3gico para Mejorar la Movilidad en Oaxaca de Ju\u00e1rez","author":"ariadna","date":"agosto 15, 2025","format":false,"excerpt":"#Redacci\u00f3nOaxaca #Oaxaca * Acciones del programa \u201cTache al Bache\u201d contin\u00faan transformando las calles de la capital Oaxaca de Ju\u00e1rez, Oax., 15 de agosto de 2025.- El Gobierno Municipal de Oaxaca de Ju\u00e1rez que preside Ray Chagoya puso en marcha los trabajos de bacheo en la Avenida Tecnol\u00f3gico, como parte del\u2026","rel":"","context":"En &quot;Al Cierre&quot;","block_context":{"text":"Al Cierre","link":"https:\/\/redaccionoaxaca.com\/index.php\/category\/al-cierre\/"},"img":{"alt_text":"","src":"https:\/\/i0.wp.com\/redaccionoaxaca.com\/wp-content\/uploads\/2025\/08\/IMG-20250815-WA0292.jpg?fit=1200%2C800&ssl=1&resize=350%2C200","width":350,"height":200,"srcset":"https:\/\/i0.wp.com\/redaccionoaxaca.com\/wp-content\/uploads\/2025\/08\/IMG-20250815-WA0292.jpg?fit=1200%2C800&ssl=1&resize=350%2C200 1x, https:\/\/i0.wp.com\/redaccionoaxaca.com\/wp-content\/uploads\/2025\/08\/IMG-20250815-WA0292.jpg?fit=1200%2C800&ssl=1&resize=525%2C300 1.5x, https:\/\/i0.wp.com\/redaccionoaxaca.com\/wp-content\/uploads\/2025\/08\/IMG-20250815-WA0292.jpg?fit=1200%2C800&ssl=1&resize=700%2C400 2x, https:\/\/i0.wp.com\/redaccionoaxaca.com\/wp-content\/uploads\/2025\/08\/IMG-20250815-WA0292.jpg?fit=1200%2C800&ssl=1&resize=1050%2C600 3x"},"classes":[]},{"id":20787,"url":"https:\/\/redaccionoaxaca.com\/index.php\/2021\/09\/10\/activa-sapao-plan-de-supervision-emergente-en-asentamientos-originados-por-las-intensas-lluvias\/","url_meta":{"origin":14441,"position":4},"title":"Activa SAPAO plan de supervisi\u00f3n emergente en asentamientos originados por las intensas lluvias.","author":"ariadna","date":"septiembre 10, 2021","format":false,"excerpt":"#Redacci\u00f3nOaxaca #Oaxaca \u2022 Personal especializado de la dependencia eval\u00faa estos hundimientos para determinar y programar acciones de reparaci\u00f3n Oaxaca de Ju\u00e1rez, Oax. 10 de septiembre del 2021.- Personal especializado ha puesto en marcha un plan emergente de supervisi\u00f3n e inspecci\u00f3n en asentamientos generados en tres puntos de la ciudad capital,\u2026","rel":"","context":"En &quot;Mesa de Redacci\u00f3n&quot;","block_context":{"text":"Mesa de Redacci\u00f3n","link":"https:\/\/redaccionoaxaca.com\/index.php\/category\/mesa-de-redaccion\/"},"img":{"alt_text":"","src":"https:\/\/i0.wp.com\/redaccionoaxaca.com\/wp-content\/uploads\/2021\/09\/IMG-20210910-WA0104-300x200.jpg?resize=350%2C200&ssl=1","width":350,"height":200},"classes":[]},{"id":20912,"url":"https:\/\/redaccionoaxaca.com\/index.php\/2021\/09\/16\/mandata-congreso-de-oaxaca-a-oswaldo-garcia-jarquin-iniciar-entrega-del-mandato-a-municipe-electo-a-partir-de-octubre-2\/","url_meta":{"origin":14441,"position":5},"title":"Mandata Congreso de Oaxaca a Oswaldo Garc\u00eda Jarqu\u00edn iniciar entrega del mandato a Mun\u00edcipe electo a partir de octubre.","author":"ariadna","date":"septiembre 16, 2021","format":false,"excerpt":"#Redacci\u00f3nOaxaca #Oaxaca Maira Ric\u00e1rdez Una vez que se publique en el Diario Oficial del Estado, correr\u00e1 el plazo y quien firma hasta hoy como Presidente Municipal de Oaxaca de Ju\u00e1rez, Oswaldo Garc\u00eda Jarqu\u00edn, deber\u00e1 iniciar por mandato de ley, la entrega recepci\u00f3n al Mun\u00edcipe entrante Francisco Mart\u00ednez Neri, tres meses\u2026","rel":"","context":"En &quot;Agenda Pol\u00edtica&quot;","block_context":{"text":"Agenda Pol\u00edtica","link":"https:\/\/redaccionoaxaca.com\/index.php\/category\/agenda-politica\/"},"img":{"alt_text":"","src":"","width":0,"height":0},"classes":[]}],"_links":{"self":[{"href":"https:\/\/redaccionoaxaca.com\/index.php\/wp-json\/wp\/v2\/posts\/14441","targetHints":{"allow":["GET"]}}],"collection":[{"href":"https:\/\/redaccionoaxaca.com\/index.php\/wp-json\/wp\/v2\/posts"}],"about":[{"href":"https:\/\/redaccionoaxaca.com\/index.php\/wp-json\/wp\/v2\/types\/post"}],"author":[{"embeddable":true,"href":"https:\/\/redaccionoaxaca.com\/index.php\/wp-json\/wp\/v2\/users\/9"}],"replies":[{"embeddable":true,"href":"https:\/\/redaccionoaxaca.com\/index.php\/wp-json\/wp\/v2\/comments?post=14441"}],"version-history":[{"count":3,"href":"https:\/\/redaccionoaxaca.com\/index.php\/wp-json\/wp\/v2\/posts\/14441\/revisions"}],"predecessor-version":[{"id":14447,"href":"https:\/\/redaccionoaxaca.com\/index.php\/wp-json\/wp\/v2\/posts\/14441\/revisions\/14447"}],"wp:attachment":[{"href":"https:\/\/redaccionoaxaca.com\/index.php\/wp-json\/wp\/v2\/media?parent=14441"}],"wp:term":[{"taxonomy":"category","embeddable":true,"href":"https:\/\/redaccionoaxaca.com\/index.php\/wp-json\/wp\/v2\/categories?post=14441"},{"taxonomy":"post_tag","embeddable":true,"href":"https:\/\/redaccionoaxaca.com\/index.php\/wp-json\/wp\/v2\/tags?post=14441"}],"curies":[{"name":"wp","href":"https:\/\/api.w.org\/{rel}","templated":true}]}}