{"id":1445,"date":"2018-07-19T18:44:37","date_gmt":"2018-07-19T23:44:37","guid":{"rendered":"http:\/\/redaccionoaxaca.com\/?p=1445"},"modified":"2018-07-19T18:44:37","modified_gmt":"2018-07-19T23:44:37","slug":"dan-banderazo-de-inicio-al-agrupamiento-vial-ciclista-guupa-yoo","status":"publish","type":"post","link":"https:\/\/redaccionoaxaca.com\/index.php\/2018\/07\/19\/dan-banderazo-de-inicio-al-agrupamiento-vial-ciclista-guupa-yoo\/","title":{"rendered":"DAN BANDERAZO DE INICIO AL AGRUPAMIENTO VIAL CICLISTA GUUPA YO\u00b4O"},"content":{"rendered":"<p><strong>#Redacci\u00f3nOaxaca<\/strong><\/p>\n<p>Denisse Cruz<\/p>\n<p style=\"text-align: justify;\">Como parte de las actividades predispuestas para esta Guelaguetza 2018, la Secretar\u00eda de Seguridad P\u00fablica de Oaxaca (SSPO), present\u00f3 el agrupamiento vial-ciclista &#8220;Guupa Yo&#8217;o&#8221;, escrito en lengua zapoteca y con significado \u201cEl que cuida la casa\u201d, haciendo alusi\u00f3n a la \u201ccuija\u201d, peque\u00f1o reptil de gran movilidad que habitan en la mayor\u00eda de las casas, vigilando y combatiendo insectos nocivos.<\/p>\n<p style=\"text-align: justify;\">El agrupamiento policial, tiene como finalidad atender situaciones derivadas de la conducta inadecuada de los conductores, que originan afectaciones a la libre circulaci\u00f3n de veh\u00edculos y peatones en el cuadro hist\u00f3rico de la Ciudad durante la m\u00e1xima fiesta de los Oaxaque\u00f1os.<\/p>\n<p style=\"text-align: justify;\">De \u00e9sta manera el titular de la dependencia, acompa\u00f1ado del Director de la Polic\u00eda Vial Estatal, dieron el banderazo de salida y entrega del equipamiento a 10 elementos\u00a0 de la corporaci\u00f3n.<\/p>\n<p style=\"text-align: justify;\">Las bicicletas el\u00e9ctricas a utilizarse, estar\u00e1n funcionado en cuatro sectores del per\u00edmetro del centro hist\u00f3rico; organizados en binomios y trinomios.<\/p>\n<p style=\"text-align: justify;\">Lo anterior en cumplimiento a una instrucci\u00f3n directa del gobernador Alejandro Murat Hinojosa, para reforzar la presencia de los elementos, en zonas de conflicto al tr\u00e1nsito vehicular de la Capital.<\/p>\n<p style=\"text-align: justify;\"><img data-recalc-dims=\"1\" loading=\"lazy\" decoding=\"async\" class=\"alignnone size-medium wp-image-1446\" src=\"https:\/\/i0.wp.com\/redaccionoaxaca.com\/wp-content\/uploads\/2018\/07\/37379700_333010190569670_4755473375944507392_n-300x225.jpg?resize=300%2C225\" alt=\"\" width=\"300\" height=\"225\" \/> <img data-recalc-dims=\"1\" loading=\"lazy\" decoding=\"async\" class=\"alignnone size-medium wp-image-1447\" src=\"https:\/\/i0.wp.com\/redaccionoaxaca.com\/wp-content\/uploads\/2018\/07\/37425849_333010183903004_5266873632935641088_n-300x225.jpg?resize=300%2C225\" alt=\"\" width=\"300\" height=\"225\" \/> <img data-recalc-dims=\"1\" loading=\"lazy\" decoding=\"async\" class=\"alignnone size-medium wp-image-1448\" src=\"https:\/\/i0.wp.com\/redaccionoaxaca.com\/wp-content\/uploads\/2018\/07\/37565417_333010177236338_8200985626439319552_n-300x225.jpg?resize=300%2C225\" alt=\"\" width=\"300\" height=\"225\" \/> <img data-recalc-dims=\"1\" loading=\"lazy\" decoding=\"async\" class=\"alignnone size-medium wp-image-1449\" src=\"https:\/\/i0.wp.com\/redaccionoaxaca.com\/wp-content\/uploads\/2018\/07\/WhatsApp-Image-2018-07-19-at-15.21.19-300x200.jpeg?resize=300%2C200\" alt=\"\" width=\"300\" height=\"200\" \/> <img data-recalc-dims=\"1\" loading=\"lazy\" decoding=\"async\" class=\"alignnone size-medium wp-image-1450\" src=\"https:\/\/i0.wp.com\/redaccionoaxaca.com\/wp-content\/uploads\/2018\/07\/WhatsApp-Image-2018-07-19-at-15.21.16-300x200.jpeg?resize=300%2C200\" alt=\"\" width=\"300\" height=\"200\" \/> <img data-recalc-dims=\"1\" loading=\"lazy\" decoding=\"async\" class=\"alignnone size-medium wp-image-1451\" src=\"https:\/\/i0.wp.com\/redaccionoaxaca.com\/wp-content\/uploads\/2018\/07\/WhatsApp-Image-2018-07-19-at-15.21.16-1-300x200.jpeg?resize=300%2C200\" alt=\"\" width=\"300\" height=\"200\" \/><\/p>\n","protected":false},"excerpt":{"rendered":"<p>#Redacci\u00f3nOaxaca Denisse Cruz Como parte de las actividades predispuestas para esta Guelaguetza 2018, la Secretar\u00eda de Seguridad P\u00fablica de Oaxaca (SSPO), present\u00f3 el agrupamiento vial-ciclista &#8220;Guupa Yo&#8217;o&#8221;, escrito en lengua zapoteca y con significado \u201cEl que cuida la casa\u201d, haciendo alusi\u00f3n a la \u201ccuija\u201d, peque\u00f1o reptil de gran movilidad que habitan en la mayor\u00eda de [&hellip;]<\/p>\n","protected":false},"author":6,"featured_media":0,"comment_status":"open","ping_status":"open","sticky":false,"template":"","format":"standard","meta":{"_jetpack_newsletter_access":"","_jetpack_dont_email_post_to_subs":false,"_jetpack_newsletter_tier_id":0,"_jetpack_memberships_contains_paywalled_content":false,"_jetpack_feature_clip_id":0,"_jetpack_memberships_contains_paid_content":false,"footnotes":"","jetpack_publicize_message":"","jetpack_publicize_feature_enabled":true,"jetpack_social_post_already_shared":true,"jetpack_social_options":{"image_generator_settings":{"template":"highway","default_image_id":0,"font":"","enabled":false},"version":2},"jetpack_post_was_ever_published":false},"categories":[4],"tags":[81,197,14,123,196,122],"class_list":{"0":"post-1445","1":"post","2":"type-post","3":"status-publish","4":"format-standard","6":"category-agenda-politica","7":"tag-guelaguetza-2018","8":"tag-junio-2018","9":"tag-oaxaca","10":"tag-policia-estatal","11":"tag-policia-vial-estatal","12":"tag-sspo"},"jetpack_publicize_connections":[],"jetpack_sharing_enabled":true,"jetpack_shortlink":"https:\/\/wp.me\/p9Ynjw-nj","jetpack-related-posts":[{"id":8017,"url":"https:\/\/redaccionoaxaca.com\/index.php\/2019\/08\/15\/simulacion-en-el-tema-de-las-ciclovias-solo-son-pintas-no-aparecen-en-el-reglamento-vial\/","url_meta":{"origin":1445,"position":0},"title":"Simulaci\u00f3n en el tema de las ciclovias, solo son pintas, no aparecen en el reglamento vial.","author":"ariadna","date":"agosto 15, 2019","format":false,"excerpt":"#Redacci\u00f3nOaxaca #Oaxaca Maira Ric\u00e1rdez En Oaxaca no existe reglamentaci\u00f3n de ley respecto a las denominadas ciclovias, la Secretar\u00eda de Movilidad (Semovi) no contempl\u00f3 que para poner en funcionamiento esta acci\u00f3n tendr\u00eda que haber hecho el tr\u00e1mite correspondiente y revisar todas las implicaciones para traducirlas en el reglamento vial vigente, las\u2026","rel":"","context":"Entrada similar ","block_context":{"text":"Entrada similar ","link":""},"img":{"alt_text":"","src":"","width":0,"height":0},"classes":[]},{"id":11487,"url":"https:\/\/redaccionoaxaca.com\/index.php\/2020\/03\/29\/asume-la-sspo-la-coordinacion-de-las-policias-municipal-y-vial-de-loma-bonita\/","url_meta":{"origin":1445,"position":1},"title":"Asume la SSPO la coordinaci\u00f3n de las Polic\u00edas Municipal y Vial de Loma Bonita.","author":"ariadna","date":"marzo 29, 2020","format":false,"excerpt":"#Redacci\u00f3nOaxaca #Oaxaca Loma Bonita, Oax. 29 de marzo de 2020. Como parte de los resultados y acuerdos de la reuni\u00f3n de coordinaci\u00f3n interestatal para la Construcci\u00f3n de la Paz y Seguridad de los estados de Oaxaca y Veracruz; la Secretar\u00eda de Seguridad P\u00fablica de Oaxaca (SSPO), asume la coordinaci\u00f3n de\u2026","rel":"","context":"Entrada similar ","block_context":{"text":"Entrada similar ","link":""},"img":{"alt_text":"","src":"https:\/\/i0.wp.com\/redaccionoaxaca.com\/wp-content\/uploads\/2020\/03\/IMG-20200329-WA0013-300x225.jpg?resize=350%2C200","width":350,"height":200},"classes":[]},{"id":17239,"url":"https:\/\/redaccionoaxaca.com\/index.php\/2021\/03\/04\/sostiene-sspo-mesa-de-dialogo-con-repartidores\/","url_meta":{"origin":1445,"position":2},"title":"Sostiene SSPO Mesa de di\u00e1logo con repartidores.","author":"ariadna","date":"marzo 4, 2021","format":false,"excerpt":"#Redacci\u00f3nOaxaca #Oaxaca Oaxaca de Ju\u00e1rez, Oax., a 03 de marzo de 2021.- En relaci\u00f3n al hecho de tr\u00e1nsito ocurrido el pasado fin de semana en la Ciudad de Oaxaca de Ju\u00e1rez, en el que habr\u00edan participado integrantes de la Polic\u00eda Vial Estatal y motociclistas de una empresa de reparto de\u2026","rel":"","context":"En &quot;Al Cierre&quot;","block_context":{"text":"Al Cierre","link":"https:\/\/redaccionoaxaca.com\/index.php\/category\/al-cierre\/"},"img":{"alt_text":"","src":"","width":0,"height":0},"classes":[]},{"id":25015,"url":"https:\/\/redaccionoaxaca.com\/index.php\/2022\/04\/14\/7-personas-detenidas-y-9-unidades-de-motor-aseguradas-a-una-semana-de-haber-iniciado-la-sspo-operativo-semana-santa-segura-2022\/","url_meta":{"origin":1445,"position":3},"title":"7 personas detenidas y 9 unidades de motor aseguradas a una semana de haber iniciado la SSPO operativo Semana Santa Segura 2022.","author":"ariadna","date":"abril 14, 2022","format":false,"excerpt":"#Redacci\u00f3nOaxaca #Oaxaca *En el despliegue operativo participan m\u00e1s de mil elementos de seguridad p\u00fablica para garantizar orden y paz social al interior de la entidad. Oaxaca de Ju\u00e1rez, Oax., a 14 de abril de 2022.- Con el objetivo de prevenir la comisi\u00f3n de delitos en el estado, la Secretar\u00eda de\u2026","rel":"","context":"En &quot;Imagen&quot;","block_context":{"text":"Imagen","link":"https:\/\/redaccionoaxaca.com\/index.php\/category\/imagen\/"},"img":{"alt_text":"","src":"https:\/\/i0.wp.com\/redaccionoaxaca.com\/wp-content\/uploads\/2022\/04\/IMG-20220414-WA0054-300x225.jpg?resize=350%2C200&ssl=1","width":350,"height":200},"classes":[]},{"id":1060,"url":"https:\/\/redaccionoaxaca.com\/index.php\/2018\/07\/05\/decenas-de-calles-libres-para-estacionamiento-por-fiestas-de-julio-anuncia-policia-vial-de-oaxaca-de-juarez\/","url_meta":{"origin":1445,"position":4},"title":"Decenas de calles libres para estacionamiento por fiestas de Julio, anuncia Polic\u00eda Vial de Oaxaca de Ju\u00e1rez","author":"denise","date":"julio 5, 2018","format":false,"excerpt":"*El titular reitera que no hay persecuci\u00f3n contra veh\u00edculos con placas for\u00e1neas, el 45% de automovilistas las portan en esta capital #Redacci\u00f3nOaxaca V\u00eda: Maira Ric\u00e1rdez Desde el viernes 13 de julio y hasta el 31, fin del mismo mes, veintenas de calles donde oficialmente est\u00e1 prohibido el estacionamiento de veh\u00edculos,\u2026","rel":"","context":"En &quot;Agenda Pol\u00edtica&quot;","block_context":{"text":"Agenda Pol\u00edtica","link":"https:\/\/redaccionoaxaca.com\/index.php\/category\/agenda-politica\/"},"img":{"alt_text":"","src":"","width":0,"height":0},"classes":[]},{"id":7711,"url":"https:\/\/redaccionoaxaca.com\/index.php\/2019\/07\/23\/en-paz-la-guelaguetza-refleja-la-grandeza-de-mexico-y-el-homenaje-racial-es-una-ventana-al-mundo\/","url_meta":{"origin":1445,"position":5},"title":"En paz la Guelaguetza; refleja la grandeza de\u00a0  M\u00e9xico y el homenaje racial es una ventana al mundo.","author":"jaime","date":"julio 23, 2019","format":false,"excerpt":"#Redacci\u00f3nOaxaca #Oaxaca Jaime GUERRERO\u00a0 Concluida la primera edici\u00f3n de los Lunes del Cerro, el Gobernador del Estado, Alejandro Murat Hinojosa, destac\u00f3 que Oaxaca vive un ambiente de paz construido por quienes habitan en esta entidad. En la primera edici\u00f3n estuvieron como invitados especiales la actriz oaxaque\u00f1a Yalitza Aparicio y el\u2026","rel":"","context":"Entrada similar ","block_context":{"text":"Entrada similar ","link":""},"img":{"alt_text":"","src":"","width":0,"height":0},"classes":[]}],"jetpack_featured_media_url":"","_links":{"self":[{"href":"https:\/\/redaccionoaxaca.com\/index.php\/wp-json\/wp\/v2\/posts\/1445","targetHints":{"allow":["GET"]}}],"collection":[{"href":"https:\/\/redaccionoaxaca.com\/index.php\/wp-json\/wp\/v2\/posts"}],"about":[{"href":"https:\/\/redaccionoaxaca.com\/index.php\/wp-json\/wp\/v2\/types\/post"}],"author":[{"embeddable":true,"href":"https:\/\/redaccionoaxaca.com\/index.php\/wp-json\/wp\/v2\/users\/6"}],"replies":[{"embeddable":true,"href":"https:\/\/redaccionoaxaca.com\/index.php\/wp-json\/wp\/v2\/comments?post=1445"}],"version-history":[{"count":1,"href":"https:\/\/redaccionoaxaca.com\/index.php\/wp-json\/wp\/v2\/posts\/1445\/revisions"}],"predecessor-version":[{"id":1452,"href":"https:\/\/redaccionoaxaca.com\/index.php\/wp-json\/wp\/v2\/posts\/1445\/revisions\/1452"}],"wp:attachment":[{"href":"https:\/\/redaccionoaxaca.com\/index.php\/wp-json\/wp\/v2\/media?parent=1445"}],"wp:term":[{"taxonomy":"category","embeddable":true,"href":"https:\/\/redaccionoaxaca.com\/index.php\/wp-json\/wp\/v2\/categories?post=1445"},{"taxonomy":"post_tag","embeddable":true,"href":"https:\/\/redaccionoaxaca.com\/index.php\/wp-json\/wp\/v2\/tags?post=1445"}],"curies":[{"name":"wp","href":"https:\/\/api.w.org\/{rel}","templated":true}]}}