{"id":14542,"date":"2020-09-25T13:58:24","date_gmt":"2020-09-25T18:58:24","guid":{"rendered":"http:\/\/redaccionoaxaca.com\/?p=14542"},"modified":"2020-09-25T13:58:24","modified_gmt":"2020-09-25T18:58:24","slug":"edil-de-la-capital-de-oaxaca-en-la-tablita-sala-xalapa-del-tepjf-instruye-procedimientos-especial-sancionador-por-caso-de-violencia-politica","status":"publish","type":"post","link":"https:\/\/redaccionoaxaca.com\/index.php\/2020\/09\/25\/edil-de-la-capital-de-oaxaca-en-la-tablita-sala-xalapa-del-tepjf-instruye-procedimientos-especial-sancionador-por-caso-de-violencia-politica\/","title":{"rendered":"Edil de la capital de Oaxaca en la tablita; Sala Xalapa del TEPJF  instruye Procedimientos Especial Sancionador por caso de violencia pol\u00edtica."},"content":{"rendered":"<p><strong>#Redacci\u00f3nOaxaca<\/strong><\/p>\n<p><strong>#Oaxaca<\/strong><\/p>\n<p><strong>Jaime GUERRERO<\/strong><\/p>\n<p style=\"text-align: justify;\">La Sala Regional Xalapa del Tribunal Electoral del Poder Judicial de la Federaci\u00f3n (TEPJF), confirm\u00f3, por razones distintas, la sentencia del Tribunal Electoral del Estado de Oaxaca (TEEO) que revoc\u00f3 el acuerdo del IEEPCO, cuyo \u00f3rgano administrativo desech\u00f3 la demanda presentada por la presidenta del Instituto Municipal de la Mujer de Oaxaca de Ju\u00e1rez, Jaqueline Escamilla Villanueva, relativa a actos de violencia pol\u00edtica en raz\u00f3n de g\u00e9nero ejercidos en su contra por el presidente municipal, Oswaldo Garcia Jarqu\u00edn y la presidenta honoraria del Consejo Consultivo del Comit\u00e9 Municipal del Sistema de Desarrollo Integral de la Familia, Martha Patricia Benfield L\u00f3pez, y orden\u00f3 OPLE resolver lo que en derecho proceda.<\/p>\n<p style=\"text-align: justify;\">Con esa resoluci\u00f3n, el edil capitalino est\u00e1 en la tablita y ante la posibilidad de perder su modo honesto de vivir, debido a que los magistrados y magistrada de la Sala Xalapa proyectaron que a trav\u00e9s de un procedimiento especial sancionador, se puede determinar que el mun\u00edcipe de la capital de Oaxaca, incurri\u00f3 en violencia pol\u00edtica por raz\u00f3n de g\u00e9nero y pierde su modo honesto de vivir.<\/p>\n<p style=\"text-align: justify;\">Para ello, la magistrada y magistrados de la Sala desestimaron los agravios expuestos por Garc\u00eda Jarqu\u00edn y su esposa, ya que al momento en que sucedieron los hechos denunciados se encontraba vigente la modificaci\u00f3n a la normativa general que establece las bases a las que deb\u00eda sujetarse el IEEPCO para que conociera, a trav\u00e9s del Procedimiento Especial Sancionador, asuntos relacionados con violencia pol\u00edtica en raz\u00f3n de g\u00e9nero.<\/p>\n<p style=\"text-align: justify;\">De igual forma, determinaron que era correcto que las mujeres que desempe\u00f1an cargos p\u00fablicos por designaci\u00f3n tengan a su alcance el procedimiento especial sancionador, para denunciar cualquier acto de violencia pol\u00edtica en raz\u00f3n de g\u00e9nero que se ejerza en su contra, a fin de conseguir que, en su caso, se sancione a los responsables y la eventual restituci\u00f3n de su derecho violado.<\/p>\n<p style=\"text-align: justify;\">Para los magistrados, se confirma la sentencia por la legitimaci\u00f3n de Escamilla Villanueva y no se surte solo por haber sido designada a un cargo, sino porque fue designada y ratificada para ejercer un cargo de direcci\u00f3n y de toma de decisiones al frente del Instituto de las Mujeres de Oaxaca de Ju\u00e1rez, Oaxaca.<\/p>\n<p style=\"text-align: justify;\">La Magistrada Eva Barrientos Zepeda, record\u00f3 que el caso deviene porque el Instituto Municipal de las Mujeres el 22 de mayo de 2020, transmiti\u00f3 la ponencia virtual de la Senadora Citlalli Hern\u00e1ndez Mora, titulada \u201cDerechos de las mujeres, derecho a decidir por una maternidad libre y segura\u201d.<\/p>\n<p style=\"text-align: justify;\">A decir de Jaqueline, esto deton\u00f3 diferentes comunicaciones de reclamo el edil y la Presidenta Honoraria del DIF; asimismo, le indicaron que se deb\u00eda realizar la transmisi\u00f3n de una intervenci\u00f3n provida.<\/p>\n<p style=\"text-align: justify;\">Para el 27 de mayo, Escamilla Villanueva, hab\u00eda acordado para transmitir el contenido indicado, no obstante, afirm\u00f3 que se dieron fallas t\u00e9cnicas, que materialmente le impidieron realizar la actividad referida y por tanto, se dio la remoci\u00f3n de su cargo a trav\u00e9s de un comunicado de prensa.<\/p>\n<p style=\"text-align: justify;\">El OPLE de Oaxaca, la Comisi\u00f3n de Quejas y Denuncias, determin\u00f3 desechar la queja al considerar que carec\u00eda de competencia al no tratarse de un cargo de elecci\u00f3n popular. Sin embargo, el 19 de junio la ex funcionaria remiti\u00f3 la demanda de juicio ciudadano de manera digital directamente a esta Sala Regional al considerar que la reanudaci\u00f3n parcial de labores dictada en el acuerdo 10 de 2020 del Tribunal local no incluye impugnaciones como la del desechamiento de su queja, en raz\u00f3n de esto la Sala Superior el 1\u00ba de julio determin\u00f3 que los juicios 182 y 184 eran competencia de la Sala Regional y lo reencausamos en su momento al Tribunal local, al no justificarse.<\/p>\n<p style=\"text-align: justify;\">El 23 de julio el REEO resolvi\u00f3 reencausar la demanda sobre hechos de violencia pol\u00edtica contra las mujeres en raz\u00f3n de g\u00e9nero para ser atendida a trav\u00e9s del procedimiento especial sancionador en el IEEPCO.<\/p>\n<p style=\"text-align: justify;\">Por ello, Zepeda Barrientos, propuso en su ponencia, confirmar la sentencia del TEEO \u201c<em>porque considero que los agravios hechos por el presidente municipal y la presidencia honoraria del Consejo Consultivo pues son infundados e inoperantes, es decir, no les asiste la raz\u00f3n\u201d.<\/em><\/p>\n<p style=\"text-align: justify;\">Y es que al momento de que sucedieron los hechos denunciados, ya era vigente la reforma federal a la normativa general en materia de violencia pol\u00edtica contra las mujeres en raz\u00f3n de g\u00e9nero, publicada en el Diario Oficial de la Federaci\u00f3n el 13 de abril del a\u00f1o en curso.<\/p>\n<p style=\"text-align: justify;\">Destac\u00f3 que los OPLES cuentan con competencia para conocer denuncias de violencia pol\u00edtica en raz\u00f3n de g\u00e9nero, dictar medidas cautelares, solicitar \u00f3rdenes de protecci\u00f3n, emplazar y celebrar audiencias, para que se resuelva sobre la acreditaci\u00f3n de la infracci\u00f3n electoral en comento, dentro y fuera del proceso electoral.<\/p>\n<p style=\"text-align: justify;\">Refiri\u00f3 que el procedimiento indicado en el art\u00edculo 447 Bis para el PES, competencia del INE, contiene bases para los procedimientos locales que en el caso permit\u00edan a la Comisi\u00f3n de Quejas del Instituto Electoral de Oaxaca, conocer de la queja de Jaqueline a trav\u00e9s de este PES Local, y por tanto, fue correcto que se revocara el desechamiento y se reencausara la demanda sobre los actos de violencia pol\u00edtica contra las mujeres.<\/p>\n<p style=\"text-align: justify;\">Zepeda Barrientos, destac\u00f3 que en el caso que las personas que fueron denunciadas son funcionarios municipales sancionables por cometer infracciones electorales, conforme al art\u00edculo 449 de la LGIPE, y uno de ellos, el Presidente Municipal, fue electo por voto popular. \u201c<em>Es un cargo respecto del cual ya nos hemos pronunciado y la Sala Superior ha confirmado que al ejercer violencia de g\u00e9nero acredita una conducta reprochable que justifica, en su caso, se acreditara obviamente en este caso, la p\u00e9rdida del modo honesto de vivir\u201d<\/em>, advirti\u00f3 sobre el futuro de Garc\u00eda Jarqu\u00edn.<\/p>\n<p style=\"text-align: justify;\">El Magistrado Presidente, Enrique Figueroa \u00c1vila, destac\u00f3 que a partir de la reforma legal publicada en el Diario Oficial de la Federaci\u00f3n de 13 de abril, as\u00ed como de la reforma legal en el estado de Oaxaca, en materia de violencia pol\u00edtica contra las mujeres en raz\u00f3n de g\u00e9nero se construy\u00f3 un nuevo dise\u00f1o institucional para la protecci\u00f3n de los derechos humanos, pol\u00edtico y electorales de las mujeres.<\/p>\n<p style=\"text-align: justify;\">As\u00ed, la tutela de los derechos pol\u00edtico-electorales de las mujeres adquiri\u00f3 una nueva dimensi\u00f3n al abarcar la protecci\u00f3n del desempe\u00f1o de cargos p\u00fablicos como espacios de poder y toma de decisiones, con independencia de su v\u00eda de acceso; es decir, sin importar si se accedi\u00f3 por voto popular o por designaci\u00f3n o nombramiento.<\/p>\n<p style=\"text-align: justify;\">Por ello, con las nuevas disposiciones de la Ley General para el Acceso a las Mujeres a una Vida Libre de Violencia y de la Ley General de Instituciones y Procedimientos Electorales, le corresponde al Instituto Nacional Electoral y a los organismos p\u00fablicos locales electorales, en el \u00e1mbito de sus respectivas competencias, sancionar, de acuerdo con la normatividad aplicable, las conductas que constituyan violencia pol\u00edtica contra las mujeres en raz\u00f3n de g\u00e9nero.<\/p>\n<p style=\"text-align: justify;\">Figueroa \u00c1vila, recalc\u00f3 que para \u00e9l, es importante destacar que en casos como el del edil capitalino, el procedimiento especial sancionador es la v\u00eda id\u00f3nea para atender los casos de violencia pol\u00edtica en contra de las mujeres en raz\u00f3n de g\u00e9nero.<\/p>\n<p style=\"text-align: justify;\">Ponder\u00f3 que a trav\u00e9s del procedimiento especial sancionador no solamente se pretende sancionar las conductas constitutivas de violencia pol\u00edtica sino tambi\u00e9n implementar medidas de reparaci\u00f3n integral entre las que se encuentra, por supuesto, y de proceder la restituci\u00f3n del cargo.<\/p>\n<p style=\"text-align: justify;\">Cit\u00f3 entonces el art\u00edculo 463 Ter de la Ley General de Instituciones y Procedimientos Electorales, el cual dispone que, en la resoluci\u00f3n de los procedimientos especiales sancionadores por violencia pol\u00edtica en contra de las mujeres por raz\u00f3n de g\u00e9nero, la autoridad resolutoria deber\u00e1 ordenar las medidas de reparaci\u00f3n integral que correspondan, entre ellas, indemnizaci\u00f3n de la v\u00edctima, restituci\u00f3n inmediata en el cargo al que fue obligada a renunciar por motivos de violencia, disculpa p\u00fablica y medidas de no repetici\u00f3n.<\/p>\n<p style=\"text-align: justify;\">El Magistrado Ad\u00edn Antonio de Le\u00f3n G\u00e1lvez, destac\u00f3 que debe de existir una v\u00eda que permita que quien se vea afectada por actos que considera constituyen violencia pol\u00edtica en raz\u00f3n de g\u00e9nero, tenga a su alcance la posibilidad de presentar las quejas, las impugnaciones correspondientes y que exista una actuaci\u00f3n por parte de las autoridades competentes.<\/p>\n<p style=\"text-align: justify;\">Dijo compartir la l\u00f3gica expansiva de los derechos pol\u00edticos que no debe ser privativo exclusivamente de las mujeres que ocupan un cargo de elecci\u00f3n sino tambi\u00e9n de qui\u00e9nes han sido designadas y que desempe\u00f1an el ejercicio de un cargo p\u00fablico, de lo contrario, estar\u00edan dejando incompleta la posibilidad de tutela judicial para esos aspectos.<\/p>\n<p style=\"text-align: justify;\">Aclar\u00f3 que lo que hacen, es abrir la v\u00eda, para que a trav\u00e9s del procedimiento especial sancionador se analicen aspectos y eventualmente, como lo establecen los postulados del procedimiento se emitan, en caso de que se acrediten las infracciones, la responsabilidad, que se pueda imponer las acciones que correspondan.<\/p>\n<p style=\"text-align: justify;\">\u201c<em>Ya en otro momento si as\u00ed la actuaci\u00f3n del Instituto Electoral y de Participaci\u00f3n Ciudadana en el Estado Oaxaca, as\u00ed va en el sentido, pues ya se tendr\u00eda que verificar tambi\u00e9n los efectos de esta toma de decisiones en cuanto a, que de resultar fundada la queja presentada pues qu\u00e9 efectos se le pueden dar y eso, desde luego, me queda claro que pudiera ser an\u00e1lisis de una impugnaci\u00f3n distinta a la que tenemos en este momento\u201d<\/em>, adelant\u00f3 frente las decisiones del IEEPCO y una futura cadena impugnativa.<\/p>\n","protected":false},"excerpt":{"rendered":"<p>#Redacci\u00f3nOaxaca #Oaxaca Jaime GUERRERO La Sala Regional Xalapa del Tribunal Electoral del Poder Judicial de la Federaci\u00f3n (TEPJF), confirm\u00f3, por razones distintas, la sentencia del Tribunal Electoral del Estado de Oaxaca (TEEO) que revoc\u00f3 el acuerdo del IEEPCO, cuyo \u00f3rgano administrativo desech\u00f3 la demanda presentada por la presidenta del Instituto Municipal de la Mujer de [&hellip;]<\/p>\n","protected":false},"author":9,"featured_media":0,"comment_status":"open","ping_status":"open","sticky":false,"template":"","format":"standard","meta":{"jetpack_post_was_ever_published":false,"_jetpack_newsletter_access":"","_jetpack_dont_email_post_to_subs":false,"_jetpack_newsletter_tier_id":0,"_jetpack_memberships_contains_paywalled_content":false,"_jetpack_memberships_contains_paid_content":false,"footnotes":"","jetpack_publicize_message":"","jetpack_publicize_feature_enabled":true,"jetpack_social_post_already_shared":false,"jetpack_social_options":{"image_generator_settings":{"template":"highway","default_image_id":0,"font":"","enabled":false},"version":2}},"categories":[7,3,6,1],"tags":[],"class_list":{"0":"post-14542","1":"post","2":"type-post","3":"status-publish","4":"format-standard","6":"category-al-cierre","7":"category-mesa-de-redaccion","8":"category-tendencias","9":"category-uncategorized"},"jetpack_publicize_connections":[],"jetpack_featured_media_url":"","jetpack_sharing_enabled":true,"jetpack_shortlink":"https:\/\/wp.me\/p9Ynjw-3My","jetpack-related-posts":[{"id":15433,"url":"https:\/\/redaccionoaxaca.com\/index.php\/2020\/11\/26\/sala-superior-del-tepjf-da-reves-a-sala-xalapa-y-confirma-violencia-politica-de-genero-de-presidenta-de-san-jacinto-amilpas-vs-regidoras\/","url_meta":{"origin":14542,"position":0},"title":"Sala Superior del TEPJF da rev\u00e9s a Sala Xalapa y confirma violencia  pol\u00edtica de g\u00e9nero de Presidenta de San Jacinto Amilpas vs regidoras.","author":"ariadna","date":"noviembre 26, 2020","format":false,"excerpt":"#Redacci\u00f3nOaxaca #Oaxaca Jaime GUERRERO Por mayor\u00eda de votos, la Sala Superior del Tribunal Electoral del Poder Judicial de la Federaci\u00f3n (TEPJF), revoc\u00f3 una sentencia de la Sala Regional Xalapa y confirm\u00f3 que se cometi\u00f3 violencia pol\u00edtica en raz\u00f3n de g\u00e9nero contra M\u00f3nica Bel\u00e9n Morales Bernal y Gisela Lilia P\u00e9rez Garc\u00eda,\u2026","rel":"","context":"En &quot;Agenda Pol\u00edtica&quot;","block_context":{"text":"Agenda Pol\u00edtica","link":"https:\/\/redaccionoaxaca.com\/index.php\/category\/agenda-politica\/"},"img":{"alt_text":"","src":"","width":0,"height":0},"classes":[]},{"id":8335,"url":"https:\/\/redaccionoaxaca.com\/index.php\/2019\/09\/06\/sala-xalapa-del-tepjf-da-palo-al-teeo-y-declara-la-existencia-de-violencia-politica-vs-sindica-coxcaltepec\/","url_meta":{"origin":14542,"position":1},"title":"Sala Xalapa del TEPJF, da palo al TEEO y declara la  existencia de violencia pol\u00edtica vs S\u00edndica Coxcaltepec.","author":"ariadna","date":"septiembre 6, 2019","format":false,"excerpt":"#Redacci\u00f3nOaxaca #Oaxaca Jaime GUERRERO\u00a0 La Sala Regional Xalapa del Tribunal Electoral del Poder Judicial de la Federaci\u00f3n (TEPJF) modific\u00f3 la resoluci\u00f3n del Tribunal Electoral del Estado de Oaxaca y dio palo a ese \u00f3rgano jurisdiccional de la entidad, que declar\u00f3 indebidamente, la inexistencia de actos de violencia pol\u00edtica en raz\u00f3n\u2026","rel":"","context":"Entrada similar ","block_context":{"text":"Entrada similar ","link":""},"img":{"alt_text":"","src":"","width":0,"height":0},"classes":[]},{"id":15850,"url":"https:\/\/redaccionoaxaca.com\/index.php\/2020\/12\/17\/sala-xalapa-da-respiro-a-presidenta-de-san-jacinto-amilpas-le-deja-a-salvo-modo-honesto-de-vivir-pese-a-cometer-violencia-politica\/","url_meta":{"origin":14542,"position":2},"title":"Sala Xalapa da respiro a Presidenta de San Jacinto Amilpas, le deja a salvo modo honesto de vivir, pese a cometer violencia pol\u00edtica.","author":"ariadna","date":"diciembre 17, 2020","format":false,"excerpt":"#Redacci\u00f3nOaxaca #Oaxaca Jaime GUERRERO La Sala Regional Xalapa del Tribunal Electoral del Poder Judicial de la Federaci\u00f3n (TEPJF), modific\u00f3 la sentencia emitida por el Tribunal Electoral del Estado de Oaxaca (TEEO) relacionada con actos de violencia pol\u00edtica en raz\u00f3n de g\u00e9nero atribuidos a integrantes del Ayuntamiento de Mat\u00edas Romero Avenda\u00f1o\u2026","rel":"","context":"En &quot;Agenda Pol\u00edtica&quot;","block_context":{"text":"Agenda Pol\u00edtica","link":"https:\/\/redaccionoaxaca.com\/index.php\/category\/agenda-politica\/"},"img":{"alt_text":"","src":"","width":0,"height":0},"classes":[]},{"id":15984,"url":"https:\/\/redaccionoaxaca.com\/index.php\/2020\/12\/30\/sala-xalapa-del-tepjf-confirma-violencia-politica-en-razon-de-genero-vs-regidora-de-santa-catalina-quieri\/","url_meta":{"origin":14542,"position":3},"title":"Sala Xalapa del TEPJF confirma violencia pol\u00edtica en  raz\u00f3n de genero vs regidora de Santa Catalina Quier\u00ed.","author":"ariadna","date":"diciembre 30, 2020","format":false,"excerpt":"#Redacci\u00f3nOaxaca #Oaxaca Jaime GUERRERO La Sala Regional Xalapa del Tribunal Electoral del Poder Judicial de la Federaci\u00f3n confirm\u00f3 la sentencia del Tribunal Electoral del Estado de Oaxaca (TEEO) que orden\u00f3, entre otras cuestiones, restituir los derechos pol\u00edtico-electorales de la regidora suplente de Equidad de G\u00e9nero del Ayuntamiento de Santa Catalina\u2026","rel":"","context":"En &quot;Agenda Pol\u00edtica&quot;","block_context":{"text":"Agenda Pol\u00edtica","link":"https:\/\/redaccionoaxaca.com\/index.php\/category\/agenda-politica\/"},"img":{"alt_text":"","src":"","width":0,"height":0},"classes":[]},{"id":25193,"url":"https:\/\/redaccionoaxaca.com\/index.php\/2022\/04\/22\/sala-xalapa-del-tepjf-tumba-setencia-del-teeo-y-deja-firme-la-terminacion-anticipada-del-mandato-de-autoridades-de-amatlan\/","url_meta":{"origin":14542,"position":4},"title":"Sala Xalapa del TEPJF tumba setencia del TEEO y deja firme   la terminaci\u00f3n anticipada del mandato de autoridades de Amatl\u00e1n.","author":"ariadna","date":"abril 22, 2022","format":false,"excerpt":"#Redacci\u00f3nOaxaca #Oaxaca Jaime GUERRERO La Sala Regional Xalapa del Tribunal Electoral del Poder Judicial de la Federaci\u00f3n (#TEPJF), revoc\u00f3 una sentencia emitida por el Tribunal Electoral del Estado de Oaxaca (#TEEO), en la que declar\u00f3 la nulidad de las asambleas generales comunitarias de 5 y 19 de septiembre de 2021,\u2026","rel":"","context":"En &quot;Agenda Pol\u00edtica&quot;","block_context":{"text":"Agenda Pol\u00edtica","link":"https:\/\/redaccionoaxaca.com\/index.php\/category\/agenda-politica\/"},"img":{"alt_text":"","src":"","width":0,"height":0},"classes":[]},{"id":25594,"url":"https:\/\/redaccionoaxaca.com\/index.php\/2022\/05\/16\/por-orden-de-tepjf-presidenta-de-san-jacinto-ofrece-disculpas-publicas-a-2-ex-regidoras-ex-edil-cometio-violencia-politica-vs-ellas\/","url_meta":{"origin":14542,"position":5},"title":"Por orden de TEPJF, Presidenta de San Jacinto, ofrece disculpas  p\u00fablicas a 2 ex regidoras; ex edil, cometi\u00f3 violencia pol\u00edtica vs ellas","author":"ariadna","date":"mayo 16, 2022","format":"video","excerpt":"#Redacci\u00f3nOaxaca #Oaxaca Jaime GUERRERO En cumplimiento a la sentencia de la Sala Superior del Tribunal Electoral del Poder Judicial de la Federaci\u00f3n (TEPJF), la presidenta municipal de San Jacinto Amilpas, Gabriela D\u00edaz, ofreci\u00f3 disculpas p\u00fablicas a dos ex regidoras que fueron objeto de violencia pol\u00edtica en raz\u00f3n de g\u00e9nero por\u2026","rel":"","context":"En &quot;Agenda Pol\u00edtica&quot;","block_context":{"text":"Agenda Pol\u00edtica","link":"https:\/\/redaccionoaxaca.com\/index.php\/category\/agenda-politica\/"},"img":{"alt_text":"","src":"","width":0,"height":0},"classes":[]}],"_links":{"self":[{"href":"https:\/\/redaccionoaxaca.com\/index.php\/wp-json\/wp\/v2\/posts\/14542","targetHints":{"allow":["GET"]}}],"collection":[{"href":"https:\/\/redaccionoaxaca.com\/index.php\/wp-json\/wp\/v2\/posts"}],"about":[{"href":"https:\/\/redaccionoaxaca.com\/index.php\/wp-json\/wp\/v2\/types\/post"}],"author":[{"embeddable":true,"href":"https:\/\/redaccionoaxaca.com\/index.php\/wp-json\/wp\/v2\/users\/9"}],"replies":[{"embeddable":true,"href":"https:\/\/redaccionoaxaca.com\/index.php\/wp-json\/wp\/v2\/comments?post=14542"}],"version-history":[{"count":1,"href":"https:\/\/redaccionoaxaca.com\/index.php\/wp-json\/wp\/v2\/posts\/14542\/revisions"}],"predecessor-version":[{"id":14544,"href":"https:\/\/redaccionoaxaca.com\/index.php\/wp-json\/wp\/v2\/posts\/14542\/revisions\/14544"}],"wp:attachment":[{"href":"https:\/\/redaccionoaxaca.com\/index.php\/wp-json\/wp\/v2\/media?parent=14542"}],"wp:term":[{"taxonomy":"category","embeddable":true,"href":"https:\/\/redaccionoaxaca.com\/index.php\/wp-json\/wp\/v2\/categories?post=14542"},{"taxonomy":"post_tag","embeddable":true,"href":"https:\/\/redaccionoaxaca.com\/index.php\/wp-json\/wp\/v2\/tags?post=14542"}],"curies":[{"name":"wp","href":"https:\/\/api.w.org\/{rel}","templated":true}]}}