{"id":14570,"date":"2020-09-28T21:52:05","date_gmt":"2020-09-29T02:52:05","guid":{"rendered":"http:\/\/redaccionoaxaca.com\/?p=14570"},"modified":"2020-09-28T21:52:05","modified_gmt":"2020-09-29T02:52:05","slug":"casi-2-mil-jovenes-oaxaquenos-recorren-los-236-municipios-mas-marginados-del-estado-para-llevar-instruccion-a-ninos-y-adolescentes-son-los-denominados-heroes-de-acero-del-conafe","status":"publish","type":"post","link":"https:\/\/redaccionoaxaca.com\/index.php\/2020\/09\/28\/casi-2-mil-jovenes-oaxaquenos-recorren-los-236-municipios-mas-marginados-del-estado-para-llevar-instruccion-a-ninos-y-adolescentes-son-los-denominados-heroes-de-acero-del-conafe\/","title":{"rendered":"Cas\u00ed 2 mil j\u00f3venes Oaxaque\u00f1os recorren los 236 Municipios m\u00e1s marginados del Estado para llevar instrucci\u00f3n a ni\u00f1os y adolescentes; son los denominados h\u00e9roes de acero del Conafe."},"content":{"rendered":"<p style=\"text-align: justify;\"><strong>#Redacci\u00f3nOaxaca<\/strong><\/p>\n<p style=\"text-align: justify;\"><strong>#Oaxaca<\/strong><\/p>\n<p style=\"text-align: justify;\"><strong>Maira Ric\u00e1rdez<\/strong><\/p>\n<p style=\"text-align: justify;\">Un total de 1 mil 922 hombres y mujeres recorren desde el mes de agosto un total de 1 mil 404 localidades de los 236 Municipios m\u00e1s marginados de la entidad; enfundados como h\u00e9roes y hero\u00ednas de acero; se trata de j\u00f3venes, algunos titulados y otros en los \u00faltimos semestres de carrera, que tienen la misi\u00f3n de transformar las vidas de ni\u00f1as, ni\u00f1os y adolescentes en comunidades de alta y muy alta marginaci\u00f3n, el cambio de vida ser\u00e1 a trav\u00e9s de la educaci\u00f3n, as\u00ed lo explic\u00f3 el encargado del Consejo Nacional de Fomento Educativo (Conafe) en Oaxaca, Jes\u00fas Ad\u00e1n Santiago Paulino, quien explica la labor que estos j\u00f3venes instructores realizan en las comunidades m\u00e1s alejadas del Estado.<\/p>\n<p style=\"text-align: justify;\">La visita de estos h\u00e9roes y hero\u00ednas inici\u00f3 a partir del 08 de agosto pasado, y ha sido pr\u00e1cticamente casa por casa; los j\u00f3venes han entregando los cuadernillos de trabajo y adem\u00e1s, asesorado a los tutores sobre el manejo de los mismos; libros de texto que estaban ya en almac\u00e9n de la SEP y lidereando entregas en sitios comunes en cada pueblo a donde los padres o madres se presentan a recibir el material.<\/p>\n<p style=\"text-align: justify;\">Los casi 2 mil j\u00f3venes adscritos al CONAFE Oaxaca, se presentan los d\u00edas lunes y jueves a las localidades relativamente cercanas, donde es posible ir y venir en el mismo d\u00eda a esta ciudad, y los martes a las m\u00e1s alejadas donde pernoctan y de manera personal pr\u00e1cticamente y siguiendo todo el protocolo sanitario, instruyen a los menores sobre la din\u00e1mica de aprendizaje a distancia.<\/p>\n<p style=\"text-align: justify;\">Conafe entrega actualmente con este material b\u00e1sico de instrucci\u00f3n, adem\u00e1s, paquetes de \u00fatiles, y uniformes escolares, para estar listos destac\u00f3 el titular de Conafe en el momento en que la autoridad educativa de luz verde para el regreso a las aulas.<\/p>\n<p style=\"text-align: justify;\">En estas comunidades, las m\u00e1s rezagadas de la entidad, viven alrededor de 16 mil ni\u00f1os y ni\u00f1as menores de edad, correspondiente a 236 Municipios de alta y muy alta marginaci\u00f3n, cursan desde preescolar hasta secundaria y son estos 1 mil 922 instructores los gu\u00edas educativos; ellos reciben a cambio una beca de $3,750 pesos mensuales, y despu\u00e9s de este servicio, apoyo para gastos de titulaci\u00f3n, Telefon\u00eda celular, cobertura de gastos m\u00e9dicos, hospedaje y alimentaci\u00f3n en la comunidad donde se brinde el servicio, entre otros.<\/p>\n<p style=\"text-align: justify;\">Sin duda destac\u00f3 el funcionario, la labor de estos hombres y mujeres es por dem\u00e1s de servicio al Estado, est\u00e1n visitando las localidades m\u00e1s alejadas incluso aquella que no cuentan con telefon\u00eda celular y menos a\u00fan con mecanismos de conexi\u00f3n a internet; han recorrido ya localidades de San Miguel Chimapalas, Ixtayutla, Acatl\u00e1n, Zenzontepec, Amoltepec, entre cientos m\u00e1s de las m\u00e1s retiradas de esta capital.<\/p>\n","protected":false},"excerpt":{"rendered":"<p>#Redacci\u00f3nOaxaca #Oaxaca Maira Ric\u00e1rdez Un total de 1 mil 922 hombres y mujeres recorren desde el mes de agosto un total de 1 mil 404 localidades de los 236 Municipios m\u00e1s marginados de la entidad; enfundados como h\u00e9roes y hero\u00ednas de acero; se trata de j\u00f3venes, algunos titulados y otros en los \u00faltimos semestres de [&hellip;]<\/p>\n","protected":false},"author":9,"featured_media":0,"comment_status":"open","ping_status":"open","sticky":false,"template":"","format":"standard","meta":{"jetpack_post_was_ever_published":false,"_jetpack_newsletter_access":"","_jetpack_dont_email_post_to_subs":false,"_jetpack_newsletter_tier_id":0,"_jetpack_memberships_contains_paywalled_content":false,"_jetpack_memberships_contains_paid_content":false,"footnotes":"","jetpack_publicize_message":"","jetpack_publicize_feature_enabled":true,"jetpack_social_post_already_shared":false,"jetpack_social_options":{"image_generator_settings":{"template":"highway","default_image_id":0,"font":"","enabled":false},"version":2}},"categories":[7,3,6,1],"tags":[],"class_list":{"0":"post-14570","1":"post","2":"type-post","3":"status-publish","4":"format-standard","6":"category-al-cierre","7":"category-mesa-de-redaccion","8":"category-tendencias","9":"category-uncategorized"},"jetpack_publicize_connections":[],"jetpack_featured_media_url":"","jetpack_sharing_enabled":true,"jetpack_shortlink":"https:\/\/wp.me\/p9Ynjw-3N0","jetpack-related-posts":[{"id":23344,"url":"https:\/\/redaccionoaxaca.com\/index.php\/2022\/01\/06\/casi-2-mil-jovenes-recorren-263-de-los-municipios-mas-marginados-del-estado-para-llevar-educacion\/","url_meta":{"origin":14570,"position":0},"title":"Casi 2 mil j\u00f3venes recorren 263 de los Municipios m\u00e1s marginados del Estado para llevar educaci\u00f3n.","author":"ariadna","date":"enero 6, 2022","format":false,"excerpt":"#Redacci\u00f3nOaxaca #Oaxaca #MairaRic\u00e1rdezLuna Un total de 1 mil 922 hombres y mujeres recorren de casa en casa 1 mil 304 localidades de las 8 regiones del Estado, son exactamente 263 Municipios los que reciben est\u00e1 instrucci\u00f3n escolar, desde preescolar hasta secundaria. Hasta ahora suman 16 mil estudiantes bajo esta modalidad\u2026","rel":"","context":"En &quot;Al Cierre&quot;","block_context":{"text":"Al Cierre","link":"https:\/\/redaccionoaxaca.com\/index.php\/category\/al-cierre\/"},"img":{"alt_text":"","src":"","width":0,"height":0},"classes":[]},{"id":3459,"url":"https:\/\/redaccionoaxaca.com\/index.php\/2018\/10\/23\/joven-mixteco-busca-crear-academia-de-matematicas-para-beneficiar-a-ninos-marginados-de-mexico\/","url_meta":{"origin":14570,"position":1},"title":"Joven Mixteco busca crear Academia de Matem\u00e1ticas para beneficiar a ni\u00f1os marginados de M\u00e9xico","author":"denise","date":"octubre 23, 2018","format":"video","excerpt":"#Redacci\u00f3nOaxaca #Denisse Cruz\u00a0 Romeo P\u00e9rez Ortiz es un joven oaxaque\u00f1o descendiente de la civilizaci\u00f3n Mixteca; consigui\u00f3 su m\u00e1s alta formaci\u00f3n acad\u00e9mica en Rusia y ahora busca aplicar sus conocimientos de matem\u00e1ticas con ni\u00f1os y j\u00f3venes promesas de comunidades de todo M\u00e9xico. Nativo de San Pedro Siniyuvi, Putla Villa de Guerrero,\u2026","rel":"","context":"En &quot;Tendencias&quot;","block_context":{"text":"Tendencias","link":"https:\/\/redaccionoaxaca.com\/index.php\/category\/tendencias\/"},"img":{"alt_text":"","src":"","width":0,"height":0},"classes":[]},{"id":26343,"url":"https:\/\/redaccionoaxaca.com\/index.php\/2022\/06\/24\/en-oaxaca-6-mil-357-infantes-y-adolescentes-no-reciben-educacion-y-13-mil-838-trabajan-por-sustento-revela-encuesta-del-ine\/","url_meta":{"origin":14570,"position":2},"title":"En Oaxaca 6 mil 357 infantes y adolescentes no reciben   educaci\u00f3n y 13 mil 838 trabajan por sustento, revela encuesta del INE","author":"ariadna","date":"junio 24, 2022","format":"video","excerpt":"#Redacci\u00f3nOaxaca #Oaxaca Jaime GUERRERO El Instituto Nacional Electoral (#INE), present\u00f3 los resultados del ejercicio de la consulta infantil y juvenil realizada en el a\u00f1o 2021, en la que revel\u00f3 que de 117 mil 404 ni\u00f1os, ni\u00f1as y adolescentes que participaron en Oaxaca , 5.41% (6 mil 357 personas) reportan que\u2026","rel":"","context":"En &quot;Agenda Pol\u00edtica&quot;","block_context":{"text":"Agenda Pol\u00edtica","link":"https:\/\/redaccionoaxaca.com\/index.php\/category\/agenda-politica\/"},"img":{"alt_text":"","src":"","width":0,"height":0},"classes":[]},{"id":39455,"url":"https:\/\/redaccionoaxaca.com\/index.php\/2025\/12\/11\/crece-consumo-de-sustancias-desde-los-8-anos-en-oaxaca-sipinna-llama-a-proteger-a-ninas-ninos-y-adolescentes\/","url_meta":{"origin":14570,"position":3},"title":"Crece consumo de sustancias desde los 8 a\u00f1os en Oaxaca: SIPINNA; llama a proteger a ni\u00f1as, ni\u00f1os y adolescentes","author":"ariadna","date":"diciembre 11, 2025","format":false,"excerpt":"#Redacci\u00f3nOaxaca #Oaxaca Jaime GUERRERO El Gobierno de Oaxaca alert\u00f3 ante el inicio temprano del consumo de alcohol, tabaco y otras sustancias, fen\u00f3meno que, se ha detectado desde los 8 a\u00f1os de edad en la entidad. Durante la conferencia del gabinete de seguridad, Alma Deysi Bautista Ramos, Secretaria Ejecutiva del Sistema\u2026","rel":"","context":"En &quot;Agenda Pol\u00edtica&quot;","block_context":{"text":"Agenda Pol\u00edtica","link":"https:\/\/redaccionoaxaca.com\/index.php\/category\/agenda-politica\/"},"img":{"alt_text":"","src":"https:\/\/i0.wp.com\/redaccionoaxaca.com\/wp-content\/uploads\/2025\/12\/3-9.jpg?fit=1000%2C600&ssl=1&resize=350%2C200","width":350,"height":200,"srcset":"https:\/\/i0.wp.com\/redaccionoaxaca.com\/wp-content\/uploads\/2025\/12\/3-9.jpg?fit=1000%2C600&ssl=1&resize=350%2C200 1x, https:\/\/i0.wp.com\/redaccionoaxaca.com\/wp-content\/uploads\/2025\/12\/3-9.jpg?fit=1000%2C600&ssl=1&resize=525%2C300 1.5x, https:\/\/i0.wp.com\/redaccionoaxaca.com\/wp-content\/uploads\/2025\/12\/3-9.jpg?fit=1000%2C600&ssl=1&resize=700%2C400 2x"},"classes":[]},{"id":14325,"url":"https:\/\/redaccionoaxaca.com\/index.php\/2020\/09\/08\/10-20-y-30-mil-pesos-para-jovenes-que-retraten-en-video-el-problema-del-abuso-sexual-infantil-mexico-esta-en-este-campeonato-de-verguenza-por-numero-de-casos-y-oaxaca-figura-en-los-primeros-lugares\/","url_meta":{"origin":14570,"position":4},"title":"10, 20 y 30 mil pesos para j\u00f3venes que retraten en video el problema del abuso sexual infantil, M\u00e9xico est\u00e1 en este campeonato de verg\u00fcenza por n\u00famero de casos y Oaxaca figura en los primeros lugares: DIF.","author":"ariadna","date":"septiembre 8, 2020","format":false,"excerpt":"#Redacci\u00f3nOaxaca #Oaxaca Maira Ric\u00e1rdez Nuestro Pa\u00eds est\u00e1 en la lista de primeros lugares en n\u00famero de abusos sexuales contra ni\u00f1as u ni\u00f1os en el mundo, M\u00e9xico se corona en este campeonato de verg\u00fcenza. Quien lo efect\u00faa est\u00e1 cometiendo un delito grave y est\u00e1 partiendo en dos la vida de un\u2026","rel":"","context":"En &quot;Al Cierre&quot;","block_context":{"text":"Al Cierre","link":"https:\/\/redaccionoaxaca.com\/index.php\/category\/al-cierre\/"},"img":{"alt_text":"","src":"","width":0,"height":0},"classes":[]},{"id":41683,"url":"https:\/\/redaccionoaxaca.com\/index.php\/2026\/04\/21\/drogas-y-suicidio-privan-en-jovenes-de-oaxaca-istmo-valles-centrales-y-costa-en-alerta-roja\/","url_meta":{"origin":14570,"position":5},"title":"Drogas y suicidio privan en j\u00f3venes de Oaxaca; Istmo, Valles Centrales y Costa, en alerta roja","author":"ariadna","date":"abril 21, 2026","format":false,"excerpt":"#Redacci\u00f3nOaxaca #Oaxaca #JaimeGUERRERO El consumo de cristal, alcohol y otras sustancias entre adolescentes y el aumento sostenido de suicidios entre j\u00f3venes pusieron en alerta m\u00e1xima a las autoridades oaxaque\u00f1as, que identificaron tres regiones como los epicentros del problema: Valles Centrales, el Istmo de Tehuantepec y la Costa. La titular de\u2026","rel":"","context":"En &quot;Imagen&quot;","block_context":{"text":"Imagen","link":"https:\/\/redaccionoaxaca.com\/index.php\/category\/imagen\/"},"img":{"alt_text":"","src":"https:\/\/i0.wp.com\/redaccionoaxaca.com\/wp-content\/uploads\/2026\/04\/9-21.jpg?fit=1000%2C600&ssl=1&resize=350%2C200","width":350,"height":200,"srcset":"https:\/\/i0.wp.com\/redaccionoaxaca.com\/wp-content\/uploads\/2026\/04\/9-21.jpg?fit=1000%2C600&ssl=1&resize=350%2C200 1x, https:\/\/i0.wp.com\/redaccionoaxaca.com\/wp-content\/uploads\/2026\/04\/9-21.jpg?fit=1000%2C600&ssl=1&resize=525%2C300 1.5x, https:\/\/i0.wp.com\/redaccionoaxaca.com\/wp-content\/uploads\/2026\/04\/9-21.jpg?fit=1000%2C600&ssl=1&resize=700%2C400 2x"},"classes":[]}],"_links":{"self":[{"href":"https:\/\/redaccionoaxaca.com\/index.php\/wp-json\/wp\/v2\/posts\/14570","targetHints":{"allow":["GET"]}}],"collection":[{"href":"https:\/\/redaccionoaxaca.com\/index.php\/wp-json\/wp\/v2\/posts"}],"about":[{"href":"https:\/\/redaccionoaxaca.com\/index.php\/wp-json\/wp\/v2\/types\/post"}],"author":[{"embeddable":true,"href":"https:\/\/redaccionoaxaca.com\/index.php\/wp-json\/wp\/v2\/users\/9"}],"replies":[{"embeddable":true,"href":"https:\/\/redaccionoaxaca.com\/index.php\/wp-json\/wp\/v2\/comments?post=14570"}],"version-history":[{"count":1,"href":"https:\/\/redaccionoaxaca.com\/index.php\/wp-json\/wp\/v2\/posts\/14570\/revisions"}],"predecessor-version":[{"id":14572,"href":"https:\/\/redaccionoaxaca.com\/index.php\/wp-json\/wp\/v2\/posts\/14570\/revisions\/14572"}],"wp:attachment":[{"href":"https:\/\/redaccionoaxaca.com\/index.php\/wp-json\/wp\/v2\/media?parent=14570"}],"wp:term":[{"taxonomy":"category","embeddable":true,"href":"https:\/\/redaccionoaxaca.com\/index.php\/wp-json\/wp\/v2\/categories?post=14570"},{"taxonomy":"post_tag","embeddable":true,"href":"https:\/\/redaccionoaxaca.com\/index.php\/wp-json\/wp\/v2\/tags?post=14570"}],"curies":[{"name":"wp","href":"https:\/\/api.w.org\/{rel}","templated":true}]}}