{"id":14573,"date":"2020-09-28T21:55:27","date_gmt":"2020-09-29T02:55:27","guid":{"rendered":"http:\/\/redaccionoaxaca.com\/?p=14573"},"modified":"2020-09-28T21:55:27","modified_gmt":"2020-09-29T02:55:27","slug":"de-los-4-1-millones-de-oaxaquenos-que-somos-actualmente-el-3-8-tendremos-covid-recordo-el-subsecretario-de-salud-del-estado-el-tema-es-quien-morira","status":"publish","type":"post","link":"https:\/\/redaccionoaxaca.com\/index.php\/2020\/09\/28\/de-los-4-1-millones-de-oaxaquenos-que-somos-actualmente-el-3-8-tendremos-covid-recordo-el-subsecretario-de-salud-del-estado-el-tema-es-quien-morira\/","title":{"rendered":"De los 4.1 millones de Oaxaque\u00f1os que somos actualmente el 3.8 tendremos covid record\u00f3 el Subsecretario de Salud del Estado, el tema es quien morir\u00e1."},"content":{"rendered":"<p style=\"text-align: justify;\"><strong>#Redacci\u00f3nOaxaca<\/strong><\/p>\n<p style=\"text-align: justify;\"><strong>#Oaxaca<\/strong><\/p>\n<p style=\"text-align: justify;\"><strong>Maira Ric\u00e1rdez <\/strong><\/p>\n<p style=\"text-align: justify;\">La pandemia en Oaxaca se est\u00e1 comportando de acuerdo a lo pronosticado, reconoci\u00f3 el Subsecretario de Salud del Estado, Juan Carlos M\u00e1rquez Heine, al reconocer que la \u00faltima semana previa al regreso al sem\u00e1foro amarillo, ha sido de las de mayor incremento de casos covid19 en el Estado; hist\u00f3ricamente las pandemias tienen columpios record\u00f3 y este es un alto, eventualmente el 80% del total de los Oaxaque\u00f1os estaremos contagiados de covid, record\u00f3., y en este caso, para el Gobierno lo m\u00e1s relevante ser\u00e1 que el n\u00famero de defunciones no se eleve, y as\u00ed ha sucedido, se\u00f1al\u00f3.<\/p>\n<p style=\"text-align: justify;\">El comportamiento de los Oaxaque\u00f1os respecto a otros Estados y principalmente respecto a otros pa\u00edses, no ha sido el mejor en tiempos de pandemia desafortunadamente, pues hemos relajado las medidas sanitarias; priva el desconocimiento en muchas partes y hay quienes a\u00fan se siguen negando al uso del cubre bocas, cuando ha sido este mecanismo el que ha logrado que Oaxaca no vuelva al sem\u00e1foro rojo, consider\u00f3.<\/p>\n<p style=\"text-align: justify;\">El especialista confirm\u00f3 que el creciente n\u00famero de contagios que nos llev\u00f3 a cerrar esta semana que concluy\u00f3 con m\u00e1s de 1 mil 100 casos nuevos de coronavirus, es reflejo de que mientras el Gobierno cancel\u00f3 los festejos patrios, gran parte de la poblaci\u00f3n si celebr\u00f3 sus noches mexicanas, y 15 d\u00edas despu\u00e9s comienzan a confirmarse los contagios, tal como sucedi\u00f3 cuando el 30 de abril y el 10 de mayo, por ejemplo.<\/p>\n<p style=\"text-align: justify;\">De los 4 millones 143 mil 593 personas que actualmente habitamos Oaxaca, 3.8 millones tendremos covid, reiter\u00f3, y esto es previsible; y en este contexto para los Gobiernos lo importante o el tema grave ser\u00e1 cu\u00e1ntos de estos morir\u00e1n., el dato relevante insisti\u00f3 es que ciertamente en la \u00faltima semana el n\u00famero de casos se dispar\u00f3, pero disminuy\u00f3 el n\u00famero de pacientes graves, la disponibilidad hospitalaria se mantiene, es decir, cada vez menos personas est\u00e1n siendo intubadas.<\/p>\n<p style=\"text-align: justify;\">La recomendaci\u00f3n dijo el Subsecretario de Salud, es recordar a la poblaci\u00f3n que el sem\u00e1foro amarillo no quiere decir que estemos de fiesta; por el contrario, en esta etapa m\u00e1s que nunca se vuelve indispensable el uso correcto y permanente de cubre bocas en espacios p\u00fablicos para frenar la propagaci\u00f3n de casos.<\/p>\n","protected":false},"excerpt":{"rendered":"<p>#Redacci\u00f3nOaxaca #Oaxaca Maira Ric\u00e1rdez La pandemia en Oaxaca se est\u00e1 comportando de acuerdo a lo pronosticado, reconoci\u00f3 el Subsecretario de Salud del Estado, Juan Carlos M\u00e1rquez Heine, al reconocer que la \u00faltima semana previa al regreso al sem\u00e1foro amarillo, ha sido de las de mayor incremento de casos covid19 en el Estado; hist\u00f3ricamente las pandemias [&hellip;]<\/p>\n","protected":false},"author":9,"featured_media":0,"comment_status":"open","ping_status":"open","sticky":false,"template":"","format":"standard","meta":{"jetpack_post_was_ever_published":false,"_jetpack_newsletter_access":"","_jetpack_dont_email_post_to_subs":false,"_jetpack_newsletter_tier_id":0,"_jetpack_memberships_contains_paywalled_content":false,"_jetpack_memberships_contains_paid_content":false,"footnotes":"","jetpack_publicize_message":"","jetpack_publicize_feature_enabled":true,"jetpack_social_post_already_shared":false,"jetpack_social_options":{"image_generator_settings":{"template":"highway","default_image_id":0,"font":"","enabled":false},"version":2}},"categories":[7,3,6,1],"tags":[],"class_list":{"0":"post-14573","1":"post","2":"type-post","3":"status-publish","4":"format-standard","6":"category-al-cierre","7":"category-mesa-de-redaccion","8":"category-tendencias","9":"category-uncategorized"},"jetpack_publicize_connections":[],"jetpack_featured_media_url":"","jetpack_sharing_enabled":true,"jetpack_shortlink":"https:\/\/wp.me\/p9Ynjw-3N3","jetpack-related-posts":[{"id":13889,"url":"https:\/\/redaccionoaxaca.com\/index.php\/2020\/08\/11\/8-bebes-con-covid-en-hospital-civil-de-oaxaca-secretaria-de-salud-descarta-contagio-masivo-refuerza-medidas-sanitarias-respecto-a-madres-lactantes\/","url_meta":{"origin":14573,"position":0},"title":"8 beb\u00e9s con Covid en Hospital Civil de Oaxaca; Secretar\u00eda de Salud descarta contagio masivo, refuerza medidas sanitarias respecto a madres lactantes.","author":"ariadna","date":"agosto 11, 2020","format":false,"excerpt":"#Redacci\u00f3nOaxaca #Oaxaca Maira Ric\u00e1rdez Sin conceder que se trata de un contagio masivo, el Subsecretario de Salud del Estado, Juan Carlos M\u00e1rquez Heine, confirm\u00f3 un total de 8 beb\u00e9s con COVID y uno m\u00e1s sospechoso en la Unidad Hospitalaria Divisi\u00f3n de Pediatr\u00eda del Hospital Civil del Estado, son 9 menores\u2026","rel":"","context":"En &quot;Al Cierre&quot;","block_context":{"text":"Al Cierre","link":"https:\/\/redaccionoaxaca.com\/index.php\/category\/al-cierre\/"},"img":{"alt_text":"","src":"","width":0,"height":0},"classes":[]},{"id":26138,"url":"https:\/\/redaccionoaxaca.com\/index.php\/2022\/06\/16\/en-congreso-piden-a-sso-y-sectur-prevenir-propagacion-de-covid19-por-fiestas-de-la-guelaguetza-2022\/","url_meta":{"origin":14573,"position":1},"title":"En Congreso, piden a SSO y Sectur, prevenir   propagaci\u00f3n de Covid19 por fiestas de la Guelaguetza 2022","author":"ariadna","date":"junio 16, 2022","format":false,"excerpt":"#Redacci\u00f3nOaxaca #Oaxaca Jaime GUERRERO La Diputaci\u00f3n Permanente, pidi\u00f3 a Gobierno del Estado, instruir a los titulares de las Secretar\u00edas de Salud y Turismo, prevenir la propagaci\u00f3n del Covid19, por la pr\u00f3xima celebraci\u00f3n de las fiestas de la Guelaguetza 2022. En d\u00edas pasados el Gobierno del Estado anunci\u00f3 la fiesta m\u00e1s\u2026","rel":"","context":"En &quot;Imagen&quot;","block_context":{"text":"Imagen","link":"https:\/\/redaccionoaxaca.com\/index.php\/category\/imagen\/"},"img":{"alt_text":"","src":"https:\/\/i0.wp.com\/redaccionoaxaca.com\/wp-content\/uploads\/2022\/06\/IMG-20220615-WA0194-241x300.jpg?resize=350%2C200&ssl=1","width":350,"height":200},"classes":[]},{"id":12391,"url":"https:\/\/redaccionoaxaca.com\/index.php\/2020\/05\/19\/el-hospital-de-especialidades-de-oaxaca-no-esta-en-cuarentena-son-11-profesionales-de-la-salud-los-que-estan-contagiados-y-aislados\/","url_meta":{"origin":14573,"position":2},"title":"El Hospital de Especialidades de Oaxaca no est\u00e1 en cuarentena, son 11 profesionales de la salud los que est\u00e1n contagiados y aislados.","author":"ariadna","date":"mayo 19, 2020","format":false,"excerpt":"#Redacci\u00f3nOaxaca #Oaxaca Maira Ric\u00e1rdez *El di\u00e1logo ha sido permanente, apelamos a su calidad humana y profesional, dijo el Subsecretario de salud; revel\u00f3 adem\u00e1s que hasta este martes suman un total de 142 trabajadores de la salud contagiados por COVID19. Ser\u00edan 11 los casos de Covid 19 entre el personal del\u2026","rel":"","context":"En &quot;Mesa de Redacci\u00f3n&quot;","block_context":{"text":"Mesa de Redacci\u00f3n","link":"https:\/\/redaccionoaxaca.com\/index.php\/category\/mesa-de-redaccion\/"},"img":{"alt_text":"","src":"","width":0,"height":0},"classes":[]},{"id":11985,"url":"https:\/\/redaccionoaxaca.com\/index.php\/2020\/04\/24\/solo-3-oaxaquenos-muertos-por-covid-en-usa-estan-en-gestion-de-repatriacion-se-desconocen-particularidades-del-resto\/","url_meta":{"origin":14573,"position":3},"title":"Solo 3 Oaxaque\u00f1os muertos por Covid en USA est\u00e1n en gesti\u00f3n de repatriaci\u00f3n, se desconocen particularidades del resto.","author":"ariadna","date":"abril 24, 2020","format":false,"excerpt":"#Redacci\u00f3nOaxaca #Oaxaca Maira Ric\u00e1rdez *IOAM apoya tambi\u00e9n a Oaxaque\u00f1os varados en el extranjero, en \u00faltimos d\u00edas realizaron traslados desde Argentina, Bolivia y Espa\u00f1a De los 33 migrantes Oaxaque\u00f1os fallecidos por coronavirus en los Estados Unidos reportados por la Secretar\u00eda de Relaciones Exteriores (SRE) hasta esta fecha, hasta esta semana solo\u2026","rel":"","context":"En &quot;Mesa de Redacci\u00f3n&quot;","block_context":{"text":"Mesa de Redacci\u00f3n","link":"https:\/\/redaccionoaxaca.com\/index.php\/category\/mesa-de-redaccion\/"},"img":{"alt_text":"","src":"","width":0,"height":0},"classes":[]},{"id":13809,"url":"https:\/\/redaccionoaxaca.com\/index.php\/2020\/08\/06\/alerta-ioam-sobre-fraudulentos-anuncios-de-visas-de-trabajo-en-usa-estan-canceladas-hasta-el-2021-es-el-peor-momento-para-intentar-el-cruce\/","url_meta":{"origin":14573,"position":4},"title":"Alerta IOAM sobre fraudulentos anuncios de visas de trabajo en USA, est\u00e1n canceladas hasta el 2021, es el peor momento para intentar el cruce.","author":"ariadna","date":"agosto 6, 2020","format":false,"excerpt":"#Redacci\u00f3nOaxaca #Oaxaca Maira Ric\u00e1rdez El Gobierno de Donald Trump cancel\u00f3 las visas de trabajo por parte de Estados Unidos hasta el 31 diciembre del 2020, es decir, hasta el pr\u00f3ximo a\u00f1o, a\u00fan si \u00e9stas ya estaban a punto de ser aprobadas. No hay trabajo actualmente en la Uni\u00f3n Americana, lo\u2026","rel":"","context":"En &quot;Al Cierre&quot;","block_context":{"text":"Al Cierre","link":"https:\/\/redaccionoaxaca.com\/index.php\/category\/al-cierre\/"},"img":{"alt_text":"","src":"","width":0,"height":0},"classes":[]},{"id":21071,"url":"https:\/\/redaccionoaxaca.com\/index.php\/2021\/09\/22\/gobernador-de-oaxaca-titular-del-imss-e-insabi-inician-con-ordenamiento-del-sector-salud-colapsado\/","url_meta":{"origin":14573,"position":5},"title":"Gobernador de Oaxaca, titular del IMSS e INSABI,   inician con ordenamiento del sector salud colapsado.","author":"ariadna","date":"septiembre 22, 2021","format":false,"excerpt":"#Redacci\u00f3nOaxaca #Oaxaca Jaime GUERRERO Tras el t\u00e9rmino de vigencia de 2 mil 125 plazas eventuales que no cuentan con fuente de financiamiento, el gobernador, Alejandro Murat Hinojosa, y los directores generales del Instituto Mexicano del Seguro Social (IMSS), Maestro Zo\u00e9 Robledo, y del Instituto de Salud para el Bienestar (INSABI),\u2026","rel":"","context":"En &quot;Mesa de Redacci\u00f3n&quot;","block_context":{"text":"Mesa de Redacci\u00f3n","link":"https:\/\/redaccionoaxaca.com\/index.php\/category\/mesa-de-redaccion\/"},"img":{"alt_text":"","src":"","width":0,"height":0},"classes":[]}],"_links":{"self":[{"href":"https:\/\/redaccionoaxaca.com\/index.php\/wp-json\/wp\/v2\/posts\/14573","targetHints":{"allow":["GET"]}}],"collection":[{"href":"https:\/\/redaccionoaxaca.com\/index.php\/wp-json\/wp\/v2\/posts"}],"about":[{"href":"https:\/\/redaccionoaxaca.com\/index.php\/wp-json\/wp\/v2\/types\/post"}],"author":[{"embeddable":true,"href":"https:\/\/redaccionoaxaca.com\/index.php\/wp-json\/wp\/v2\/users\/9"}],"replies":[{"embeddable":true,"href":"https:\/\/redaccionoaxaca.com\/index.php\/wp-json\/wp\/v2\/comments?post=14573"}],"version-history":[{"count":1,"href":"https:\/\/redaccionoaxaca.com\/index.php\/wp-json\/wp\/v2\/posts\/14573\/revisions"}],"predecessor-version":[{"id":14575,"href":"https:\/\/redaccionoaxaca.com\/index.php\/wp-json\/wp\/v2\/posts\/14573\/revisions\/14575"}],"wp:attachment":[{"href":"https:\/\/redaccionoaxaca.com\/index.php\/wp-json\/wp\/v2\/media?parent=14573"}],"wp:term":[{"taxonomy":"category","embeddable":true,"href":"https:\/\/redaccionoaxaca.com\/index.php\/wp-json\/wp\/v2\/categories?post=14573"},{"taxonomy":"post_tag","embeddable":true,"href":"https:\/\/redaccionoaxaca.com\/index.php\/wp-json\/wp\/v2\/tags?post=14573"}],"curies":[{"name":"wp","href":"https:\/\/api.w.org\/{rel}","templated":true}]}}