{"id":14626,"date":"2020-10-01T14:32:27","date_gmt":"2020-10-01T19:32:27","guid":{"rendered":"http:\/\/redaccionoaxaca.com\/?p=14626"},"modified":"2020-10-01T14:34:09","modified_gmt":"2020-10-01T19:34:09","slug":"ine-elige-a-dos-nuevas-consejeras-del-ieepco","status":"publish","type":"post","link":"https:\/\/redaccionoaxaca.com\/index.php\/2020\/10\/01\/ine-elige-a-dos-nuevas-consejeras-del-ieepco\/","title":{"rendered":"INE elige a dos nuevas consejeras del IEEPCO."},"content":{"rendered":"<div><strong>#Redacci\u00f3nOaxaca<\/strong><\/div>\n<div><\/div>\n<div><strong>#Oaxaca<\/strong><\/div>\n<div><\/div>\n<div><strong>Jaime GUERRERO<\/strong><\/div>\n<div><\/div>\n<div style=\"text-align: justify;\">\n<div>Por unanimidad, el Consejo General del Instituto Nacional Electoral (INE), eligi\u00f3 a Jessica Jazibe Hern\u00e1ndez Garc\u00eda y Zaira Alhel\u00ed Hip\u00f3lito L\u00f3pez, para ocupar el cargo de consejeras del Instituto Estatal Electoral y de Participaci\u00f3n Ciudadana de Oaxaca (IEEPCO).<\/div>\n<div><\/div>\n<div>Adem\u00e1s de las dos consejeras electorales de Oaxaca, los y las consejeras del INE eligieron a consejeros de\u00a0<b>BAJA CALIFORNIA SUR, CAMPECHE, CIUDAD DE M\u00c9XICO, COLIMA, ESTADO DE M\u00c9XICO, GUANAJUATO, GUERRERO, JALISCO, MICHOAC\u00c1N, MORELOS, NUEVO LE\u00d3N, QUER\u00c9TARO, SAN LUIS POTOS\u00cd, SONORA, TABASCO, YUCAT\u00c1N Y ZACATECAS.<\/b><\/div>\n<div><b>\u00a0<\/b><\/div>\n<div>Jessica Jazibe Hern\u00e1ndez Garc\u00eda, fung\u00eda como Vocal Ejecutivo de la Junta Distrital 08 del INE y Zaira Alhel\u00ed Hip\u00f3lito L\u00f3pez, catedr\u00e1tica de la UABJO.<b><br \/>\n<\/b><\/div>\n<div><b>\u00a0<\/b><\/div>\n<div>En su intervenci\u00f3n el consejero del INE,\u00a0JAIME RIVERA VEL\u00c1ZQUEZ, destac\u00f3 que los perfiles son multidisciplinarios, con trayectorias profesionales diferentes.<\/div>\n<div><\/div>\n<div>No obstante, todos tuvieron que demostrar conocimiento de la materia electoral.<\/div>\n<div><\/div>\n<div>Todas transitaron por un proceso de selecci\u00f3n riguroso de cinco etapas, onocimiento electoral, capacidades anal\u00edticas y habilidades para solucionar problemas y construir acuerdos.<\/div>\n<div><\/div>\n<div>Destac\u00f3 que el proceso de selecci\u00f3n se desarroll\u00f3 en un contexto extraordinario causado por la pandemia de COVID-19, que oblig\u00f3 al INE a adoptar medidas extraordinarias y aplicar innovaciones para proteger la salud de todos los involucrados, al mismo tiempo que se garantizaran la igualdad de oportunidades, la objetividad y la certeza.<\/div>\n<div><\/div>\n<div>El pasado 8 de septiembre,\u00a0el INE hizo oficial la lista de 11 aspirantes finalistas que pasaron a la fase de entrevistas para formar parte del Consejo General del IEEPCO en sustituci\u00f3n de dos consejeros.<\/div>\n<div><\/div>\n<div>Dejan el cargo los consejeros Filiberto Ch\u00e1vez M\u00e9ndez y Rita Bell L\u00f3pez Vences y las nuevas consejeras durar\u00e1n en el cargo 7 a\u00f1os.<\/div>\n<div><\/div>\n<div>Algunos de los aspirantes que quedaron en el camino fueron personas cercanas al actual consejero presidente, Gustavo Meixueiro N\u00e1jera y el Secretario Ejecutivo, Luis Miguel Santiba\u00f1ez Su\u00e1rez. Dupla que ha colaborado en diversos tramos de su carrera profesional con el ex edil y ex representante del PRI ante el INE, Jos\u00e9 Antonio Hern\u00e1ndez Fraguas.<\/div>\n<div><\/div>\n<div>Entre las aspirantes que quedaron en el camino fueron F\u00e1tima Estela Casas Reyes; Gabriela G\u00f3mez Esteban, Coordinadora de Planeaci\u00f3n e Igualdad Sustantiva del IEEPCO; Edilia Rosalba Ramos Mendoza, Vocal del Registro Federal de Electores en el INE Huajuapan y Norma Iris Santiago Hern\u00e1ndez ex consejera del IEEPCO y vinculada al Partido de la Revoluci\u00f3n Democr\u00e1tica (PRD).<\/div>\n<div><\/div>\n<div>Los hombres que aprobaron el ensayo pero se quedaron en el camino fueron Freddie Aguilar Aguilar, ex asesor de Alberto Alonso Criollo ex consejero presidente del IEEPCO.<\/div>\n<div><\/div>\n<div>Rafael Cruz Vargas, coordinador jur\u00eddico de Strategia Electoral de Arturo Espinosa Silis; Felipe Fuentes Muruaga, Coordinador de Recursos Materiales y Servicios Generales del IEEPCO vinculado a Alberto Alonso Criollo \u2013 ex consejero presidente del IEEPCO- quien presuntamente estuvo involucrado en operar n\u00f3mina fantasma del proceso electoral de 2013.<\/div>\n<div><\/div>\n<div>Lo mismo, Carlos Armando Hern\u00e1ndez Hern\u00e1ndez, Notario P\u00fablico Auxiliar de la Notar\u00eda P\u00fablica N\u00famero. 33 en Oaxaca y Juan Carlos Merl\u00edn Mu\u00f1oz, vocal secretario de la Junta Local Ejecutiva del INE en Zacatecas.<\/div>\n<div><\/div>\n<div><\/div>\n<\/div>\n","protected":false},"excerpt":{"rendered":"<p>#Redacci\u00f3nOaxaca #Oaxaca Jaime GUERRERO Por unanimidad, el Consejo General del Instituto Nacional Electoral (INE), eligi\u00f3 a Jessica Jazibe Hern\u00e1ndez Garc\u00eda y Zaira Alhel\u00ed Hip\u00f3lito L\u00f3pez, para ocupar el cargo de consejeras del Instituto Estatal Electoral y de Participaci\u00f3n Ciudadana de Oaxaca (IEEPCO). Adem\u00e1s de las dos consejeras electorales de Oaxaca, los y las consejeras del [&hellip;]<\/p>\n","protected":false},"author":9,"featured_media":0,"comment_status":"open","ping_status":"open","sticky":false,"template":"","format":"standard","meta":{"jetpack_post_was_ever_published":false,"_jetpack_newsletter_access":"","_jetpack_dont_email_post_to_subs":false,"_jetpack_newsletter_tier_id":0,"_jetpack_memberships_contains_paywalled_content":false,"_jetpack_memberships_contains_paid_content":false,"footnotes":"","jetpack_publicize_message":"","jetpack_publicize_feature_enabled":true,"jetpack_social_post_already_shared":false,"jetpack_social_options":{"image_generator_settings":{"template":"highway","default_image_id":0,"font":"","enabled":false},"version":2}},"categories":[4,3,6,1],"tags":[],"class_list":{"0":"post-14626","1":"post","2":"type-post","3":"status-publish","4":"format-standard","6":"category-agenda-politica","7":"category-mesa-de-redaccion","8":"category-tendencias","9":"category-uncategorized"},"jetpack_publicize_connections":[],"jetpack_featured_media_url":"","jetpack_sharing_enabled":true,"jetpack_shortlink":"https:\/\/wp.me\/p9Ynjw-3NU","jetpack-related-posts":[{"id":13755,"url":"https:\/\/redaccionoaxaca.com\/index.php\/2020\/08\/05\/entre-afines-a-consejeros-y-consejeras-del-ieepco-ine-elige-a-23-aspirantes-para-ocupar-2-sillas-en-ople-de-oaxaca\/","url_meta":{"origin":14626,"position":0},"title":"Entre afines a consejeros y consejeras del IEEPCO,  INE elige a 23 aspirantes para ocupar 2 sillas en OPLE de Oaxaca.","author":"ariadna","date":"agosto 5, 2020","format":false,"excerpt":"#Redacci\u00f3nOaxaca #Oaxaca Jaime GUERRERO El Instituto Nacional Electoral (INE), public\u00f3 una lista de 23 aspirantes que cumplieron obtuvieron las calificaciones m\u00e1s aceptables del examen de conocimientos de cara al proceso de relevo de 2 consejeros del Instituto Estatal Electoral y de Participaci\u00f3n Ciudadana de Oaxaca (IEEPCO), entre los que destacan\u2026","rel":"","context":"En &quot;Agenda Pol\u00edtica&quot;","block_context":{"text":"Agenda Pol\u00edtica","link":"https:\/\/redaccionoaxaca.com\/index.php\/category\/agenda-politica\/"},"img":{"alt_text":"","src":"","width":0,"height":0},"classes":[]},{"id":31985,"url":"https:\/\/redaccionoaxaca.com\/index.php\/2024\/06\/03\/recibe-ieepco-documentacion-electoral-del-votomex\/","url_meta":{"origin":14626,"position":1},"title":"Recibe IEEPCO documentaci\u00f3n electoral del VotoMex","author":"ariadna","date":"junio 3, 2024","format":false,"excerpt":"#Redacci\u00f3nOaxaca #Oaxaca OAXACA, Oax.- Para hacer valer la voluntad de la ciudadan\u00eda oaxaque\u00f1a en el extranjero, este 3 de junio, posterior a la Jornada Electoral, el Consejo General del Instituto Estatal Electoral y de Participaci\u00f3n Ciudadana de Oaxaca (IEEPCO), recibi\u00f3 la documentaci\u00f3n electoral de Voto en el Extranjero. La Presidenta\u2026","rel":"","context":"En &quot;Agenda Pol\u00edtica&quot;","block_context":{"text":"Agenda Pol\u00edtica","link":"https:\/\/redaccionoaxaca.com\/index.php\/category\/agenda-politica\/"},"img":{"alt_text":"","src":"","width":0,"height":0},"classes":[]},{"id":31778,"url":"https:\/\/redaccionoaxaca.com\/index.php\/2024\/05\/15\/participa-ieepco-en-capacitacion-sobre-computos-de-las-elecciones\/","url_meta":{"origin":14626,"position":2},"title":"Participa IEEPCO en capacitaci\u00f3n sobre  C\u00f3mputos de las Elecciones","author":"ariadna","date":"mayo 15, 2024","format":false,"excerpt":"#Redacci\u00f3nOaxaca #Oaxaca _ Este proceso es la \u00faltima etapa para conocer a las candidaturas ganadoras_ OAXACA, Oax.- El Instituto Estatal Electoral y de Participaci\u00f3n Ciudadana de Oaxaca ( IEEPCO ) particip\u00f3 en la Capacitaci\u00f3n sobre los C\u00f3mputos de las Elecciones Locales impartida por el Instituto Nacional Electoral (INE) con el\u2026","rel":"","context":"En &quot;Agenda Pol\u00edtica&quot;","block_context":{"text":"Agenda Pol\u00edtica","link":"https:\/\/redaccionoaxaca.com\/index.php\/category\/agenda-politica\/"},"img":{"alt_text":"","src":"https:\/\/i0.wp.com\/redaccionoaxaca.com\/wp-content\/uploads\/2024\/05\/FB_IMG_1715798770692-300x200.jpg?resize=350%2C200&ssl=1","width":350,"height":200},"classes":[]},{"id":31979,"url":"https:\/\/redaccionoaxaca.com\/index.php\/2024\/06\/02\/verifica-ieepco-puesta-en-ceros-del-prep-notario-publico-da-fe-de-la-actividad\/","url_meta":{"origin":14626,"position":3},"title":"Verifica IEEPCO puesta en ceros del PREP  Notario P\u00fablico da fe de la actividad","author":"ariadna","date":"junio 2, 2024","format":false,"excerpt":"#Redacci\u00f3nOaxaca #Oaxaca OAXACA, Oax.- Este domingo 2 de junio, en el marco de la Jornada Electoral, el Instituto Estatal Electoral y de Participaci\u00f3n Ciudadana de Oaxaca (IEEPCO) realiz\u00f3 la puesta en ceros del Programa de Resultados Electorales Preliminares (PREP) a las 18 horas, previo a la publicaci\u00f3n y puesta en\u2026","rel":"","context":"En &quot;Imagen&quot;","block_context":{"text":"Imagen","link":"https:\/\/redaccionoaxaca.com\/index.php\/category\/imagen\/"},"img":{"alt_text":"","src":"https:\/\/i0.wp.com\/redaccionoaxaca.com\/wp-content\/uploads\/2024\/06\/Screenshot_20240602-192316_Facebook-300x149.jpg?resize=350%2C200&ssl=1","width":350,"height":200},"classes":[]},{"id":25257,"url":"https:\/\/redaccionoaxaca.com\/index.php\/2022\/04\/26\/supervisa-ieepco-funcionalidad-del-prep-de-las-elecciones-2022\/","url_meta":{"origin":14626,"position":4},"title":"Supervisa IEEPCO funcionalidad del PREP de las elecciones 2022.","author":"ariadna","date":"abril 26, 2022","format":false,"excerpt":"#Redacci\u00f3nOaxaca #Oaxaca Comunicado * Realizan primera prueba de funcionalidad del programa de resultados electorales preliminares para la jornada del 5 de junio Integrantes del Consejo General del Instituto Estatal Electoral y de Participaci\u00f3n Ciudadana de Oaxaca (#IEEPCO) supervisaron la primera prueba de funcionalidad del Programa de Resultados Electorales Preliminares (#PREP)\u2026","rel":"","context":"En &quot;Agenda Pol\u00edtica&quot;","block_context":{"text":"Agenda Pol\u00edtica","link":"https:\/\/redaccionoaxaca.com\/index.php\/category\/agenda-politica\/"},"img":{"alt_text":"","src":"https:\/\/i0.wp.com\/redaccionoaxaca.com\/wp-content\/uploads\/2022\/04\/Seleccion-7-300x168.jpg?resize=350%2C200&ssl=1","width":350,"height":200},"classes":[]},{"id":25665,"url":"https:\/\/redaccionoaxaca.com\/index.php\/2022\/05\/19\/distritacion-electoral-debe-contemplar-a-comunidades-indigenas-sanchez-gonzalez\/","url_meta":{"origin":14626,"position":5},"title":"Distritaci\u00f3n Electoral debe contemplar a comunidades ind\u00edgenas: S\u00e1nchez Gonz\u00e1lez","author":"ariadna","date":"mayo 19, 2022","format":false,"excerpt":"#Redacci\u00f3nOaxaca #Oaxaca \u201dEl ejercicio de distritaci\u00f3n electoral debe contemplar una perspectiva comunitaria que maximice los derechos fundamentales, pero al mismo tiempo potencialice los derechos colectivos pol\u00edtico-electorales de los pueblos y comunidades ind\u00edgenas\u201d. As\u00ed lo expres\u00f3 la consejera presidenta del Instituto Estatal Electoral y de Participaci\u00f3n Ciudadana de Oaxaca (#IEEPCO), Elizabeth\u2026","rel":"","context":"En &quot;Agenda Pol\u00edtica&quot;","block_context":{"text":"Agenda Pol\u00edtica","link":"https:\/\/redaccionoaxaca.com\/index.php\/category\/agenda-politica\/"},"img":{"alt_text":"","src":"https:\/\/i0.wp.com\/redaccionoaxaca.com\/wp-content\/uploads\/2022\/05\/IMG-20220519-WA0123-300x150.jpg?resize=350%2C200&ssl=1","width":350,"height":200},"classes":[]}],"_links":{"self":[{"href":"https:\/\/redaccionoaxaca.com\/index.php\/wp-json\/wp\/v2\/posts\/14626","targetHints":{"allow":["GET"]}}],"collection":[{"href":"https:\/\/redaccionoaxaca.com\/index.php\/wp-json\/wp\/v2\/posts"}],"about":[{"href":"https:\/\/redaccionoaxaca.com\/index.php\/wp-json\/wp\/v2\/types\/post"}],"author":[{"embeddable":true,"href":"https:\/\/redaccionoaxaca.com\/index.php\/wp-json\/wp\/v2\/users\/9"}],"replies":[{"embeddable":true,"href":"https:\/\/redaccionoaxaca.com\/index.php\/wp-json\/wp\/v2\/comments?post=14626"}],"version-history":[{"count":4,"href":"https:\/\/redaccionoaxaca.com\/index.php\/wp-json\/wp\/v2\/posts\/14626\/revisions"}],"predecessor-version":[{"id":14631,"href":"https:\/\/redaccionoaxaca.com\/index.php\/wp-json\/wp\/v2\/posts\/14626\/revisions\/14631"}],"wp:attachment":[{"href":"https:\/\/redaccionoaxaca.com\/index.php\/wp-json\/wp\/v2\/media?parent=14626"}],"wp:term":[{"taxonomy":"category","embeddable":true,"href":"https:\/\/redaccionoaxaca.com\/index.php\/wp-json\/wp\/v2\/categories?post=14626"},{"taxonomy":"post_tag","embeddable":true,"href":"https:\/\/redaccionoaxaca.com\/index.php\/wp-json\/wp\/v2\/tags?post=14626"}],"curies":[{"name":"wp","href":"https:\/\/api.w.org\/{rel}","templated":true}]}}