{"id":14710,"date":"2020-10-13T14:10:20","date_gmt":"2020-10-13T19:10:20","guid":{"rendered":"http:\/\/redaccionoaxaca.com\/?p=14710"},"modified":"2020-10-13T14:10:20","modified_gmt":"2020-10-13T19:10:20","slug":"pese-a-cabildeo-de-diputada-del-pri-que-recibe-prebendas-de-coca-cola-y-omision-de-semaedeso-prohibicion-de-pet-en-oaxaca-va","status":"publish","type":"post","link":"https:\/\/redaccionoaxaca.com\/index.php\/2020\/10\/13\/pese-a-cabildeo-de-diputada-del-pri-que-recibe-prebendas-de-coca-cola-y-omision-de-semaedeso-prohibicion-de-pet-en-oaxaca-va\/","title":{"rendered":"Pese a cabildeo de diputada del PRI que recibe prebendas de  Coca-Cola y omisi\u00f3n de Semaedeso, prohibici\u00f3n de PET en Oaxaca va."},"content":{"rendered":"<p style=\"text-align: justify;\"><strong>#Redacci\u00f3nOaxaca<\/strong><\/p>\n<p style=\"text-align: justify;\"><strong>#Oaxaca<\/strong><\/p>\n<p><strong>Jaime GUERRERO<\/strong><\/p>\n<p style=\"text-align: justify;\">Pese al cabildeo de diputadas del partido Revolucionario Institucional y la omisi\u00f3n de la Secretar\u00eda del Medio Ambiente, Energ\u00edas y Desarrollo Sustentable de Oaxaca (Semaedeso), el pr\u00f3ximo 25 de octubre entra en vigor la reforma legal que proh\u00edbe en Oaxaca la venta, distribuci\u00f3n o uso de botellas desechables de pl\u00e1stico, as\u00ed como de envases y embalajes desechables de unicel, para evitar la contaminaci\u00f3n ambiental que generan esos materiales.<\/p>\n<p style=\"text-align: justify;\">Despu\u00e9s de 10 meses de retraso por las protestas de empresarios por la medida y el retraso de la publicaci\u00f3n de la reforma en el Peri\u00f3dico Oficial del Estado, por fin la reforma que impuls\u00f3 el presidente de la Junta de Coordinaci\u00f3n Pol\u00edtica de la 64 Legislatura, Horacio Sosa Villavicencio, ser\u00e1 ley vigente.<\/p>\n<p style=\"text-align: justify;\">La reforma fue aprobada por el Congreso el 15 de abril del 2019 y deb\u00eda entrar en vigor el 22 de diciembre pasado para las medianas y grandes empresas que comercialicen directamente al consumidor final, as\u00ed como a las empresas de menor tama\u00f1o que distribuyan antes de su venta al consumidor final productos de envases desechables de PET o unicel.<\/p>\n<p style=\"text-align: justify;\">Sin embargo, se determin\u00f3 realizar una ampliaci\u00f3n del plazo por seis meses m\u00e1s, derivado de que distintas c\u00e1maras de comercio y agrupaciones de industriales se acercaron al Congreso.<\/p>\n<p style=\"text-align: justify;\">El decret\u00f3 188, que contiene la reforma que permite la ampliaci\u00f3n del plazo fue publicado hasta el 24 de abril del 2020, otorgando tres meses m\u00e1s de plazo adicional a los industriales y comerciantes, m\u00e1s all\u00e1 de la voluntad del legislativo expresada en el decreto de referencia; es decir, contaron con 10 meses adicionales a los previstos inicialmente.<\/p>\n<p style=\"text-align: justify;\">As\u00ed, producto de esa ampliaci\u00f3n y del retraso del Ejecutivo, la prohibici\u00f3n entrar\u00e1 en vigor el pr\u00f3ximo 25 de octubre.<\/p>\n<p style=\"text-align: justify;\">No obstante, existe la resistencia del PRI, a trav\u00e9s de la diputada plurinominal, Yarit Thanos Cruz, quien a cambio de recibir prebenda de Femsa-Coca-Cola, como bebidas de alto contenido cal\u00f3rico que ella misma regala a menores de edad de comunidades marginadas, pese a estar prohibido y sancionado en Oaxaca.<\/p>\n<p style=\"text-align: justify;\">La legisladora locales que, echa mano de \u201ccomunicadores\u201d para contrarrestar las criticas en su contra, recibe beneficios de la transnacional Coca-cola, con los cuales hace promoci\u00f3n de sus actividades legislativas.<\/p>\n<p style=\"text-align: justify;\">Thanos Cruz, insiste anta la Junta de Coordinaci\u00f3n Pol\u00edtica en darles m\u00e1s periodo de gracia a los empresarios.<\/p>\n<p style=\"text-align: justify;\">Al respecto, Sosa Villavicencio, confirm\u00f3 que, pese a esas resistencias, el pr\u00f3ximo 25 de octubre, entrara en vigor la reforma.<\/p>\n<p style=\"text-align: justify;\">Por lo pronto, critic\u00f3 la omisi\u00f3n del titular de la Semaedeso, Samuel Gurri\u00f3n Matias, por no generar las campa\u00f1as de difusi\u00f3n. \u201c<em>El se\u00f1or secretario Gurri\u00f3n debe de asumir su responsabilidad, orientando, creando los foros con las autoridades municipales porque es un beneficio humanos y social<\/em>\u201d, asest\u00f3.<\/p>\n<p style=\"text-align: justify;\">Record\u00f3 que la Semaedeso, tiene la facultad de vigilar y aplicar las sanciones que van de los 10 salarios m\u00ednimos a los 5 mil salarios m\u00ednimos a quien no acate la nueva disposici\u00f3n.<\/p>\n<p style=\"text-align: justify;\">De la omisi\u00f3n de la Semaedeso, refiri\u00f3 que en las dependencias del gobierno del estado, aun se ve el suministro de agua en botellas de pl\u00e1stico. \u201c<em>Es omisi\u00f3n. que asuma su compromiso<\/em>\u201d, demand\u00f3.<\/p>\n<p style=\"text-align: justify;\">Del cabildeo en contra de la diputada del PRI y las dadivas que recibe de Femsa -CocaCola, desestim\u00f3 que signifique una contradicci\u00f3n del Poder Legislativo. Refiri\u00f3 que de 42 diputados, 23 votaron en favor, algunos se asentaron y otros se abstuvieron, aun cuando ese figura legislativa no existe.<\/p>\n<p style=\"text-align: center;\">No obstante, fue m\u00e1s all\u00e1 al criticar y calificar a las diputadas del Partido Verde Ecologista de M\u00e9xico, \u201c<em>porque no es verde ni es ecologista<\/em>\u201d, al votar en contra.<\/p>\n<p style=\"text-align: justify;\">Dijo entonces que cada quien asuma su responsabilidad como legisladores y como ciudadanos.<\/p>\n<p style=\"text-align: justify;\">Pese a ello, Sosa Villavicencio, lament\u00f3 que empresarios y diputadas se presten a estar en contra de reformas que benefician el medio ambiente y entorno donde vive la sociedad.<\/p>\n","protected":false},"excerpt":{"rendered":"<p>#Redacci\u00f3nOaxaca #Oaxaca Jaime GUERRERO Pese al cabildeo de diputadas del partido Revolucionario Institucional y la omisi\u00f3n de la Secretar\u00eda del Medio Ambiente, Energ\u00edas y Desarrollo Sustentable de Oaxaca (Semaedeso), el pr\u00f3ximo 25 de octubre entra en vigor la reforma legal que proh\u00edbe en Oaxaca la venta, distribuci\u00f3n o uso de botellas desechables de pl\u00e1stico, as\u00ed [&hellip;]<\/p>\n","protected":false},"author":9,"featured_media":0,"comment_status":"open","ping_status":"open","sticky":false,"template":"","format":"standard","meta":{"jetpack_post_was_ever_published":false,"_jetpack_newsletter_access":"","_jetpack_dont_email_post_to_subs":false,"_jetpack_newsletter_tier_id":0,"_jetpack_memberships_contains_paywalled_content":false,"_jetpack_memberships_contains_paid_content":false,"footnotes":"","jetpack_publicize_message":"","jetpack_publicize_feature_enabled":true,"jetpack_social_post_already_shared":false,"jetpack_social_options":{"image_generator_settings":{"template":"highway","default_image_id":0,"font":"","enabled":false},"version":2}},"categories":[4,7,3,6,1],"tags":[],"class_list":{"0":"post-14710","1":"post","2":"type-post","3":"status-publish","4":"format-standard","6":"category-agenda-politica","7":"category-al-cierre","8":"category-mesa-de-redaccion","9":"category-tendencias","10":"category-uncategorized"},"jetpack_publicize_connections":[],"jetpack_featured_media_url":"","jetpack_sharing_enabled":true,"jetpack_shortlink":"https:\/\/wp.me\/p9Ynjw-3Pg","jetpack-related-posts":[{"id":16402,"url":"https:\/\/redaccionoaxaca.com\/index.php\/2021\/01\/22\/semaedeso-ha-iniciado-4-procesos-contra-el-mismo-numero-de-establecimientos-por-insistir-en-la-venta-de-productos-en-pet-las-4-se-han-amparado-pero-no-han-procedido\/","url_meta":{"origin":14710,"position":0},"title":"Semaedeso ha iniciado 4 procesos contra el mismo n\u00famero de establecimientos por insistir en la venta de productos en PET, las 4 se han amparado pero no han procedido.","author":"ariadna","date":"enero 22, 2021","format":false,"excerpt":"#Redacci\u00f3nOaxaca #Oaxaca Maira Ric\u00e1rdez *Ya iniciaron sanciones a tiendas de autoservicio, aseguran El 24 de octubre del 2020 entr\u00f3 en vigor la ley creada por el Congreso del Estado de Oaxaca para la Prevenci\u00f3n y Gesti\u00f3n Integral de los Residuos S\u00f3lidos, que prohibi\u00f3 en todo el estado, la venta, distribuci\u00f3n\u2026","rel":"","context":"En &quot;Al Cierre&quot;","block_context":{"text":"Al Cierre","link":"https:\/\/redaccionoaxaca.com\/index.php\/category\/al-cierre\/"},"img":{"alt_text":"","src":"","width":0,"height":0},"classes":[]},{"id":13083,"url":"https:\/\/redaccionoaxaca.com\/index.php\/2020\/06\/26\/indolencia-ineficacia-y-contubernio-de-la-semaedeso-con-empresas-para-seguir-contaminando-con-pet-vela-por-dinero\/","url_meta":{"origin":14710,"position":1},"title":"Indolencia, ineficacia y contubernio de la Semaedeso con   empresas para seguir contaminando con PET, vela por dinero.","author":"ariadna","date":"junio 26, 2020","format":false,"excerpt":"#Redacci\u00f3nOaxaca #Oaxaca Jaime GUERRERO La diputada del Partido Movimiento de Regeneraci\u00f3n Nacional (Morena), Magaly L\u00f3pez Dom\u00ednguez, se\u00f1al\u00f3 que la Secretar\u00eda del Medio Ambiente, Energ\u00edas y Desarrollo Sustentable (Semaedeso) del gobierno local, que encabeza Samuel Gurri\u00f3n Mat\u00edas, no ha realizado ninguna clausura, ni impuesto alguna multa, ni realizado acci\u00f3n alguna frente\u2026","rel":"","context":"En &quot;Agenda Pol\u00edtica&quot;","block_context":{"text":"Agenda Pol\u00edtica","link":"https:\/\/redaccionoaxaca.com\/index.php\/category\/agenda-politica\/"},"img":{"alt_text":"","src":"","width":0,"height":0},"classes":[]},{"id":6886,"url":"https:\/\/redaccionoaxaca.com\/index.php\/2019\/05\/21\/omision-de-la-consejeria-del-gobernador-no-se-publica-en-diario-oficial-ley-que-prohibe-uso-de-popotes-y-unicel-en-oaxaca-es-inservible\/","url_meta":{"origin":14710,"position":2},"title":"Omisi\u00f3n de la Consejer\u00eda del Gobernador, no se publica en diario oficial,  Ley que proh\u00edbe uso de popotes y unicel en Oaxaca, es inservible.","author":"jaime","date":"mayo 21, 2019","format":false,"excerpt":"#Redacci\u00f3nOaxaca #Oaxaca Jaime GUERRERO Pese a que la LXIV Legislatura, aprob\u00f3 la Ley para la Prevenci\u00f3n y Gesti\u00f3n Integral de los Residuos S\u00f3lidos y se estableci\u00f3 en los art\u00edculos transitorios la publicaci\u00f3n en el diario oficial del estado, para la entrada en vigor de esas normas que prohiben el uso\u2026","rel":"","context":"Entrada similar ","block_context":{"text":"Entrada similar ","link":""},"img":{"alt_text":"","src":"","width":0,"height":0},"classes":[]},{"id":15107,"url":"https:\/\/redaccionoaxaca.com\/index.php\/2020\/11\/06\/exigen-comunidades-forestales-de-valles-centrales-pago-ambiental-este-se-desfaso-por-el-contexto-de-pandemia-covid19\/","url_meta":{"origin":14710,"position":3},"title":"Exigen comunidades forestales de Valles Centrales pago ambiental, este se desfaso por el contexto de pandemia covid19.","author":"ariadna","date":"noviembre 6, 2020","format":false,"excerpt":"#Redacci\u00f3nOaxaca #Oaxaca Maira Ric\u00e1rdez Un total de 10 comunidades forestales se presentaron este viernes a las oficinas de la Comisi\u00f3n Nacional Forestal (Conafor) Oaxaca en la Col. Reforma de esta capital, para exigir el pago del Fondo Forestal Mexicano que el Gobierno de la Rep\u00fablica entrega para acciones de protecci\u00f3n\u2026","rel":"","context":"En &quot;Al Cierre&quot;","block_context":{"text":"Al Cierre","link":"https:\/\/redaccionoaxaca.com\/index.php\/category\/al-cierre\/"},"img":{"alt_text":"","src":"","width":0,"height":0},"classes":[]},{"id":12791,"url":"https:\/\/redaccionoaxaca.com\/index.php\/2020\/06\/11\/semadeso-y-sso-indolentes-ante-contaminacion-por-residuos-biologicos-infecciosos-en-plena-pandemia-del-covid19-en-oaxaca\/","url_meta":{"origin":14710,"position":4},"title":"Semadeso y SSO indolentes ante contaminaci\u00f3n por residuos biol\u00f3gicos-infecciosos en plena pandemia del COVID19 en Oaxaca.","author":"ariadna","date":"junio 11, 2020","format":false,"excerpt":"#Redacci\u00f3nOaxaca #Oaxaca Jaime GUERRERO Ni los Servicios de Salud de Oaxaca (SSO), ni la Secretar\u00eda del Medio Ambiente, Energ\u00edas y Desarrollo Sustentable (Semaedeso), ponen atenci\u00f3n a la grave problem\u00e1tica del tratamiento, control, manejo y destrucci\u00f3n de los desechos y contaminantes que los m\u00e9dicos han utilizado para el tratamiento y combate\u2026","rel":"","context":"En &quot;Al Cierre&quot;","block_context":{"text":"Al Cierre","link":"https:\/\/redaccionoaxaca.com\/index.php\/category\/al-cierre\/"},"img":{"alt_text":"","src":"","width":0,"height":0},"classes":[]},{"id":18731,"url":"https:\/\/redaccionoaxaca.com\/index.php\/2021\/05\/04\/video-13-horas-despues-inician-campanas-municipales-en-oaxaca-no-hubo-omision-ieepco\/","url_meta":{"origin":14710,"position":5},"title":"VIDEO: 13 HORAS DESPU\u00c9S INICIAN CAMPA\u00d1AS MUNICIPALES EN OAXACA, NO HUBO OMISI\u00d3N: IEEPCO.","author":"ariadna","date":"mayo 4, 2021","format":false,"excerpt":"#Redacci\u00f3nOaxaca #Oaxaca El consejero presidente del Instituo Estatal Electoral y de Participaci\u00f3n Ciudadana, Gustavo Meixueiro N\u00e1jera, inform\u00f3 que el retraso en la apertura de campa\u00f1as municipales se debi\u00f3 a la tardanza de los partidos pol\u00edticos en la comprobaci\u00f3n de los lineamientos de equidad de g\u00e9nero y representaci\u00f3n de sectores sociales\u2026","rel":"","context":"En &quot;Agenda Pol\u00edtica&quot;","block_context":{"text":"Agenda Pol\u00edtica","link":"https:\/\/redaccionoaxaca.com\/index.php\/category\/agenda-politica\/"},"img":{"alt_text":"","src":"","width":0,"height":0},"classes":[]}],"_links":{"self":[{"href":"https:\/\/redaccionoaxaca.com\/index.php\/wp-json\/wp\/v2\/posts\/14710","targetHints":{"allow":["GET"]}}],"collection":[{"href":"https:\/\/redaccionoaxaca.com\/index.php\/wp-json\/wp\/v2\/posts"}],"about":[{"href":"https:\/\/redaccionoaxaca.com\/index.php\/wp-json\/wp\/v2\/types\/post"}],"author":[{"embeddable":true,"href":"https:\/\/redaccionoaxaca.com\/index.php\/wp-json\/wp\/v2\/users\/9"}],"replies":[{"embeddable":true,"href":"https:\/\/redaccionoaxaca.com\/index.php\/wp-json\/wp\/v2\/comments?post=14710"}],"version-history":[{"count":1,"href":"https:\/\/redaccionoaxaca.com\/index.php\/wp-json\/wp\/v2\/posts\/14710\/revisions"}],"predecessor-version":[{"id":14712,"href":"https:\/\/redaccionoaxaca.com\/index.php\/wp-json\/wp\/v2\/posts\/14710\/revisions\/14712"}],"wp:attachment":[{"href":"https:\/\/redaccionoaxaca.com\/index.php\/wp-json\/wp\/v2\/media?parent=14710"}],"wp:term":[{"taxonomy":"category","embeddable":true,"href":"https:\/\/redaccionoaxaca.com\/index.php\/wp-json\/wp\/v2\/categories?post=14710"},{"taxonomy":"post_tag","embeddable":true,"href":"https:\/\/redaccionoaxaca.com\/index.php\/wp-json\/wp\/v2\/tags?post=14710"}],"curies":[{"name":"wp","href":"https:\/\/api.w.org\/{rel}","templated":true}]}}