{"id":14784,"date":"2020-10-15T14:56:13","date_gmt":"2020-10-15T19:56:13","guid":{"rendered":"http:\/\/redaccionoaxaca.com\/?p=14784"},"modified":"2020-10-15T14:57:01","modified_gmt":"2020-10-15T19:57:01","slug":"aseguramiento-de-paquetes-de-hierba-verde-marihuana-ocultos-en-el-interior-de-una-impresora","status":"publish","type":"post","link":"https:\/\/redaccionoaxaca.com\/index.php\/2020\/10\/15\/aseguramiento-de-paquetes-de-hierba-verde-marihuana-ocultos-en-el-interior-de-una-impresora\/","title":{"rendered":"ASEGURAMIENTO DE PAQUETES DE HIERBA VERDE (marihuana) OCULTOS EN EL INTERIOR DE UNA IMPRESORA."},"content":{"rendered":"<p style=\"text-align: justify;\"><strong>#Redacci\u00f3nOaxaca<\/strong><\/p>\n<p style=\"text-align: justify;\"><strong>#Oaxaca<\/strong><\/p>\n<p style=\"text-align: justify;\">Al estar efectuando Operativo, tuvieron contacto con un autob\u00fas de Empresa Autobuses procedente de <strong>#SalinaCruz<\/strong> Oax., Destino Coatzacoalcos Ver., al efectuar una inspecci\u00f3n al espacio destinado para la carga y equipaje se tuvo a la vista una bolsa de pl\u00e1stico color negra la cual contiene en su interior una caja de cart\u00f3n con una impresora sin embargo al examinar dicho aparato electr\u00f3nico el cual tiene un peso fuera de lo habitual nos percatamos que en el interior de la impresora se encontraban paquetes confeccionados con cinta adhesiva trasparente y cafe, por lo que procedimos a desarmar dicho aparato electr\u00f3nico encontrado paquetes que contienen hierba seca con las caracter\u00edsticas propias de la marihuana; por lo anterior se pregunt\u00f3 al conductor y pasajeros de quien era esa impresora no respondiendo nadie por la misma.<\/p>\n<p style=\"text-align: justify;\"><img data-recalc-dims=\"1\" loading=\"lazy\" decoding=\"async\" class=\"size-medium wp-image-14785 alignleft\" src=\"https:\/\/i0.wp.com\/redaccionoaxaca.com\/wp-content\/uploads\/2020\/10\/IMG-20201015-WA0149-300x225.jpg?resize=300%2C225\" alt=\"\" width=\"300\" height=\"225\" \/><\/p>\n<p style=\"text-align: justify;\">Se pone a disposici\u00f3n paquetes conteniendo hierba verde con las caracter\u00edsticas propias de la marihuana peso aproximado total de tres kg.<\/p>\n<p style=\"text-align: justify;\">Se elabor\u00f3 Puesta Disposici\u00f3n\u00a0ante FGE con sede en Matias Romero Avenda\u00f1o, Oax.<\/p>\n<p style=\"text-align: justify;\">\u00a0<img data-recalc-dims=\"1\" loading=\"lazy\" decoding=\"async\" class=\"size-medium wp-image-14786\" src=\"https:\/\/i0.wp.com\/redaccionoaxaca.com\/wp-content\/uploads\/2020\/10\/IMG-20201015-WA0150-300x225.jpg?resize=300%2C225\" alt=\"\" width=\"300\" height=\"225\" \/>\u00a0<img data-recalc-dims=\"1\" loading=\"lazy\" decoding=\"async\" class=\"size-medium wp-image-14787 aligncenter\" src=\"https:\/\/i0.wp.com\/redaccionoaxaca.com\/wp-content\/uploads\/2020\/10\/IMG-20201015-WA0148-300x135.jpg?resize=300%2C135\" alt=\"\" width=\"300\" height=\"135\" \/><\/p>\n","protected":false},"excerpt":{"rendered":"<p>#Redacci\u00f3nOaxaca #Oaxaca Al estar efectuando Operativo, tuvieron contacto con un autob\u00fas de Empresa Autobuses procedente de #SalinaCruz Oax., Destino Coatzacoalcos Ver., al efectuar una inspecci\u00f3n al espacio destinado para la carga y equipaje se tuvo a la vista una bolsa de pl\u00e1stico color negra la cual contiene en su interior una caja de cart\u00f3n con [&hellip;]<\/p>\n","protected":false},"author":9,"featured_media":0,"comment_status":"open","ping_status":"open","sticky":false,"template":"","format":"standard","meta":{"jetpack_post_was_ever_published":false,"_jetpack_newsletter_access":"","_jetpack_dont_email_post_to_subs":false,"_jetpack_newsletter_tier_id":0,"_jetpack_memberships_contains_paywalled_content":false,"_jetpack_memberships_contains_paid_content":false,"footnotes":"","jetpack_publicize_message":"","jetpack_publicize_feature_enabled":true,"jetpack_social_post_already_shared":false,"jetpack_social_options":{"image_generator_settings":{"template":"highway","default_image_id":0,"font":"","enabled":false},"version":2}},"categories":[7,3,6,1],"tags":[],"class_list":{"0":"post-14784","1":"post","2":"type-post","3":"status-publish","4":"format-standard","6":"category-al-cierre","7":"category-mesa-de-redaccion","8":"category-tendencias","9":"category-uncategorized"},"jetpack_publicize_connections":[],"jetpack_featured_media_url":"","jetpack_sharing_enabled":true,"jetpack_shortlink":"https:\/\/wp.me\/p9Ynjw-3Qs","jetpack-related-posts":[{"id":10697,"url":"https:\/\/redaccionoaxaca.com\/index.php\/2020\/02\/18\/decomisan-cargamento-con-100-kilogramos-de-marihuana-proveniente-de-oaxaca-con-destino-al-municipio-de-arriaga-chiapas\/","url_meta":{"origin":14784,"position":0},"title":"Decomisan cargamento con 100 kilogramos de marihuana, proveniente de Oaxaca con destino al municipio de Arriaga, Chiapas.","author":"ariadna","date":"febrero 18, 2020","format":false,"excerpt":"#Redacci\u00f3nOaxaca #Oaxaca El cargamento fue asegurado por elementos de la Secretar\u00eda de Seguridad y Protecci\u00f3n Ciudadana (SSyPC), en la zona Istmo-Costa de Chiapas. En un puesto de inspecci\u00f3n vehicular en la entrada de la colonia Azteca del municipio de Arriaga, fueron los agentes de la Polic\u00eda Estatal Preventiva quienes marcaron\u2026","rel":"","context":"Entrada similar ","block_context":{"text":"Entrada similar ","link":""},"img":{"alt_text":"","src":"https:\/\/i0.wp.com\/redaccionoaxaca.com\/wp-content\/uploads\/2020\/02\/lechu3-300x177.jpg?resize=350%2C200","width":350,"height":200},"classes":[]},{"id":39219,"url":"https:\/\/redaccionoaxaca.com\/index.php\/2025\/11\/24\/catean-paqueteria-fedex-en-pinotepa-nacional-y-aseguran-paquete-con-cocaina-marihuana-y-cristal\/","url_meta":{"origin":14784,"position":1},"title":"Catean paqueter\u00eda FedEx en Pinotepa Nacional y aseguran paquete con coca\u00edna, marihuana y cristal","author":"ariadna","date":"noviembre 24, 2025","format":false,"excerpt":"#Redacci\u00f3nOaxaca #Oaxaca Un operativo de cateo realizado en el local de paqueter\u00eda FedEx, ubicado en la colonia Aviaci\u00f3n, en Santiago Pinotepa Nacional, permiti\u00f3 el aseguramiento de un paquete que transportaba diversas drogas, informaron autoridades estatales. El paquete, que hab\u00eda sido enviado desde la ciudad de Oaxaca y ten\u00eda como destino\u2026","rel":"","context":"En &quot;Imagen&quot;","block_context":{"text":"Imagen","link":"https:\/\/redaccionoaxaca.com\/index.php\/category\/imagen\/"},"img":{"alt_text":"","src":"https:\/\/i0.wp.com\/redaccionoaxaca.com\/wp-content\/uploads\/2025\/11\/InShot_20251124_105455487.jpg?fit=1200%2C731&ssl=1&resize=350%2C200","width":350,"height":200,"srcset":"https:\/\/i0.wp.com\/redaccionoaxaca.com\/wp-content\/uploads\/2025\/11\/InShot_20251124_105455487.jpg?fit=1200%2C731&ssl=1&resize=350%2C200 1x, https:\/\/i0.wp.com\/redaccionoaxaca.com\/wp-content\/uploads\/2025\/11\/InShot_20251124_105455487.jpg?fit=1200%2C731&ssl=1&resize=525%2C300 1.5x, https:\/\/i0.wp.com\/redaccionoaxaca.com\/wp-content\/uploads\/2025\/11\/InShot_20251124_105455487.jpg?fit=1200%2C731&ssl=1&resize=700%2C400 2x, https:\/\/i0.wp.com\/redaccionoaxaca.com\/wp-content\/uploads\/2025\/11\/InShot_20251124_105455487.jpg?fit=1200%2C731&ssl=1&resize=1050%2C600 3x"},"classes":[]},{"id":15995,"url":"https:\/\/redaccionoaxaca.com\/index.php\/2020\/12\/30\/fiscalia-general-y-guardia-nacional-incineran-plantio-de-marihuana-ubicado-en-san-pablo-guila-region-de-valles-centrales\/","url_meta":{"origin":14784,"position":2},"title":"Fiscal\u00eda General y Guardia Nacional incineran plant\u00edo de marihuana ubicado en San Pablo G\u00fcil\u00e1, regi\u00f3n de Valles Centrales.","author":"ariadna","date":"diciembre 30, 2020","format":false,"excerpt":"#Redacci\u00f3nOaxaca #Oaxaca Se destruy\u00f3 casi una tonelada del enervante. Oaxaca de Ju\u00e1rez, Oax., 30 de diciembre de 2020.- En una suma de esfuerzos, la Fiscal\u00eda General del Estado de Oaxaca (FGEO) y la Guardia Nacional, incineraron un plant\u00edo de hierba verde con caracter\u00edsticas de marihuana, ubicado en la localidad de\u2026","rel":"","context":"En &quot;Al Cierre&quot;","block_context":{"text":"Al Cierre","link":"https:\/\/redaccionoaxaca.com\/index.php\/category\/al-cierre\/"},"img":{"alt_text":"","src":"https:\/\/i0.wp.com\/redaccionoaxaca.com\/wp-content\/uploads\/2020\/12\/FISCAL%C3%8DA-3-300x225.jpg?resize=350%2C200","width":350,"height":200},"classes":[]},{"id":33730,"url":"https:\/\/redaccionoaxaca.com\/index.php\/2024\/10\/06\/confisca-policia-estatal-paquete-con-mas-de-5-kilos-de-presuntas-drogas\/","url_meta":{"origin":14784,"position":3},"title":"Confisca Polic\u00eda Estatal paquete con m\u00e1s de 5 kilos de presuntas drogas","author":"ariadna","date":"octubre 6, 2024","format":false,"excerpt":"#Redacci\u00f3nOaxaca #Oaxaca \u2022 El aseguramiento pretend\u00eda ser enviado por paqueter\u00eda desde la Ciudad de Oaxaca a Puerto Escondido Oaxaca de Ju\u00e1rez, Oax. 6 de octubre de 2024.- Personal de la Polic\u00eda Estatal y de la Unidad Tur\u00edstica de dicha corporaci\u00f3n, aseguraron un paquete que conten\u00eda alrededor de 3 kilos 350\u2026","rel":"","context":"En &quot;Al Cierre&quot;","block_context":{"text":"Al Cierre","link":"https:\/\/redaccionoaxaca.com\/index.php\/category\/al-cierre\/"},"img":{"alt_text":"","src":"","width":0,"height":0},"classes":[]},{"id":34564,"url":"https:\/\/redaccionoaxaca.com\/index.php\/2024\/11\/26\/policia-estatal-asegura-droga-en-santa-maria-coyotepec\/","url_meta":{"origin":14784,"position":4},"title":"Polic\u00eda Estatal asegura droga en Santa Mar\u00eda Coyotepec","author":"ariadna","date":"noviembre 26, 2024","format":false,"excerpt":"#Redacci\u00f3nOaxaca #Oaxaca - Al notar la presencia policial, sujetos desconocidos abandonaron una mochila que conten\u00eda sustancias con caracter\u00edsticas propias del cristal y marihuana Oaxaca de Ju\u00e1rez, Oax., 24 de noviembre de 2024.- Durante los recorridos de seguridad y vigilancia implementados en el municipio de Santa Mar\u00eda Coyotepec, la Polic\u00eda Estatal\u2026","rel":"","context":"En &quot;Agenda Pol\u00edtica&quot;","block_context":{"text":"Agenda Pol\u00edtica","link":"https:\/\/redaccionoaxaca.com\/index.php\/category\/agenda-politica\/"},"img":{"alt_text":"","src":"","width":0,"height":0},"classes":[]},{"id":33586,"url":"https:\/\/redaccionoaxaca.com\/index.php\/2024\/09\/27\/fiscalia-de-oaxaca-ejecuta-orden-de-cateo-en-el-istmo-junto-a-sedena-guardia-nacional-y-policia-estatal\/","url_meta":{"origin":14784,"position":5},"title":"Fiscal\u00eda de Oaxaca ejecuta orden de cateo en el Istmo junto a SEDENA, Guardia Nacional y Polic\u00eda Estatal","author":"ariadna","date":"septiembre 27, 2024","format":false,"excerpt":"#Redacci\u00f3nOaxaca #Oaxaca * Derivado de los cateos simult\u00e1neos realizados en el Istmo, se logr\u00f3 la detenci\u00f3n de seis personas, adem\u00e1s de asegurar drogas, armas de fuego y dinero en efectivo Oaxaca de Ju\u00e1rez, Oax. 27 de septiembre de 2024.- La Fiscal\u00eda General del Estado de Oaxaca (FGEO) dio cumplimiento a\u2026","rel":"","context":"Entrada similar ","block_context":{"text":"Entrada similar ","link":""},"img":{"alt_text":"","src":"","width":0,"height":0},"classes":[]}],"_links":{"self":[{"href":"https:\/\/redaccionoaxaca.com\/index.php\/wp-json\/wp\/v2\/posts\/14784","targetHints":{"allow":["GET"]}}],"collection":[{"href":"https:\/\/redaccionoaxaca.com\/index.php\/wp-json\/wp\/v2\/posts"}],"about":[{"href":"https:\/\/redaccionoaxaca.com\/index.php\/wp-json\/wp\/v2\/types\/post"}],"author":[{"embeddable":true,"href":"https:\/\/redaccionoaxaca.com\/index.php\/wp-json\/wp\/v2\/users\/9"}],"replies":[{"embeddable":true,"href":"https:\/\/redaccionoaxaca.com\/index.php\/wp-json\/wp\/v2\/comments?post=14784"}],"version-history":[{"count":3,"href":"https:\/\/redaccionoaxaca.com\/index.php\/wp-json\/wp\/v2\/posts\/14784\/revisions"}],"predecessor-version":[{"id":14790,"href":"https:\/\/redaccionoaxaca.com\/index.php\/wp-json\/wp\/v2\/posts\/14784\/revisions\/14790"}],"wp:attachment":[{"href":"https:\/\/redaccionoaxaca.com\/index.php\/wp-json\/wp\/v2\/media?parent=14784"}],"wp:term":[{"taxonomy":"category","embeddable":true,"href":"https:\/\/redaccionoaxaca.com\/index.php\/wp-json\/wp\/v2\/categories?post=14784"},{"taxonomy":"post_tag","embeddable":true,"href":"https:\/\/redaccionoaxaca.com\/index.php\/wp-json\/wp\/v2\/tags?post=14784"}],"curies":[{"name":"wp","href":"https:\/\/api.w.org\/{rel}","templated":true}]}}