{"id":14837,"date":"2020-10-19T09:12:51","date_gmt":"2020-10-19T14:12:51","guid":{"rendered":"http:\/\/redaccionoaxaca.com\/?p=14837"},"modified":"2020-10-19T09:12:51","modified_gmt":"2020-10-19T14:12:51","slug":"hector-anuar-mafud-se-fue-por-la-puerta-trasera-no-se-renovo","status":"publish","type":"post","link":"https:\/\/redaccionoaxaca.com\/index.php\/2020\/10\/19\/hector-anuar-mafud-se-fue-por-la-puerta-trasera-no-se-renovo\/","title":{"rendered":"H\u00e9ctor Anuar Mafud se fue por la puerta trasera, no se renov\u00f3."},"content":{"rendered":"<p style=\"text-align: justify;\"><strong>#Redacci\u00f3nOaxaca<\/strong><\/p>\n<p style=\"text-align: justify;\"><strong>#Oaxaca<\/strong><\/p>\n<p><strong>Jaime GUERRERO<\/strong><\/p>\n<p style=\"text-align: justify;\">H\u00e9ctor Anuar Mafud Mafud se fue de la Secretar\u00eda General de Gobierno (Segego) por la puerta trasera, cargando el desprecio de sus compa\u00f1eros de gabinete con quienes nunca supo trabajar en equipo, as\u00ed se\u00f1ala m\u00e1s de uno.<\/p>\n<p style=\"text-align: justify;\">Adem\u00e1s, seg\u00fan integrantes del Gabinete; se va con la verg\u00fcenza de que se hayan descubierto traiciones y deslealtades al gobierno que lo cobij\u00f3; adem\u00e1s, entre versiones que circulan en los corrillos pol\u00edticos, donde se comentan presuntos beneficios econ\u00f3micos obtenidos al amparo de inconformidades fabricadas.<\/p>\n<p style=\"text-align: justify;\">La Segego, una dependencia que fue en su mejor momento el lugar desde donde se manten\u00eda la estabilidad, la gobernanza y la paz de Oaxaca, termin\u00f3 convertida en una cueva de traidores, donde promueven y alientan el \u201cnegocio de la protesta\u201d de los cientos de organizaciones mal llamadas \u201csociales\u201d, que s\u00f3lo son par\u00e1sitos del presupuesto p\u00fablico y reiterados violadores de los derechos ciudadanos.<\/p>\n<p style=\"text-align: justify;\">Era tan notorio el amasiato con esas organizaciones, que cada vez que corr\u00eda el rumor de la salida de Mafud Mafud, estas agrupaciones cuasi delincuenciales, se movilizaban bloqueando calles, organizando marchas y protestando por cuanta demanda se les ocurriera.<\/p>\n<p style=\"text-align: justify;\">Incluso llegaron al absurdo de abogar por \u00e9l, de pedir que su negociador preferido continuara en el cargo.<\/p>\n<p>Combin\u00f3 su quehacer pol\u00edtico y su paso por la administraci\u00f3n p\u00fablica, con su faceta de escritor de cuentos y hasta pintor, por la que obtuvo el reconocimiento de algunos allegados, sin embargo, a su frustraci\u00f3n por destacar en el \u00e1mbito cultural se sumaron las burlas de pol\u00edticos y periodistas, quienes le apodaron \u201cMafud, el cuenta cuentos\u201d por la incompetencia y la abulia para atender la alta responsabilidad de su cargo.<\/p>\n<p>Mafud Mafud no supo renovarse, ni retirarse a tiempo; termin\u00f3 aislado, anquilosado en la Secretar\u00eda General de Gobierno, convirti\u00e9ndose, en su interior, en eterno aspirante a gobernador, un \u2018sue\u00f1o guajiro\u2019 que le ha quitado la paz y le provoca desvelos.<\/p>\n<p>Quiso el poder y ahora s\u00f3lo le ronda el fantasma del ostracismo pol\u00edtico.<\/p>\n<p>Se acab\u00f3 el tiempo de los chantajes y los berrinches, de la pu\u00f1alada trapera de organizaciones sociales; quien lleg\u00f3 al cargo (Francisco Garc\u00eda), est\u00e1 obligado a iniciar una nueva \u00e9poca en la Segego, donde tendr\u00e1n la complicada tarea de recoger el gran tiradero que les dejan.<\/p>\n","protected":false},"excerpt":{"rendered":"<p>#Redacci\u00f3nOaxaca #Oaxaca Jaime GUERRERO H\u00e9ctor Anuar Mafud Mafud se fue de la Secretar\u00eda General de Gobierno (Segego) por la puerta trasera, cargando el desprecio de sus compa\u00f1eros de gabinete con quienes nunca supo trabajar en equipo, as\u00ed se\u00f1ala m\u00e1s de uno. Adem\u00e1s, seg\u00fan integrantes del Gabinete; se va con la verg\u00fcenza de que se hayan [&hellip;]<\/p>\n","protected":false},"author":9,"featured_media":0,"comment_status":"open","ping_status":"open","sticky":false,"template":"","format":"standard","meta":{"jetpack_post_was_ever_published":false,"_jetpack_newsletter_access":"","_jetpack_dont_email_post_to_subs":false,"_jetpack_newsletter_tier_id":0,"_jetpack_memberships_contains_paywalled_content":false,"_jetpack_memberships_contains_paid_content":false,"footnotes":"","jetpack_publicize_message":"","jetpack_publicize_feature_enabled":true,"jetpack_social_post_already_shared":false,"jetpack_social_options":{"image_generator_settings":{"template":"highway","default_image_id":0,"font":"","enabled":false},"version":2}},"categories":[4,7,5,3,6,1],"tags":[],"class_list":{"0":"post-14837","1":"post","2":"type-post","3":"status-publish","4":"format-standard","6":"category-agenda-politica","7":"category-al-cierre","8":"category-imagen","9":"category-mesa-de-redaccion","10":"category-tendencias","11":"category-uncategorized"},"jetpack_publicize_connections":[],"jetpack_featured_media_url":"","jetpack_sharing_enabled":true,"jetpack_shortlink":"https:\/\/wp.me\/p9Ynjw-3Rj","jetpack-related-posts":[{"id":4875,"url":"https:\/\/redaccionoaxaca.com\/index.php\/2019\/01\/09\/segego-impedira-que-varones-que-no-fueron-electos-se-acrediten-como-autoridad-debe-respetarse-eleccion-de-mujeres-como-alcaldesas-mafud\/","url_meta":{"origin":14837,"position":0},"title":"Segego impedir\u00e1 que varones que no fueron electos se acrediten como autoridad, debe respetarse elecci\u00f3n de mujeres como Alcaldesas: Mafud.","author":"jaime","date":"enero 9, 2019","format":"video","excerpt":"#Redacci\u00f3nOaxaca #Oaxaca Maira Ric\u00e1rdez La Secretar\u00eda General de Gobierno (Segego) no permitir\u00e1 que decisiones fr\u00edvolas donde mujeres asumieron el poder para cederlo a otro, sean avaladas por la ley, afirm\u00f3 el Secretario General de Gobierno, Hector Anuar Mafud Mafud; por ello la instancia no ha acreditado a aquellos hombres que\u2026","rel":"","context":"Entrada similar ","block_context":{"text":"Entrada similar ","link":""},"img":{"alt_text":"","src":"","width":0,"height":0},"classes":[]},{"id":14361,"url":"https:\/\/redaccionoaxaca.com\/index.php\/2020\/09\/14\/militantes-del-pri-y-delegado-de-la-segego-azuzan-bloqueo-en-san-miguel-chimalapa-mafud-indolente-y-selectivo-con-sus-cuates\/","url_meta":{"origin":14837,"position":1},"title":"Militantes del PRI y delegado de la Segego azuzan bloqueo en  San Miguel Chimalapa; Mafud indolente y selectivo con sus \u201ccuates\u201d.","author":"ariadna","date":"septiembre 14, 2020","format":false,"excerpt":"#Redacci\u00f3nOaxaca #Oaxaca Jaime GUERRERO Militantes del Partido Revolucionario Institucional (PRI), azuzador por el ex presidente municipal, Fernando Miguel Contreras, desestabilizan el municipio de San Miguel Chimalapa ya que por 17 d\u00edas han mantenido bloqueado el acceso a la poblaci\u00f3n a cambio de que, el actual mun\u00edcipe, Francisco S\u00e1nchez Guti\u00e9rrez, les\u2026","rel":"","context":"En &quot;Mesa de Redacci\u00f3n&quot;","block_context":{"text":"Mesa de Redacci\u00f3n","link":"https:\/\/redaccionoaxaca.com\/index.php\/category\/mesa-de-redaccion\/"},"img":{"alt_text":"","src":"https:\/\/i0.wp.com\/redaccionoaxaca.com\/wp-content\/uploads\/2020\/09\/IMG-20200913-WA0114-169x300.jpg?resize=350%2C200","width":350,"height":200},"classes":[]},{"id":14828,"url":"https:\/\/redaccionoaxaca.com\/index.php\/2020\/10\/19\/designa-amh-a-francisco-javier-garcia-lopez-como-secretario-general-de-gobierno\/","url_meta":{"origin":14837,"position":2},"title":"Designa AMH a Francisco Javier Garc\u00eda L\u00f3pez como Secretario General de Gobierno, Mafut se va entre cuestionamientos. .","author":"ariadna","date":"octubre 19, 2020","format":false,"excerpt":"#Redacci\u00f3nOaxaca #Oaxaca Oaxaca de Ju\u00e1rez, Oax. 19 de octubre de 2020. Con el firme compromiso de seguir fortaleciendo las acciones gubernamentales a favor de las y los oaxaque\u00f1os, el gobernador Alejandro Murat Hinojosa tom\u00f3 protesta de Ley a Francisco Javier Garc\u00eda L\u00f3pez como Secretario General de Gobierno. De conformidad con\u2026","rel":"","context":"En &quot;Al Cierre&quot;","block_context":{"text":"Al Cierre","link":"https:\/\/redaccionoaxaca.com\/index.php\/category\/al-cierre\/"},"img":{"alt_text":"","src":"https:\/\/i0.wp.com\/redaccionoaxaca.com\/wp-content\/uploads\/2020\/10\/IMG-20201019-WA0066-300x200.jpg?resize=350%2C200","width":350,"height":200},"classes":[]},{"id":11158,"url":"https:\/\/redaccionoaxaca.com\/index.php\/2020\/03\/12\/capacidad-de-interlocucion-piden-a-rector-por-conflicto-con-steuabjo-segego-ofrece-intervencion\/","url_meta":{"origin":14837,"position":3},"title":"Capacidad de interlocuci\u00f3n piden a rector por  conflicto con Steuabjo; Segego ofrece intervenci\u00f3n.","author":"ariadna","date":"marzo 12, 2020","format":false,"excerpt":"#Redacci\u00f3nOaxaca #Oaxaca Jaime GUERRERO El Secretario General de Gobierno, H\u00e9ctor Anuar Mafud, afirm\u00f3 que la administraci\u00f3n de del rector de la Universidad Aut\u00f3noma Benito Ju\u00e1rez de Oaxaca (UABJO), Eduardo Bautista Mart\u00ednez, debe de tener la capacidad, interlocuci\u00f3n necesaria, disposici\u00f3n y cercan\u00eda, para resolver la problem\u00e1tica act\u00faan con el Sindicato de\u2026","rel":"","context":"Entrada similar ","block_context":{"text":"Entrada similar ","link":""},"img":{"alt_text":"","src":"","width":0,"height":0},"classes":[]},{"id":3989,"url":"https:\/\/redaccionoaxaca.com\/index.php\/2018\/11\/21\/hegemonia-morenista-en-ejecutivo-federal-y-legislativo-local-sera-de-mayor-exigencia-para-murat\/","url_meta":{"origin":14837,"position":4},"title":"Hegemon\u00eda morenista en Ejecutivo Federal y Legislativo Local, ser\u00e1 de mayor exigencia para Murat","author":"denise","date":"noviembre 21, 2018","format":false,"excerpt":"#Redacci\u00f3nOaxaca Jaime GUERRERO Con la nueva composici\u00f3n pol\u00edtica-gubernamental en el Poder Ejecutivo Federal, el Congreso de la Uni\u00f3n y los Congresos Locales, de poder hegem\u00f3nico del Partido Morena, el Secretario General de Gobierno (Segego), H\u00e9ctor Anuar Mafud Mafud, concedi\u00f3 que para el Gobierno pri\u00edsta de Alejandro Murat Hinojosa, ser\u00e1n de\u2026","rel":"","context":"En &quot;Agenda Pol\u00edtica&quot;","block_context":{"text":"Agenda Pol\u00edtica","link":"https:\/\/redaccionoaxaca.com\/index.php\/category\/agenda-politica\/"},"img":{"alt_text":"","src":"","width":0,"height":0},"classes":[]},{"id":11045,"url":"https:\/\/redaccionoaxaca.com\/index.php\/2020\/03\/04\/asi-perfila-murat-cambios-en-su-gabinete-seculta-sinfra-sedapa-ssp-segego-cortv\/","url_meta":{"origin":14837,"position":5},"title":"As\u00ed perfila Murat cambios en su Gabinete: Seculta, SINFRA, Sedapa, SSP, SEGEGO, CORTV.","author":"ariadna","date":"marzo 4, 2020","format":false,"excerpt":"#Redacci\u00f3nOaxaca #Oaxaca Jaime GUERRERO La decisi\u00f3n ya est\u00e1 tomada. Salvo algo extraordinario que le haga replantear el equilibrio de grupos y actores en el Gabinete Legal y ampliado, el gobernador, Alejandro Murat Hinojosa, defini\u00f3 cambios de titulares de las Secretar\u00edas, organismos centralizados y descentralizados del Gobierno del Estado. En dos\u2026","rel":"","context":"Entrada similar ","block_context":{"text":"Entrada similar ","link":""},"img":{"alt_text":"","src":"","width":0,"height":0},"classes":[]}],"_links":{"self":[{"href":"https:\/\/redaccionoaxaca.com\/index.php\/wp-json\/wp\/v2\/posts\/14837","targetHints":{"allow":["GET"]}}],"collection":[{"href":"https:\/\/redaccionoaxaca.com\/index.php\/wp-json\/wp\/v2\/posts"}],"about":[{"href":"https:\/\/redaccionoaxaca.com\/index.php\/wp-json\/wp\/v2\/types\/post"}],"author":[{"embeddable":true,"href":"https:\/\/redaccionoaxaca.com\/index.php\/wp-json\/wp\/v2\/users\/9"}],"replies":[{"embeddable":true,"href":"https:\/\/redaccionoaxaca.com\/index.php\/wp-json\/wp\/v2\/comments?post=14837"}],"version-history":[{"count":1,"href":"https:\/\/redaccionoaxaca.com\/index.php\/wp-json\/wp\/v2\/posts\/14837\/revisions"}],"predecessor-version":[{"id":14839,"href":"https:\/\/redaccionoaxaca.com\/index.php\/wp-json\/wp\/v2\/posts\/14837\/revisions\/14839"}],"wp:attachment":[{"href":"https:\/\/redaccionoaxaca.com\/index.php\/wp-json\/wp\/v2\/media?parent=14837"}],"wp:term":[{"taxonomy":"category","embeddable":true,"href":"https:\/\/redaccionoaxaca.com\/index.php\/wp-json\/wp\/v2\/categories?post=14837"},{"taxonomy":"post_tag","embeddable":true,"href":"https:\/\/redaccionoaxaca.com\/index.php\/wp-json\/wp\/v2\/tags?post=14837"}],"curies":[{"name":"wp","href":"https:\/\/api.w.org\/{rel}","templated":true}]}}