{"id":14867,"date":"2020-10-20T17:49:30","date_gmt":"2020-10-20T22:49:30","guid":{"rendered":"http:\/\/redaccionoaxaca.com\/?p=14867"},"modified":"2020-10-20T17:49:30","modified_gmt":"2020-10-20T22:49:30","slug":"correos-de-mexico-en-su-mejor-momento-en-tiempos-de-covid-la-demanda-de-servicios-en-oaxaca-crecio-en-mas-de-una-tonelada-mensual","status":"publish","type":"post","link":"https:\/\/redaccionoaxaca.com\/index.php\/2020\/10\/20\/correos-de-mexico-en-su-mejor-momento-en-tiempos-de-covid-la-demanda-de-servicios-en-oaxaca-crecio-en-mas-de-una-tonelada-mensual\/","title":{"rendered":"Correos de M\u00e9xico en su mejor momento en tiempos de covid, la demanda de servicios en Oaxaca creci\u00f3 en m\u00e1s de una tonelada mensual."},"content":{"rendered":"<p style=\"text-align: justify;\"><strong>#Redacci\u00f3nOaxaca<\/strong><\/p>\n<p style=\"text-align: justify;\"><strong>#Oaxaca<\/strong><\/p>\n<p style=\"text-align: justify;\"><strong>Maira Ric\u00e1rdez<\/strong><\/p>\n<p>Mientras algunas industrias y sectores comerciales enfrentan el ocaso ante la pandemia por covid19, algunas emergieron de una prolongada crisis o detrimento de demanda de su servicio; un claro ejemplo es el caso de Servicios Postales de M\u00e9xico (Sepomex) convertido en Correos de M\u00e9xico, empresa federal que en Oaxaca cobija a un total de 330 trabajadores que no han suspendido servicios, solamente en los d\u00edas marcados como inh\u00e1biles, y el desempe\u00f1o laboral durante su jornada ha crecido sustancialmente.<\/p>\n<p style=\"text-align: justify;\">Correos de M\u00e9xico se inici\u00f3 en 1580 y ha sido reformado en las distintas \u00e9pocas hist\u00f3ricas, su objetivo es el de la comunicaci\u00f3n escrita tanto al interior de M\u00e9xico, como hac\u00eda el mundo, al paso del tiempo la comunicaci\u00f3n escrita comenz\u00f3 a ser suplida por el uso de tecnolog\u00edas digitales y Correos de M\u00e9xico entr\u00f3 en una fase de crisis aguda que amenazaba con extinguirla; y justamente en este periodo de pand\u00e9mica covid la empresa postal ha encontrado una gran oportunidad de resurgimiento.<\/p>\n<p style=\"text-align: justify;\">El Gerente de Correos de M\u00e9xico en Oaxaca Fidel Bernardo P\u00e9rez Morales, confirm\u00f3 que a partir del mes de marzo, el flujo de correspondencia en el Estado se increment\u00f3 en m\u00e1s de una tonelada, actualmente distribuyen un promedio de 3 toneladas y media de correspondencia al mes, esto es alrededor de 400 mil piezas, y de lo que m\u00e1s ha incrementado es la paqueter\u00eda, dados los accesibles precios que ofertan respecto a la paqueter\u00eda comercial., la mayor\u00eda de env\u00edos son paquetes internacionales, principalmente del extranjero hac\u00eda Oaxaca.<\/p>\n<p style=\"text-align: justify;\">La correspondencia del pa\u00eds se distribuye a trav\u00e9s de 2.659 rutas, y 10.000 carteros, 10.489 motocicletas, 5.304 bicicletas y 1.485 veh\u00edculos; adem\u00e1s de contar con 52 centros de clasificaci\u00f3n. Este servicio se lleva a cabo desde 1580; en Oaxaca Correos de M\u00e9xico cuenta con 64 oficinas base m\u00e1s anexos que en suma hacen 894 centros de distribuci\u00f3n; espacios fijos desde los que operan correspondencia pr\u00e1cticamente a todo el mundo, a excepci\u00f3n de pa\u00edses en guerra o zonas de conflicto.<\/p>\n<p style=\"text-align: justify;\">La tarifa base de correos en el pa\u00eds es de 7 pesos sin importar la distancia, por enviar una misiva de Oaxaca a Ensenada Baja California por ejemplo se respetan estos 7 pesos base, puesto que esta empresa nacional no tiene fines de lucro, el objetivo es comunicar a todo el pa\u00eds insisti\u00f3 el Gerente en Oaxaca.<\/p>\n<p style=\"text-align: justify;\">De lo m\u00e1s enviado en este per\u00edodo son cubre bocas asinti\u00f3, muchos Oaxaque\u00f1os hacen estos env\u00edos a su familia, desde Oaxaca al interior del estado o tambi\u00e9n hac\u00eda el norte del pa\u00eds destac\u00f3., el flujo de env\u00edos ha crecido hist\u00f3ricamente, septiembre fue uno de los meses m\u00e1s fuertes con la distribuci\u00f3n de 600 mil env\u00edos, cuando los meses previos hab\u00eda sido de 400 mil.<\/p>\n<p style=\"text-align: justify;\">La meta de Correos de M\u00e9xico es no dejar caer esta oportunidad subray\u00f3 Fidel Bernardo P\u00e9rez Morales, hay estrategias para seguir alentando el uso del correo tradicional del pa\u00eds, incluso consolidar el servicio como el m\u00e1s accesible, el de m\u00e1s bajo costo, destacando que las tarifas actuales son las mismas desde hace 3 a\u00f1os, y as\u00ed seguir\u00e1n.<\/p>\n<p style=\"text-align: justify;\">Para referir lo accesible de sus costos preciso que hay servicio ordinario y registrado, el primero por ejemplo env\u00eda un paquete de 3 kilos por ejemplo de Oaxaca a Tijuana por una tarifa de 30 a 40 pesos, con la garant\u00eda en paqueter\u00eda de que los interesados con su gu\u00eda pueden ir rastreando en tiempo el viaje de su env\u00edo y corroborar cuando este llegue a su destino.<\/p>\n","protected":false},"excerpt":{"rendered":"<p>#Redacci\u00f3nOaxaca #Oaxaca Maira Ric\u00e1rdez Mientras algunas industrias y sectores comerciales enfrentan el ocaso ante la pandemia por covid19, algunas emergieron de una prolongada crisis o detrimento de demanda de su servicio; un claro ejemplo es el caso de Servicios Postales de M\u00e9xico (Sepomex) convertido en Correos de M\u00e9xico, empresa federal que en Oaxaca cobija a [&hellip;]<\/p>\n","protected":false},"author":9,"featured_media":0,"comment_status":"open","ping_status":"open","sticky":false,"template":"","format":"standard","meta":{"jetpack_post_was_ever_published":false,"_jetpack_newsletter_access":"","_jetpack_dont_email_post_to_subs":false,"_jetpack_newsletter_tier_id":0,"_jetpack_memberships_contains_paywalled_content":false,"_jetpack_memberships_contains_paid_content":false,"footnotes":"","jetpack_publicize_message":"","jetpack_publicize_feature_enabled":true,"jetpack_social_post_already_shared":false,"jetpack_social_options":{"image_generator_settings":{"template":"highway","default_image_id":0,"font":"","enabled":false},"version":2}},"categories":[7,5,3,6,1],"tags":[],"class_list":{"0":"post-14867","1":"post","2":"type-post","3":"status-publish","4":"format-standard","6":"category-al-cierre","7":"category-imagen","8":"category-mesa-de-redaccion","9":"category-tendencias","10":"category-uncategorized"},"jetpack_publicize_connections":[],"jetpack_featured_media_url":"","jetpack_sharing_enabled":true,"jetpack_shortlink":"https:\/\/wp.me\/p9Ynjw-3RN","jetpack-related-posts":[{"id":6714,"url":"https:\/\/redaccionoaxaca.com\/index.php\/2019\/05\/09\/pantera-onca-de-oaxaca-viaja-en-correos-de-mexico\/","url_meta":{"origin":14867,"position":0},"title":"Pantera onca de Oaxaca viaja en correos de M\u00e9xico.","author":"mayra","date":"mayo 9, 2019","format":false,"excerpt":"#Redacci\u00f3nOaxaca #Oaxaca Maira Ric\u00e1rdez El trabajo de protecci\u00f3n a especies en peligro de extinci\u00f3n en Oaxaca es un tema abordado cada vez con mayor seriedad por asociaciones y obligadamente tambi\u00e9n por instancias de gobierno, es el caso de la Comisi\u00f3n Nacional de \u00c1reas Naturales Protegidas (Conanp) que en esta ocasi\u00f3n\u2026","rel":"","context":"Entrada similar ","block_context":{"text":"Entrada similar ","link":""},"img":{"alt_text":"","src":"","width":0,"height":0},"classes":[]},{"id":7379,"url":"https:\/\/redaccionoaxaca.com\/index.php\/2019\/06\/25\/trabajadores-de-correos-protestaron-por-malas-condiciones-laborales\/","url_meta":{"origin":14867,"position":1},"title":"Trabajadores de correos protestaron por malas condiciones laborales.","author":"gaby","date":"junio 25, 2019","format":"video","excerpt":"\u00a0 #Redacci\u00f3nOaxaca #Oaxaca Ariadna Mendoza Personal de correos del centro de reparto SCT, ubicados en el centro comercial Reforma, realizaron una manifestaci\u00f3n de brazos ca\u00eddos, pues denunciaron que sus autoridades los han dejado en el completo abandono ya que sus unidades m\u00f3viles carecen de diversos servicios de mantenimiento adem\u00e1s de\u2026","rel":"","context":"Entrada similar ","block_context":{"text":"Entrada similar ","link":""},"img":{"alt_text":"","src":"https:\/\/i0.wp.com\/redaccionoaxaca.com\/wp-content\/uploads\/2019\/06\/20190625_121458-1024x576.jpg?resize=350%2C200","width":350,"height":200,"srcset":"https:\/\/i0.wp.com\/redaccionoaxaca.com\/wp-content\/uploads\/2019\/06\/20190625_121458-1024x576.jpg?resize=350%2C200 1x, https:\/\/i0.wp.com\/redaccionoaxaca.com\/wp-content\/uploads\/2019\/06\/20190625_121458-1024x576.jpg?resize=525%2C300 1.5x"},"classes":[]},{"id":12848,"url":"https:\/\/redaccionoaxaca.com\/index.php\/2020\/06\/15\/en-oaxaca-sube-la-inflacion-en-4-05-aumentan-hasta-66-productos-de-la-canasta-basica-y-27-de-oaxaquenos-no-tiene-alimentacion\/","url_meta":{"origin":14867,"position":2},"title":"En Oaxaca sube la inflaci\u00f3n en 4.05%; aumentan hasta 66% productos de la canasta b\u00e1sica y 27% de oaxaque\u00f1os no tiene alimentaci\u00f3n.","author":"ariadna","date":"junio 15, 2020","format":false,"excerpt":"#Redacci\u00f3nOaxaca #Oaxaca Jaime GUERRERO En medio de la pandemia por el COVID19, en el mes de mayo, Oaxaca acumul\u00f3 una inflaci\u00f3n del 1.92 por ciento y anual de 4.045 por ciento. Los productos que m\u00e1s incremento registraron de mayo de 2019 a mayo de 2020 fueron el arroz con un\u2026","rel":"","context":"En &quot;Mesa de Redacci\u00f3n&quot;","block_context":{"text":"Mesa de Redacci\u00f3n","link":"https:\/\/redaccionoaxaca.com\/index.php\/category\/mesa-de-redaccion\/"},"img":{"alt_text":"","src":"","width":0,"height":0},"classes":[]},{"id":29268,"url":"https:\/\/redaccionoaxaca.com\/index.php\/2023\/09\/07\/congreso-demanda-a-titular-de-los-sso-garantizar-un-servicio-digno-de-salud-piden-solicitar-mas-prepuesto-para-equipo-e-insumos\/","url_meta":{"origin":14867,"position":3},"title":"Congreso demanda a titular de los SSO garantizar un servicio digno de salud; piden solicitar m\u00e1s prepuesto para equipo e insumos","author":"ariadna","date":"septiembre 7, 2023","format":false,"excerpt":"#Redacci\u00f3nOaxaca #Oaxaca Jaime GUERRERO La LXV Legislatura exhort\u00f3 a la titular de los Servicios de Salud de Oaxaca (SSO) Alma Lilia Velasco Hern\u00e1ndez, para que garantice un servicio digno y accesible, despu\u00e9s de la circulaci\u00f3n de una imagen de un reci\u00e9n nacido que estaba en una caja de cart\u00f3n. Inicialmente,\u2026","rel":"","context":"En &quot;Imagen&quot;","block_context":{"text":"Imagen","link":"https:\/\/redaccionoaxaca.com\/index.php\/category\/imagen\/"},"img":{"alt_text":"","src":"https:\/\/i0.wp.com\/redaccionoaxaca.com\/wp-content\/uploads\/2023\/09\/images-49-300x185.jpeg?resize=350%2C200&ssl=1","width":350,"height":200},"classes":[]},{"id":24070,"url":"https:\/\/redaccionoaxaca.com\/index.php\/2022\/02\/17\/presidenta-del-congreso-de-oaxaca-demanda-justicia-para-victimas-y-familiares-de-periodistas-asesinados-en-el-pais-urge-abatir-impunidad\/","url_meta":{"origin":14867,"position":4},"title":"Presidenta del Congreso de Oaxaca, demanda justicia para v\u00edctimas y familiares de periodistas asesinados en el pa\u00eds; urge abatir impunidad.","author":"ariadna","date":"febrero 17, 2022","format":false,"excerpt":"#Redacci\u00f3nOaxaca #Oaxaca Jaime GUERRERO La Presidenta de la Mesa Directiva del Congreso de Oaxaca, Mariana Ben\u00edtez Tiburcio demand\u00f3 al Gobierno Federal, Estatal, a la Fiscal\u00eda General de la Rep\u00fablica (#FGR) y Fiscal\u00eda General de Estado (#FGE), investigue casos de los y las periodistas asesinadas en el pa\u00eds, se haga justicia\u2026","rel":"","context":"En &quot;Agenda Pol\u00edtica&quot;","block_context":{"text":"Agenda Pol\u00edtica","link":"https:\/\/redaccionoaxaca.com\/index.php\/category\/agenda-politica\/"},"img":{"alt_text":"","src":"","width":0,"height":0},"classes":[]},{"id":23789,"url":"https:\/\/redaccionoaxaca.com\/index.php\/2022\/02\/01\/carencia-de-salvavidas-y-de-servicios-de-emergencia-en-huatulco-apago-la-vida-de-menor-procedente-del-estado-de-mexico-familia-considera-demanda-contra-municipe-jose-hernandez-cardenas\/","url_meta":{"origin":14867,"position":5},"title":"Carencia de salvavidas y de servicios de emergencia en Huatulco apag\u00f3 la vida de menor procedente del Estado de M\u00e9xico, familia considera demanda contra Mun\u00edcipe Jos\u00e9 Hern\u00e1ndez Cardenas.","author":"ariadna","date":"febrero 1, 2022","format":false,"excerpt":"#Redacci\u00f3nOaxaca #Oaxaca Maira Ric\u00e1rdez La tragedia enlut\u00f3 a una familia m\u00e1s en Huatulco Oaxaca, procedentes del Estado de M\u00e9xico llegaron a pasar el fin de semana al paradisiaco destino de nuestro Estado; sin embargo, el desconocimiento de la zona, y particularmente la inexistencia de personal capacitado para atender casos de\u2026","rel":"","context":"En &quot;Imagen&quot;","block_context":{"text":"Imagen","link":"https:\/\/redaccionoaxaca.com\/index.php\/category\/imagen\/"},"img":{"alt_text":"","src":"","width":0,"height":0},"classes":[]}],"_links":{"self":[{"href":"https:\/\/redaccionoaxaca.com\/index.php\/wp-json\/wp\/v2\/posts\/14867","targetHints":{"allow":["GET"]}}],"collection":[{"href":"https:\/\/redaccionoaxaca.com\/index.php\/wp-json\/wp\/v2\/posts"}],"about":[{"href":"https:\/\/redaccionoaxaca.com\/index.php\/wp-json\/wp\/v2\/types\/post"}],"author":[{"embeddable":true,"href":"https:\/\/redaccionoaxaca.com\/index.php\/wp-json\/wp\/v2\/users\/9"}],"replies":[{"embeddable":true,"href":"https:\/\/redaccionoaxaca.com\/index.php\/wp-json\/wp\/v2\/comments?post=14867"}],"version-history":[{"count":1,"href":"https:\/\/redaccionoaxaca.com\/index.php\/wp-json\/wp\/v2\/posts\/14867\/revisions"}],"predecessor-version":[{"id":14869,"href":"https:\/\/redaccionoaxaca.com\/index.php\/wp-json\/wp\/v2\/posts\/14867\/revisions\/14869"}],"wp:attachment":[{"href":"https:\/\/redaccionoaxaca.com\/index.php\/wp-json\/wp\/v2\/media?parent=14867"}],"wp:term":[{"taxonomy":"category","embeddable":true,"href":"https:\/\/redaccionoaxaca.com\/index.php\/wp-json\/wp\/v2\/categories?post=14867"},{"taxonomy":"post_tag","embeddable":true,"href":"https:\/\/redaccionoaxaca.com\/index.php\/wp-json\/wp\/v2\/tags?post=14867"}],"curies":[{"name":"wp","href":"https:\/\/api.w.org\/{rel}","templated":true}]}}