{"id":14870,"date":"2020-10-21T14:59:48","date_gmt":"2020-10-21T19:59:48","guid":{"rendered":"http:\/\/redaccionoaxaca.com\/?p=14870"},"modified":"2020-10-21T14:59:48","modified_gmt":"2020-10-21T19:59:48","slug":"representantes-de-diversos-tianguis-del-estado-protestaron-en-el-congreso-local-para-pedir-la-apertura-de-estos-espacios-de-venta-ante-las-restricciones-por-na-covid-19","status":"publish","type":"post","link":"https:\/\/redaccionoaxaca.com\/index.php\/2020\/10\/21\/representantes-de-diversos-tianguis-del-estado-protestaron-en-el-congreso-local-para-pedir-la-apertura-de-estos-espacios-de-venta-ante-las-restricciones-por-na-covid-19\/","title":{"rendered":"Representantes de diversos tianguis del estado, protestaron en el Congreso local para pedir la apertura de estos espacios de venta, ante las restricciones por \u00f1a Covid-19.\u00a0"},"content":{"rendered":"<p><strong>#Redacci\u00f3nOaxaca<\/strong><\/p>\n<p><strong>#Oaxaca<\/strong><\/p>\n<p><strong>Sayra Cruz<\/strong><\/p>\n<p style=\"text-align: justify;\">Se trata de comerciantes que venden en Zimatl\u00e1n, Tlacolula, Miahuatl\u00e1n, Ejutla, y quienes se quejaron que no han recibido apoyo de los legisladores y del gobierno federal y estatal.<\/p>\n<p style=\"text-align: justify;\">&#8220;<em>Queremos el banderazo, el permiso de que podremos trabajar, que no nos cierren todos los tianguis, no es por uno. Es por la uni\u00f3n de tianguistas&#8221;<\/em>, dijo Ariana V\u00e1squez representante del tianguis de Zaachila.<\/p>\n<p style=\"text-align: justify;\">Solicitaron las medidas necesarias para sentarse a platicar y buscar estrategias para hacer un buen trabajo.<\/p>\n<p><img data-recalc-dims=\"1\" loading=\"lazy\" decoding=\"async\" class=\"size-medium wp-image-14871 alignleft\" src=\"https:\/\/i0.wp.com\/redaccionoaxaca.com\/wp-content\/uploads\/2020\/10\/IMG-20201021-WA0062-225x300.jpg?resize=225%2C300\" alt=\"\" width=\"225\" height=\"300\" \/><\/p>\n<p style=\"text-align: justify;\">&#8220;<em>La gente necesita trabajar, muchas familias dependen de esta actividad b\u00e1sicamente y ahora, est\u00e1n perdiendo sus ingresos<\/em>&#8220;, indicaron.<\/p>\n<p style=\"text-align: justify;\">Juan Hern\u00e1ndez del tianguis de Tlacolula de Matamoros, se quej\u00f3 que por un lado hay actividad comercial, pero a ellos les est\u00e1n negando este derecho.<\/p>\n<p style=\"text-align: justify;\">Por eso, piden respuesta y para eso, se comprometen con usar las medidas sanitarias pertinentes.<\/p>\n<p><img data-recalc-dims=\"1\" loading=\"lazy\" decoding=\"async\" class=\"size-medium wp-image-14872 aligncenter\" src=\"https:\/\/i0.wp.com\/redaccionoaxaca.com\/wp-content\/uploads\/2020\/10\/IMG-20201021-WA0061-225x300.jpg?resize=225%2C300\" alt=\"\" width=\"225\" height=\"300\" \/><\/p>\n","protected":false},"excerpt":{"rendered":"<p>#Redacci\u00f3nOaxaca #Oaxaca Sayra Cruz Se trata de comerciantes que venden en Zimatl\u00e1n, Tlacolula, Miahuatl\u00e1n, Ejutla, y quienes se quejaron que no han recibido apoyo de los legisladores y del gobierno federal y estatal. &#8220;Queremos el banderazo, el permiso de que podremos trabajar, que no nos cierren todos los tianguis, no es por uno. Es por [&hellip;]<\/p>\n","protected":false},"author":9,"featured_media":0,"comment_status":"open","ping_status":"open","sticky":false,"template":"","format":"standard","meta":{"jetpack_post_was_ever_published":false,"_jetpack_newsletter_access":"","_jetpack_dont_email_post_to_subs":false,"_jetpack_newsletter_tier_id":0,"_jetpack_memberships_contains_paywalled_content":false,"_jetpack_memberships_contains_paid_content":false,"footnotes":"","jetpack_publicize_message":"","jetpack_publicize_feature_enabled":true,"jetpack_social_post_already_shared":false,"jetpack_social_options":{"image_generator_settings":{"template":"highway","default_image_id":0,"font":"","enabled":false},"version":2}},"categories":[7,3,6,1],"tags":[],"class_list":{"0":"post-14870","1":"post","2":"type-post","3":"status-publish","4":"format-standard","6":"category-al-cierre","7":"category-mesa-de-redaccion","8":"category-tendencias","9":"category-uncategorized"},"jetpack_publicize_connections":[],"jetpack_featured_media_url":"","jetpack_sharing_enabled":true,"jetpack_shortlink":"https:\/\/wp.me\/p9Ynjw-3RQ","jetpack-related-posts":[{"id":26721,"url":"https:\/\/redaccionoaxaca.com\/index.php\/2022\/07\/13\/encabezan-alejandro-murat-hinojosa-y-adan-augusto-lopez-hernandez-tianguis-del-bienestar-en-san-pedro-pochutla\/","url_meta":{"origin":14870,"position":0},"title":"Encabezan Alejandro Murat Hinojosa y Ad\u00e1n Augusto L\u00f3pez Hernandez Tianguis del Bienestar en San Pedro Pochutla","author":"ariadna","date":"julio 13, 2022","format":false,"excerpt":"#Redacci\u00f3nOaxaca #Oaxaca \u2022 El Gobernador y el Secretario de Gobernaci\u00f3n federal informaron que durante cuatro d\u00edas se beneficiar\u00e1 a 12 mil familias afectadas por el paso del hurac\u00e1n \u201cAgatha\u201d, con la entrega de art\u00edculos primera necesidad San Pedro Pochutla, Oax. 13 de julio de 2022.- Con el objetivo de contribuir\u2026","rel":"","context":"En &quot;Imagen&quot;","block_context":{"text":"Imagen","link":"https:\/\/redaccionoaxaca.com\/index.php\/category\/imagen\/"},"img":{"alt_text":"","src":"https:\/\/i0.wp.com\/redaccionoaxaca.com\/wp-content\/uploads\/2022\/07\/IMG-20220713-WA0081-300x200.jpg?resize=350%2C200&ssl=1","width":350,"height":200},"classes":[]},{"id":38854,"url":"https:\/\/redaccionoaxaca.com\/index.php\/2025\/10\/24\/vecinos-de-la-colonia-morelos-bloquean-calles-en-oaxaca-en-rechazo-a-tianguis-ambulante\/","url_meta":{"origin":14870,"position":1},"title":"Vecinos de la colonia Morelos bloquean calles en Oaxaca en rechazo a tianguis ambulante","author":"ariadna","date":"octubre 24, 2025","format":false,"excerpt":"#RedesOaxaca #Oaxaca Jaime GUERRERO Habitantes de la colonia Morelos, en el municipio de Oaxaca de Ju\u00e1rez, bloquearon desde las cinco de la ma\u00f1ana la prolongaci\u00f3n de Calzada de la Rep\u00fablica, detr\u00e1s de la tienda Pitico, para impedir la instalaci\u00f3n de un tianguis ambulante que, seg\u00fan los vecinos, fue autorizado por\u2026","rel":"","context":"En &quot;Agenda Pol\u00edtica&quot;","block_context":{"text":"Agenda Pol\u00edtica","link":"https:\/\/redaccionoaxaca.com\/index.php\/category\/agenda-politica\/"},"img":{"alt_text":"","src":"","width":0,"height":0},"classes":[]},{"id":17490,"url":"https:\/\/redaccionoaxaca.com\/index.php\/2021\/03\/13\/pide-congreso-reactivacion-economica-segura-en-mercados-tianguis-y-plazas-de-oaxaca\/","url_meta":{"origin":14870,"position":2},"title":"Pide Congreso reactivaci\u00f3n econ\u00f3mica segura en mercados, tianguis y plazas de Oaxaca.","author":"ariadna","date":"marzo 13, 2021","format":false,"excerpt":"#Redacci\u00f3nOaxaca #Oaxaca Comunicado San Raymundo Jalpan, Oax. 13 de marzo de 2021.- El Congreso local aprob\u00f3 exhortar a las autoridades municipales con m\u00e1s de 15 mil habitantes, y a las secretar\u00edas de Econom\u00eda (SE) y de Salud del Estado de Oaxaca (SSO), para que emitan los protocolos y medidas de\u2026","rel":"","context":"En &quot;Agenda Pol\u00edtica&quot;","block_context":{"text":"Agenda Pol\u00edtica","link":"https:\/\/redaccionoaxaca.com\/index.php\/category\/agenda-politica\/"},"img":{"alt_text":"","src":"","width":0,"height":0},"classes":[]},{"id":26174,"url":"https:\/\/redaccionoaxaca.com\/index.php\/2022\/06\/17\/participa-banos-noyola-en-la-puesta-en-marcha-del-tianguis-bienestar\/","url_meta":{"origin":14870,"position":3},"title":"Participa Ba\u00f1os Noyola en la puesta en marcha del Tianguis Bienestar","author":"ariadna","date":"junio 17, 2022","format":false,"excerpt":"#Redacci\u00f3nOaxaca #Oaxaca Dalia Ba\u00f1os Noyola, titular de la Secretar\u00eda de Seguridad P\u00fablica del Estado particip\u00f3 en la mesa de trabajo que encabeza la Coordinaci\u00f3n Territorial para la Construcci\u00f3n de la Paz en Oaxaca, a fin de poner en marcha el Tianguis Bienestar en los municipios y comunidades afectadas por Agatha.\u2026","rel":"","context":"En &quot;Al Cierre&quot;","block_context":{"text":"Al Cierre","link":"https:\/\/redaccionoaxaca.com\/index.php\/category\/al-cierre\/"},"img":{"alt_text":"","src":"https:\/\/i0.wp.com\/redaccionoaxaca.com\/wp-content\/uploads\/2022\/06\/IMG-20220617-WA0063-300x225.jpg?resize=350%2C200&ssl=1","width":350,"height":200},"classes":[]},{"id":38865,"url":"https:\/\/redaccionoaxaca.com\/index.php\/2025\/10\/25\/vecinos-de-la-col-morelos-y-ayuntamiento-logran-acuerdo-tras-reacomodo-de-tianguis-de-los-viernes\/","url_meta":{"origin":14870,"position":4},"title":"Vecinos de la col. Morelos y Ayuntamiento logran acuerdo tras reacomodo de tianguis de los viernes","author":"ariadna","date":"octubre 25, 2025","format":false,"excerpt":"#Redacci\u00f3nOaxaca #Oaxaca Despu\u00e9s del conato de violencia registrado este viernes por la instalaci\u00f3n del tianguis de los viernes en la Colonia Morelos, el Ayuntamiento de Oaxaca de Ju\u00e1rez inform\u00f3 que tras un di\u00e1logo con vecinas y vecinos de esa zona, as\u00ed como de la Colonia Jos\u00e9 Vasconcelos, se alcanzaron acuerdos\u2026","rel":"","context":"En &quot;Agenda Pol\u00edtica&quot;","block_context":{"text":"Agenda Pol\u00edtica","link":"https:\/\/redaccionoaxaca.com\/index.php\/category\/agenda-politica\/"},"img":{"alt_text":"","src":"https:\/\/i0.wp.com\/redaccionoaxaca.com\/wp-content\/uploads\/2025\/10\/IMG-20251024-WA0178-300x200.jpg?resize=350%2C200&ssl=1","width":350,"height":200},"classes":[]},{"id":38032,"url":"https:\/\/redaccionoaxaca.com\/index.php\/2025\/08\/27\/la-secretaria-de-gobierno-y-territorio-niega-reubicacion-de-tianguis-en-la-unidad-modelo\/","url_meta":{"origin":14870,"position":5},"title":"La Secretar\u00eda de Gobierno y Territorio niega reubicaci\u00f3n de tianguis en la Unidad Modelo","author":"ariadna","date":"agosto 27, 2025","format":false,"excerpt":"#Redacci\u00f3nOaxaca #Oaxaca Oaxaca de Ju\u00e1rez, Oax., a 27 de agosto de 2025. La Secretar\u00eda de Gobierno y Territorio del Municipio de Oaxaca de Ju\u00e1rez informa a la ciudadan\u00eda que es falsa la versi\u00f3n que circula sobre una supuesta reubicaci\u00f3n del tianguis a la Primera y Segunda Secci\u00f3n de la Unidad\u2026","rel":"","context":"En &quot;Imagen&quot;","block_context":{"text":"Imagen","link":"https:\/\/redaccionoaxaca.com\/index.php\/category\/imagen\/"},"img":{"alt_text":"","src":"https:\/\/i0.wp.com\/redaccionoaxaca.com\/wp-content\/uploads\/2025\/08\/Screenshot_20250827_110457_Chrome-scaled.jpg?fit=1200%2C790&ssl=1&resize=350%2C200","width":350,"height":200,"srcset":"https:\/\/i0.wp.com\/redaccionoaxaca.com\/wp-content\/uploads\/2025\/08\/Screenshot_20250827_110457_Chrome-scaled.jpg?fit=1200%2C790&ssl=1&resize=350%2C200 1x, https:\/\/i0.wp.com\/redaccionoaxaca.com\/wp-content\/uploads\/2025\/08\/Screenshot_20250827_110457_Chrome-scaled.jpg?fit=1200%2C790&ssl=1&resize=525%2C300 1.5x, https:\/\/i0.wp.com\/redaccionoaxaca.com\/wp-content\/uploads\/2025\/08\/Screenshot_20250827_110457_Chrome-scaled.jpg?fit=1200%2C790&ssl=1&resize=700%2C400 2x, https:\/\/i0.wp.com\/redaccionoaxaca.com\/wp-content\/uploads\/2025\/08\/Screenshot_20250827_110457_Chrome-scaled.jpg?fit=1200%2C790&ssl=1&resize=1050%2C600 3x"},"classes":[]}],"_links":{"self":[{"href":"https:\/\/redaccionoaxaca.com\/index.php\/wp-json\/wp\/v2\/posts\/14870","targetHints":{"allow":["GET"]}}],"collection":[{"href":"https:\/\/redaccionoaxaca.com\/index.php\/wp-json\/wp\/v2\/posts"}],"about":[{"href":"https:\/\/redaccionoaxaca.com\/index.php\/wp-json\/wp\/v2\/types\/post"}],"author":[{"embeddable":true,"href":"https:\/\/redaccionoaxaca.com\/index.php\/wp-json\/wp\/v2\/users\/9"}],"replies":[{"embeddable":true,"href":"https:\/\/redaccionoaxaca.com\/index.php\/wp-json\/wp\/v2\/comments?post=14870"}],"version-history":[{"count":1,"href":"https:\/\/redaccionoaxaca.com\/index.php\/wp-json\/wp\/v2\/posts\/14870\/revisions"}],"predecessor-version":[{"id":14873,"href":"https:\/\/redaccionoaxaca.com\/index.php\/wp-json\/wp\/v2\/posts\/14870\/revisions\/14873"}],"wp:attachment":[{"href":"https:\/\/redaccionoaxaca.com\/index.php\/wp-json\/wp\/v2\/media?parent=14870"}],"wp:term":[{"taxonomy":"category","embeddable":true,"href":"https:\/\/redaccionoaxaca.com\/index.php\/wp-json\/wp\/v2\/categories?post=14870"},{"taxonomy":"post_tag","embeddable":true,"href":"https:\/\/redaccionoaxaca.com\/index.php\/wp-json\/wp\/v2\/tags?post=14870"}],"curies":[{"name":"wp","href":"https:\/\/api.w.org\/{rel}","templated":true}]}}