{"id":14874,"date":"2020-10-21T15:50:47","date_gmt":"2020-10-21T20:50:47","guid":{"rendered":"http:\/\/redaccionoaxaca.com\/?p=14874"},"modified":"2020-10-21T15:52:56","modified_gmt":"2020-10-21T20:52:56","slug":"video-reclusos-del-penal-de-ixcotel-expresan-emociones-y-sentimiento-a-traves-del-taller-grafica-siqueiros-hoy-cumple-3-anos-formando-talentos","status":"publish","type":"post","link":"https:\/\/redaccionoaxaca.com\/index.php\/2020\/10\/21\/video-reclusos-del-penal-de-ixcotel-expresan-emociones-y-sentimiento-a-traves-del-taller-grafica-siqueiros-hoy-cumple-3-anos-formando-talentos\/","title":{"rendered":"VIDEO: Reclusos del penal de Ixcotel expresan emociones y sentimiento a trav\u00e9s del taller &#8220;Gr\u00e1fica Siqueiros\u201d; hoy cumple 3 a\u00f1os formando talentos."},"content":{"rendered":"<p><strong>#Redacci\u00f3nOaxaca<\/strong><\/p>\n<p><strong>#Oaxaca<\/strong><\/p>\n<p><strong>Ariadna Mendoza<\/strong><\/p>\n<p style=\"text-align: justify;\">Al interior del reclusorio de Ixcotel, se llev\u00f3 a cabo una exposici\u00f3n de arte gr\u00e1fico, con motivo de la celebraci\u00f3n del taller de &#8220;Gr\u00e1fica Siqueiros&#8221; el cual es impulsado por la Secretar\u00eda de Seguridad P\u00fablica de Oaxaca, cumpliendo este martes su 3er aniversario,\u00a0 forjando talentos dentro de la penitenciar\u00eda con personas privadas de su libertad.<\/p>\n<p><img data-recalc-dims=\"1\" loading=\"lazy\" decoding=\"async\" class=\"size-medium wp-image-14875 alignleft\" src=\"https:\/\/i0.wp.com\/redaccionoaxaca.com\/wp-content\/uploads\/2020\/10\/FB_IMG_1603311561211-300x169.jpg?resize=300%2C169\" alt=\"\" width=\"300\" height=\"169\" \/><\/p>\n<p style=\"text-align: justify;\">El taller &#8220;Gr\u00e1fico Siqueiros&#8221;, tiene el objetivo principal de que las personas privadas de su libertad puedan ser orientados a la Reinserci\u00f3n social, otorg\u00e1ndoles recursos y proyectos para\u00a0 que, al cumplir su condena, puedan incorporarse a la sociedad con facilidad.<\/p>\n<p style=\"text-align: justify;\">En este sentido, los individuos que se encuentran retenidos en la penitenciar\u00eda de Ixcotel, se\u00f1alaron que por medio del arte puedan plasmar sus sentimientos y creatividad, adem\u00e1s de forjarles un talento expresivo.<\/p>\n<p><img data-recalc-dims=\"1\" loading=\"lazy\" decoding=\"async\" class=\"size-medium wp-image-14876 aligncenter\" src=\"https:\/\/i0.wp.com\/redaccionoaxaca.com\/wp-content\/uploads\/2020\/10\/FB_IMG_1603311556683-300x168.jpg?resize=300%2C168\" alt=\"\" width=\"300\" height=\"168\" \/><\/p>\n<p style=\"text-align: justify;\">Asimismo muchos internos en su mayor\u00eda procesados y algunos sentenciados adem\u00e1s de trabajar el arte del dibujo, la pintura, tambi\u00e9n elaboran el repujado, la talla en madera y la escultura blanda con estambre, varios de ellos combinan estas actividades con la hechura de bolsas de pl\u00e1stico y balones de f\u00fatbol.<\/p>\n<p style=\"text-align: justify;\">Cabe destacar que el taller &#8221; Gr\u00e1fica Siqueiros&#8221; inici\u00f3 en agosto del 2017 el cual fue impulsado por las autoridades de la Subsecretar\u00eda de Prevenci\u00f3n y Reinserci\u00f3n Social del estado, con el apoyo de artistas, como el hoy occiso, el maestro Francisco Toledo, entre otros, quienes han realizado aportaciones con materiales desde papeles, l\u00e1pices, gomas, tinta, gubias, libros.<\/p>\n<p style=\"text-align: justify;\">De igual manera, los internos se apoyan con hojas, plumones y gubias hechas de fierro de zapatos, que ellos mismos adquieren adem\u00e1s de apoyarse con material reciclado.<\/p>\n<p style=\"text-align: justify;\">Actualmente la taller, ha obtenido buenos resultados dado que han realizado diversas presentaciones como en la biblioteca de M\u00e9xico, en San Luis Potos\u00ed y otras exposiciones; sin embargo, para el 2021 se tienen proyectos en puerta como; la creaci\u00f3n de un libro donde participar\u00e1 un fot\u00f3grafo conocido,\u00a0 el cual fue retrasado por la pandemia de COVID19.<\/p>\n<p style=\"text-align: justify;\">Importante destacar que la imagen de la Guelaguetza 2019, fue una obra realizada por el artista pl\u00e1stico recluso V\u00edctor M., cuya imagen dio la vuelta al mundo; significando lo importante que es apoyar estos espacios, toda vez que el talento se puede encontrar donde menos se lo imagina.<\/p>\n<p><img data-recalc-dims=\"1\" loading=\"lazy\" decoding=\"async\" class=\"size-medium wp-image-14879 aligncenter\" src=\"https:\/\/i0.wp.com\/redaccionoaxaca.com\/wp-content\/uploads\/2020\/10\/images-39-300x225.jpeg?resize=300%2C225\" alt=\"\" width=\"300\" height=\"225\" \/><\/p>\n<p>&nbsp;<\/p>\n<p><img data-recalc-dims=\"1\" loading=\"lazy\" decoding=\"async\" class=\"size-medium wp-image-14877 aligncenter\" src=\"https:\/\/i0.wp.com\/redaccionoaxaca.com\/wp-content\/uploads\/2020\/10\/FB_IMG_1603311540833-300x169.jpg?resize=300%2C169\" alt=\"\" width=\"300\" height=\"169\" \/><img data-recalc-dims=\"1\" loading=\"lazy\" decoding=\"async\" class=\"alignnone size-medium wp-image-14878\" src=\"https:\/\/i0.wp.com\/redaccionoaxaca.com\/wp-content\/uploads\/2020\/10\/FB_IMG_1603311550750-300x169.jpg?resize=300%2C169\" alt=\"\" width=\"300\" height=\"169\" \/><\/p>\n<div style=\"width: 696px;\" class=\"wp-video\"><video class=\"wp-video-shortcode\" id=\"video-14874-1\" width=\"696\" height=\"394\" preload=\"metadata\" controls=\"controls\"><source type=\"video\/mp4\" src=\"http:\/\/redaccionoaxaca.com\/wp-content\/uploads\/2020\/10\/VID-20201020-WA0073.mp4?_=1\" \/><a href=\"http:\/\/redaccionoaxaca.com\/wp-content\/uploads\/2020\/10\/VID-20201020-WA0073.mp4\">http:\/\/redaccionoaxaca.com\/wp-content\/uploads\/2020\/10\/VID-20201020-WA0073.mp4<\/a><\/video><\/div>\n","protected":false},"excerpt":{"rendered":"<p>#Redacci\u00f3nOaxaca #Oaxaca Ariadna Mendoza Al interior del reclusorio de Ixcotel, se llev\u00f3 a cabo una exposici\u00f3n de arte gr\u00e1fico, con motivo de la celebraci\u00f3n del taller de &#8220;Gr\u00e1fica Siqueiros&#8221; el cual es impulsado por la Secretar\u00eda de Seguridad P\u00fablica de Oaxaca, cumpliendo este martes su 3er aniversario,\u00a0 forjando talentos dentro de la penitenciar\u00eda con personas [&hellip;]<\/p>\n","protected":false},"author":9,"featured_media":0,"comment_status":"open","ping_status":"open","sticky":false,"template":"","format":"video","meta":{"jetpack_post_was_ever_published":false,"_jetpack_newsletter_access":"","_jetpack_dont_email_post_to_subs":false,"_jetpack_newsletter_tier_id":0,"_jetpack_memberships_contains_paywalled_content":false,"_jetpack_memberships_contains_paid_content":false,"footnotes":"","jetpack_publicize_message":"","jetpack_publicize_feature_enabled":true,"jetpack_social_post_already_shared":false,"jetpack_social_options":{"image_generator_settings":{"template":"highway","default_image_id":0,"font":"","enabled":false},"version":2}},"categories":[7,5,3,6,1],"tags":[],"class_list":{"0":"post-14874","1":"post","2":"type-post","3":"status-publish","4":"format-video","6":"category-al-cierre","7":"category-imagen","8":"category-mesa-de-redaccion","9":"category-tendencias","10":"category-uncategorized","11":"post_format-post-format-video"},"jetpack_publicize_connections":[],"jetpack_featured_media_url":"","jetpack_sharing_enabled":true,"jetpack_shortlink":"https:\/\/wp.me\/p9Ynjw-3RU","jetpack-related-posts":[{"id":14937,"url":"https:\/\/redaccionoaxaca.com\/index.php\/2020\/10\/26\/video-sedena-es-propietaria-del-penal-de-ixcotel-tras-cierre-su-destino-podria-ser-educativo-deportivo-y-cultural-murat\/","url_meta":{"origin":14874,"position":0},"title":"VIDEO: SEDENA es propietaria del Penal de Ixcotel, tras cierre su destino podr\u00eda ser educativo, deportivo y cultural: Murat.","author":"ariadna","date":"octubre 26, 2020","format":"video","excerpt":"#Redacci\u00f3nOaxaca #Oaxaca Jaime GUERRERO El Gobernador, Alejandro Murat Hinojosa, desestim\u00f3 que el complejo que albergaba el Penal de Santa Mar\u00eda Ixcotel, se ocupe para la edificaci\u00f3n de un complejo inmobiliario o comercial. Tras el cierre definitivo del penal que por m\u00e1s de 57 a\u00f1os sirvi\u00f3 para que personas privadas de\u2026","rel":"","context":"En &quot;Agenda Pol\u00edtica&quot;","block_context":{"text":"Agenda Pol\u00edtica","link":"https:\/\/redaccionoaxaca.com\/index.php\/category\/agenda-politica\/"},"img":{"alt_text":"","src":"https:\/\/i0.wp.com\/redaccionoaxaca.com\/wp-content\/uploads\/2020\/10\/IMG-20201026-WA0160-300x200.jpg?resize=350%2C200","width":350,"height":200},"classes":[]},{"id":14921,"url":"https:\/\/redaccionoaxaca.com\/index.php\/2020\/10\/26\/confirma-murat-cierre-del-penal-de-ixcotel-ppl-fueron-trasladados-a-tanivet\/","url_meta":{"origin":14874,"position":1},"title":"Confirma Murat cierre del penal de Ixcotel; PPL fueron trasladados a Tanivet.","author":"ariadna","date":"octubre 26, 2020","format":false,"excerpt":"#Redacci\u00f3nOaxaca #Oaxaca Jaime GUERRERO El Gobernador, Alejandro Murat Hinojosa, confirm\u00f3 el cierre del Penal de Santa Mar\u00eda Ixcotel, ubicado en Santa Luc\u00eda del Camino y que las Personas Privadas de su Libertad (PPL), fueron trasladados al penal de media seguridad Tanivet en Tlacolula de Matamoros. El mandatario confirm\u00f3 que desde\u2026","rel":"","context":"En &quot;Agenda Pol\u00edtica&quot;","block_context":{"text":"Agenda Pol\u00edtica","link":"https:\/\/redaccionoaxaca.com\/index.php\/category\/agenda-politica\/"},"img":{"alt_text":"","src":"https:\/\/i0.wp.com\/redaccionoaxaca.com\/wp-content\/uploads\/2020\/10\/IMG-20201026-WA0056-300x200.jpg?resize=350%2C200","width":350,"height":200},"classes":[]},{"id":12887,"url":"https:\/\/redaccionoaxaca.com\/index.php\/2020\/06\/16\/prepara-tribunal-de-justicia-de-oaxaca-nueva-pre-liberacion-de-entre-70-y-80-personas-privadas-de-su-libertad-ante-contingencia-covid19\/","url_meta":{"origin":14874,"position":2},"title":"Prepara Tribunal de Justicia de Oaxaca nueva pre-liberaci\u00f3n de entre 70 y 80 personas privadas de su libertad ante contingencia covid19.","author":"ariadna","date":"junio 16, 2020","format":false,"excerpt":"#Redacci\u00f3nOaxaca #Oaxaca Maira Ric\u00e1rdez *Hasta ahora no hay violadores ni feminicidas entre los beneficiarios, la prioridad es para adultos mayores con m\u00e1s a\u00f1os recluidos y si presentan enfermedades cr\u00f3nico degenerativas. Un brote masivo de Covid19 en prisi\u00f3n que no pueda ser manejado, podr\u00eda colapsar el sistema de salud del Estado,\u2026","rel":"","context":"En &quot;Al Cierre&quot;","block_context":{"text":"Al Cierre","link":"https:\/\/redaccionoaxaca.com\/index.php\/category\/al-cierre\/"},"img":{"alt_text":"","src":"","width":0,"height":0},"classes":[]},{"id":12823,"url":"https:\/\/redaccionoaxaca.com\/index.php\/2020\/06\/12\/13-hombres-privados-de-su-libertad-confirmados-con-covid19-reciben-atencion-medica-en-su-centro-de-reclusion-al-encontrarse-estables\/","url_meta":{"origin":14874,"position":3},"title":"13 hombres privados de su libertad confirmados con covid19, reciben atenci\u00f3n m\u00e9dica en su centro de reclusi\u00f3n al encontrarse estables.","author":"ariadna","date":"junio 12, 2020","format":false,"excerpt":"#Redacci\u00f3nOaxaca #Oaxaca Maira Ric\u00e1rdez De las 3,716 personas privadas de la libertad en los 11 reclusorios del Estado de Oaxaca, hasta este viernes un total de 13 est\u00e1n confirmados como positivos en covid19; los casos se han concentrado en dos centros penitenciarios, 7 en el reclusorio de Tanivet Tlacolula y\u2026","rel":"","context":"En &quot;Al Cierre&quot;","block_context":{"text":"Al Cierre","link":"https:\/\/redaccionoaxaca.com\/index.php\/category\/al-cierre\/"},"img":{"alt_text":"","src":"","width":0,"height":0},"classes":[]},{"id":34729,"url":"https:\/\/redaccionoaxaca.com\/index.php\/2024\/12\/10\/exponen-muestra-pictorica-de-mujeres-privadas-de-la-libertad\/","url_meta":{"origin":14874,"position":4},"title":"Exponen muestra pict\u00f3rica de mujeres privadas de la libertad","author":"ariadna","date":"diciembre 10, 2024","format":false,"excerpt":"#Redacci\u00f3nOaxaca #Oaxaca \u2022 Se trata de 21 piezas elaboradas durante el curso de tres meses que impartieron maestras y maestros del Taller de Artes Pl\u00e1sticas \u201cRufino Tamayo\u201d Oaxaca de Ju\u00e1rez, Oax. 10 de diciembre de 2024.- Del 9 al 13 de diciembre, en el Centro Integral para la Prevenci\u00f3n, Protecci\u00f3n\u2026","rel":"","context":"En &quot;Al Cierre&quot;","block_context":{"text":"Al Cierre","link":"https:\/\/redaccionoaxaca.com\/index.php\/category\/al-cierre\/"},"img":{"alt_text":"","src":"https:\/\/i0.wp.com\/redaccionoaxaca.com\/wp-content\/uploads\/2024\/12\/IMG-20241210-WA0343-300x225.jpg?resize=350%2C200&ssl=1","width":350,"height":200},"classes":[]},{"id":10383,"url":"https:\/\/redaccionoaxaca.com\/index.php\/2020\/01\/29\/familiares-de-presos-del-penal-de-ixcotel-tramitan-amparo-vs-cierre-del-reclusorio\/","url_meta":{"origin":14874,"position":5},"title":"Familiares de presos del penal de Ixcotel tramitan amparo vs cierre del reclusorio.","author":"ariadna","date":"enero 29, 2020","format":false,"excerpt":"#Redacci\u00f3nOaxaca #Oaxaca Jaime GUERRERO Familiares de las personas privadas de su libertad en la Penitenciar\u00eda Central del estado, de Santa Mar\u00eda Ixcotel, interpusieron amparos contra el cierre y traslado de los reclusos al penal varonil de Tanivet, que se encuentra en Tlacolula de Matamoros. A trav\u00e9s de los abogados, Eustolio\u2026","rel":"","context":"Entrada similar ","block_context":{"text":"Entrada similar ","link":""},"img":{"alt_text":"","src":"","width":0,"height":0},"classes":[]}],"_links":{"self":[{"href":"https:\/\/redaccionoaxaca.com\/index.php\/wp-json\/wp\/v2\/posts\/14874","targetHints":{"allow":["GET"]}}],"collection":[{"href":"https:\/\/redaccionoaxaca.com\/index.php\/wp-json\/wp\/v2\/posts"}],"about":[{"href":"https:\/\/redaccionoaxaca.com\/index.php\/wp-json\/wp\/v2\/types\/post"}],"author":[{"embeddable":true,"href":"https:\/\/redaccionoaxaca.com\/index.php\/wp-json\/wp\/v2\/users\/9"}],"replies":[{"embeddable":true,"href":"https:\/\/redaccionoaxaca.com\/index.php\/wp-json\/wp\/v2\/comments?post=14874"}],"version-history":[{"count":1,"href":"https:\/\/redaccionoaxaca.com\/index.php\/wp-json\/wp\/v2\/posts\/14874\/revisions"}],"predecessor-version":[{"id":14881,"href":"https:\/\/redaccionoaxaca.com\/index.php\/wp-json\/wp\/v2\/posts\/14874\/revisions\/14881"}],"wp:attachment":[{"href":"https:\/\/redaccionoaxaca.com\/index.php\/wp-json\/wp\/v2\/media?parent=14874"}],"wp:term":[{"taxonomy":"category","embeddable":true,"href":"https:\/\/redaccionoaxaca.com\/index.php\/wp-json\/wp\/v2\/categories?post=14874"},{"taxonomy":"post_tag","embeddable":true,"href":"https:\/\/redaccionoaxaca.com\/index.php\/wp-json\/wp\/v2\/tags?post=14874"}],"curies":[{"name":"wp","href":"https:\/\/api.w.org\/{rel}","templated":true}]}}