{"id":14934,"date":"2020-10-26T12:30:33","date_gmt":"2020-10-26T18:30:33","guid":{"rendered":"http:\/\/redaccionoaxaca.com\/?p=14934"},"modified":"2020-10-26T12:30:33","modified_gmt":"2020-10-26T18:30:33","slug":"el-instituto-de-acceso-a-la-informacion-publica-y-proteccion-de-datos-personales-del-estado-de-oaxaca-iaipo-realizo-capacitaciones-en-diversos-temas-a-servidores-publicos-de-la-secretaria-de-los-pu","status":"publish","type":"post","link":"https:\/\/redaccionoaxaca.com\/index.php\/2020\/10\/26\/el-instituto-de-acceso-a-la-informacion-publica-y-proteccion-de-datos-personales-del-estado-de-oaxaca-iaipo-realizo-capacitaciones-en-diversos-temas-a-servidores-publicos-de-la-secretaria-de-los-pu\/","title":{"rendered":"El Instituto de Acceso a la Informaci\u00f3n P\u00fablica y Protecci\u00f3n de Datos Personales del Estado de Oaxaca (IAIPO) realiz\u00f3 capacitaciones en diversos temas  a servidores p\u00fablicos de la Secretar\u00eda de los Pueblos Ind\u00edgenas y Afromexicano (SEPIA), Defensor\u00eda de los Derechos Humanos del Pueblo de Oaxaca (DDHPO) y la Fiscal\u00eda General del Estado de Oaxaca."},"content":{"rendered":"<p style=\"text-align: justify;\"><strong>#Redacci\u00f3nOaxaca<\/strong><\/p>\n<p style=\"text-align: justify;\"><strong>#Oaxaca<\/strong><\/p>\n<p>En el marco de las jornadas de capacitaci\u00f3n a personal de la DDHPO recibi\u00f3 el tema Plataformas Tecnol\u00f3gicas: Sistema de Portales de Obligaciones de Transparencia (SIPOT) de la Plataforma Nacional de Transparencia (PNT) trabajamos sobre los tipos y el proceso de carga de informaci\u00f3n en dicho sistema, adem\u00e1s se imparti\u00f3 el curso Clasificaci\u00f3n y Desclasificaci\u00f3n de la Informaci\u00f3n, en el que se revisaron los criterios para realizar estos procedimientos.<\/p>\n<p style=\"text-align: justify;\">Continuando con el programa de capacitaci\u00f3n integral a servidores p\u00fablicos de la Fiscal\u00eda General del Estado de Oaxaca, en esta ocasi\u00f3n, personal del Departamento de Verificaci\u00f3n y Evaluaci\u00f3n imparti\u00f3 un taller sobre el proceso de carga de informaci\u00f3n al SIPOT.<\/p>\n<p style=\"text-align: justify;\">Servidores p\u00fablicos de la SEPIA se formaron en materia de Datos Personales, con el objetivo de explicar qu\u00e9 son, c\u00f3mo se clasifican y en qu\u00e9 consiste su tratamiento, as\u00ed como, el aviso de privacidad y el ejercicio de los derechos ARCO. Adem\u00e1s se les imparti\u00f3 el tema Organizaci\u00f3n y gesti\u00f3n archiv\u00edstica con el objetivo de sensibilizar sobre la importancia de los archivos en la organizaci\u00f3n y preservaci\u00f3n de la informaci\u00f3n para permitir el ejercicio del derecho de acceso a la informaci\u00f3n p\u00fablica, la transparencia y la rendici\u00f3n de cuentas. En otro momento SEPIA, recibi\u00f3 el tema Lineamientos T\u00e9cnicos Generales y sus formatos, mediante el cual se les instruy\u00f3 en la carga de informaci\u00f3n en el SIPOT.<\/p>\n<p style=\"text-align: justify;\">Finalmente a personal de esta Secretar\u00eda se les imparti\u00f3 la capacitaci\u00f3n en el tema Carga de Informaci\u00f3n al Sistema de Portales de Obligaciones de Transparencia, donde se les explic\u00f3 sobre la carga de archivos e informaci\u00f3n en este sistema, con estos eventos el IAIPO promueve actividades de formaci\u00f3n de acuerdo a las necesidades de cada Sujeto Obligado.<\/p>\n","protected":false},"excerpt":{"rendered":"<p>#Redacci\u00f3nOaxaca #Oaxaca En el marco de las jornadas de capacitaci\u00f3n a personal de la DDHPO recibi\u00f3 el tema Plataformas Tecnol\u00f3gicas: Sistema de Portales de Obligaciones de Transparencia (SIPOT) de la Plataforma Nacional de Transparencia (PNT) trabajamos sobre los tipos y el proceso de carga de informaci\u00f3n en dicho sistema, adem\u00e1s se imparti\u00f3 el curso Clasificaci\u00f3n [&hellip;]<\/p>\n","protected":false},"author":9,"featured_media":0,"comment_status":"open","ping_status":"open","sticky":false,"template":"","format":"standard","meta":{"jetpack_post_was_ever_published":false,"_jetpack_newsletter_access":"","_jetpack_dont_email_post_to_subs":false,"_jetpack_newsletter_tier_id":0,"_jetpack_memberships_contains_paywalled_content":false,"_jetpack_memberships_contains_paid_content":false,"footnotes":"","jetpack_publicize_message":"","jetpack_publicize_feature_enabled":true,"jetpack_social_post_already_shared":false,"jetpack_social_options":{"image_generator_settings":{"template":"highway","default_image_id":0,"font":"","enabled":false},"version":2}},"categories":[4,7,3,6,1],"tags":[],"class_list":{"0":"post-14934","1":"post","2":"type-post","3":"status-publish","4":"format-standard","6":"category-agenda-politica","7":"category-al-cierre","8":"category-mesa-de-redaccion","9":"category-tendencias","10":"category-uncategorized"},"jetpack_publicize_connections":[],"jetpack_featured_media_url":"","jetpack_sharing_enabled":true,"jetpack_shortlink":"https:\/\/wp.me\/p9Ynjw-3SS","jetpack-related-posts":[{"id":14818,"url":"https:\/\/redaccionoaxaca.com\/index.php\/2020\/10\/16\/inicia-iaipo-jornada-de-capacitacion-a-personal-de-la-ddhpo\/","url_meta":{"origin":14934,"position":0},"title":"INICIA IAIPO JORNADA DE CAPACITACI\u00d3N A PERSONAL DE LA DDHPO.","author":"ariadna","date":"octubre 16, 2020","format":false,"excerpt":"#Redacci\u00f3nOaxaca #Oaxaca Este 15 de octubre, v\u00eda videoconferencia se llev\u00f3 a cabo la inauguraci\u00f3n de la Jornada de Capacitaci\u00f3n en materia de Transparencia, Acceso a la Informaci\u00f3n P\u00fablica y Protecci\u00f3n de Datos Personales que impartir\u00e1 el Instituto de Acceso a la Informaci\u00f3n P\u00fablica y Protecci\u00f3n de Datos Personales del Estado\u2026","rel":"","context":"En &quot;Agenda Pol\u00edtica&quot;","block_context":{"text":"Agenda Pol\u00edtica","link":"https:\/\/redaccionoaxaca.com\/index.php\/category\/agenda-politica\/"},"img":{"alt_text":"","src":"","width":0,"height":0},"classes":[]},{"id":30638,"url":"https:\/\/redaccionoaxaca.com\/index.php\/2024\/02\/22\/suscriben-congreso-de-oaxaca-y-ogaipo-declaratoria-de-parlamento-abierto\/","url_meta":{"origin":14934,"position":1},"title":"Suscriben Congreso de Oaxaca y OGAIPO declaratoria de Parlamento Abierto","author":"ariadna","date":"febrero 22, 2024","format":false,"excerpt":"#Redacci\u00f3nOaxaca #Oaxaca \u2022 El OGAIPO destaca la labor de la LXV Legislatura local en materia de transparencia y rendici\u00f3n de cuentas. San Raymundo Jalpan, Oax. 21 de febrero de 2024.- El H. Congreso del Estado de Oaxaca y el \u00d3rgano Garante de Acceso a la Informaci\u00f3n P\u00fablica, Transparencia, Protecci\u00f3n de\u2026","rel":"","context":"En &quot;Agenda Pol\u00edtica&quot;","block_context":{"text":"Agenda Pol\u00edtica","link":"https:\/\/redaccionoaxaca.com\/index.php\/category\/agenda-politica\/"},"img":{"alt_text":"","src":"","width":0,"height":0},"classes":[]},{"id":22475,"url":"https:\/\/redaccionoaxaca.com\/index.php\/2021\/11\/22\/en-2022-proyectan-gasto-de-2-mil-874-mdp-para-ople-teeo-tja-ddhpo-uabjo-y-fge\/","url_meta":{"origin":14934,"position":2},"title":"En 2022, proyectan gasto de 2 mil 874 mdp   para OPLE, TEEO, TJA, DDHPO, UABJO y FGE.","author":"ariadna","date":"noviembre 22, 2021","format":false,"excerpt":"#Redacci\u00f3nOaxaca #Oaxaca Jaime GUERRERO El Gobernador del Estado, Alejandro Murat Hinojosa, env\u00edo a la LXV Legislatura, el proyecto de Presupuesto de Egresos del Estado para el Ejercicio Fiscal 2022, en el que propone un gasto de 2 mil 874 millones 195 mil 704.87 pesos para \u00d3rganos Aut\u00f3nomos, entre ellos, el\u2026","rel":"","context":"En &quot;Agenda Pol\u00edtica&quot;","block_context":{"text":"Agenda Pol\u00edtica","link":"https:\/\/redaccionoaxaca.com\/index.php\/category\/agenda-politica\/"},"img":{"alt_text":"","src":"","width":0,"height":0},"classes":[]},{"id":15507,"url":"https:\/\/redaccionoaxaca.com\/index.php\/2020\/11\/30\/eligen-a-comisionado-del-iaipo-fernando-gomez-coordinador-de-una-comision-en-el-sistema-nacional-de-transparencia\/","url_meta":{"origin":14934,"position":3},"title":"ELIGEN A COMISIONADO DEL IAIPO, FERNANDO G\u00d3MEZ, COORDINADOR DE UNA COMISI\u00d3N EN EL SISTEMA NACIONAL DE TRANSPARENCIA.","author":"ariadna","date":"noviembre 30, 2020","format":false,"excerpt":"#Redacci\u00f3nOaxaca #Oaxaca Oaxaca de Ju\u00e1rez, Oax.- El Comisionado Fernando G\u00f3mez Cuevas, por parte del Instituto de Acceso a la Informaci\u00f3n P\u00fablica y Protecci\u00f3n de Datos Personales del Estado de Oaxaca (IAIPO), particip\u00f3 en Guadalajara, Jalisco, este 26 y 27 de noviembre, en la Jornada Electiva de las Coordinaciones de las\u2026","rel":"","context":"En &quot;Al Cierre&quot;","block_context":{"text":"Al Cierre","link":"https:\/\/redaccionoaxaca.com\/index.php\/category\/al-cierre\/"},"img":{"alt_text":"","src":"https:\/\/i0.wp.com\/redaccionoaxaca.com\/wp-content\/uploads\/2020\/11\/4a15e0fc-8e4b-4d79-9cc3-8869eb759bec-1-300x190.jpg?resize=350%2C200","width":350,"height":200},"classes":[]},{"id":22005,"url":"https:\/\/redaccionoaxaca.com\/index.php\/2021\/10\/31\/congreso-de-oaxaca-es-un-referente-en-combate-a-la-corrupcion-diputado-fredie-delfin\/","url_meta":{"origin":14934,"position":4},"title":"Congreso de Oaxaca es un referente en combate a la corrupci\u00f3n: diputado Fredie Delf\u00edn.","author":"ariadna","date":"octubre 31, 2021","format":false,"excerpt":"#Redacci\u00f3nOaxaca #Oaxaca Comunicado \u00b7 LXIV Legislatura Local aprob\u00f3 la Ley del Sistema Estatal de Combate a la Corrupci\u00f3n, en correspondencia con la Ley del Sistema Nacional Anticorrupci\u00f3n. San Raymundo Jalpan, Oax. 31 de octubre de 2021.- El Presidente de la Junta de Coordinaci\u00f3n Pol\u00edtica, Fredie Delf\u00edn Avenda\u00f1o, destac\u00f3 los logros\u2026","rel":"","context":"En &quot;Agenda Pol\u00edtica&quot;","block_context":{"text":"Agenda Pol\u00edtica","link":"https:\/\/redaccionoaxaca.com\/index.php\/category\/agenda-politica\/"},"img":{"alt_text":"","src":"","width":0,"height":0},"classes":[]},{"id":15831,"url":"https:\/\/redaccionoaxaca.com\/index.php\/2020\/12\/16\/aprueba-iaipo-dictamenes-y-acuerdos-de-cumplimiento-de-verificacion-de-obligaciones-de-transparencia\/","url_meta":{"origin":14934,"position":5},"title":"APRUEBA IAIPO DICT\u00c1MENES Y ACUERDOS DE CUMPLIMIENTO DE VERIFICACI\u00d3N DE OBLIGACIONES DE TRANSPARENCIA.","author":"ariadna","date":"diciembre 16, 2020","format":false,"excerpt":"#Redacci\u00f3nOaxaca #Oaxaca Oaxaca de Ju\u00e1rez, Oax.- En la Vig\u00e9sima Segunda Sesi\u00f3n Ordinaria, celebrada v\u00eda videoconferencia, el Consejo General del Instituto de Acceso a la Informaci\u00f3n P\u00fablica y Protecci\u00f3n de Datos Personales del Estado de Oaxaca (IAIPO) aprob\u00f3 18 acuerdos de cumplimiento y 12 dict\u00e1menes de la Segunda Verificaci\u00f3n Virtual 2019\u2026","rel":"","context":"En &quot;Agenda Pol\u00edtica&quot;","block_context":{"text":"Agenda Pol\u00edtica","link":"https:\/\/redaccionoaxaca.com\/index.php\/category\/agenda-politica\/"},"img":{"alt_text":"","src":"https:\/\/i0.wp.com\/redaccionoaxaca.com\/wp-content\/uploads\/2020\/12\/IMG-20201216-WA0076-300x169.jpg?resize=350%2C200","width":350,"height":200},"classes":[]}],"_links":{"self":[{"href":"https:\/\/redaccionoaxaca.com\/index.php\/wp-json\/wp\/v2\/posts\/14934","targetHints":{"allow":["GET"]}}],"collection":[{"href":"https:\/\/redaccionoaxaca.com\/index.php\/wp-json\/wp\/v2\/posts"}],"about":[{"href":"https:\/\/redaccionoaxaca.com\/index.php\/wp-json\/wp\/v2\/types\/post"}],"author":[{"embeddable":true,"href":"https:\/\/redaccionoaxaca.com\/index.php\/wp-json\/wp\/v2\/users\/9"}],"replies":[{"embeddable":true,"href":"https:\/\/redaccionoaxaca.com\/index.php\/wp-json\/wp\/v2\/comments?post=14934"}],"version-history":[{"count":1,"href":"https:\/\/redaccionoaxaca.com\/index.php\/wp-json\/wp\/v2\/posts\/14934\/revisions"}],"predecessor-version":[{"id":14936,"href":"https:\/\/redaccionoaxaca.com\/index.php\/wp-json\/wp\/v2\/posts\/14934\/revisions\/14936"}],"wp:attachment":[{"href":"https:\/\/redaccionoaxaca.com\/index.php\/wp-json\/wp\/v2\/media?parent=14934"}],"wp:term":[{"taxonomy":"category","embeddable":true,"href":"https:\/\/redaccionoaxaca.com\/index.php\/wp-json\/wp\/v2\/categories?post=14934"},{"taxonomy":"post_tag","embeddable":true,"href":"https:\/\/redaccionoaxaca.com\/index.php\/wp-json\/wp\/v2\/tags?post=14934"}],"curies":[{"name":"wp","href":"https:\/\/api.w.org\/{rel}","templated":true}]}}