{"id":14937,"date":"2020-10-26T17:45:00","date_gmt":"2020-10-26T23:45:00","guid":{"rendered":"http:\/\/redaccionoaxaca.com\/?p=14937"},"modified":"2020-10-26T17:45:00","modified_gmt":"2020-10-26T23:45:00","slug":"video-sedena-es-propietaria-del-penal-de-ixcotel-tras-cierre-su-destino-podria-ser-educativo-deportivo-y-cultural-murat","status":"publish","type":"post","link":"https:\/\/redaccionoaxaca.com\/index.php\/2020\/10\/26\/video-sedena-es-propietaria-del-penal-de-ixcotel-tras-cierre-su-destino-podria-ser-educativo-deportivo-y-cultural-murat\/","title":{"rendered":"VIDEO: SEDENA es propietaria del Penal de Ixcotel, tras cierre su destino podr\u00eda ser educativo, deportivo y cultural: Murat."},"content":{"rendered":"<p style=\"text-align: justify;\"><strong>#Redacci\u00f3nOaxaca<\/strong><\/p>\n<p style=\"text-align: justify;\"><strong>#Oaxaca<\/strong><\/p>\n<p><strong>Jaime GUERRERO<\/strong><\/p>\n<p style=\"text-align: justify;\">El Gobernador, Alejandro Murat Hinojosa, desestim\u00f3 que el complejo que albergaba el Penal de Santa Mar\u00eda Ixcotel, se ocupe para la edificaci\u00f3n de un complejo inmobiliario o comercial.<\/p>\n<p><img data-recalc-dims=\"1\" loading=\"lazy\" decoding=\"async\" class=\"size-medium wp-image-14940 alignleft\" src=\"https:\/\/i0.wp.com\/redaccionoaxaca.com\/wp-content\/uploads\/2020\/10\/IMG-20201026-WA0160-300x200.jpg?resize=300%2C200\" alt=\"\" width=\"300\" height=\"200\" \/><\/p>\n<p style=\"text-align: justify;\">Tras el cierre definitivo del penal que por m\u00e1s de 57 a\u00f1os sirvi\u00f3 para que personas privadas de su libertad purgaran sus penas y al paso de los a\u00f1os se convirtiera en un sitio donde exist\u00edan privilegios, abusos, tr\u00e1fico de sustancias ilegales y otro tipo de actividades il\u00edcitas, el mandatario dijo que se cierra una etapa que signific\u00f3 un deterioro en la administraci\u00f3n p\u00fablica y en la implementaci\u00f3n de la justicia en Oaxaca.<\/p>\n<p style=\"text-align: justify;\">Culminado el operativo de cierre Murat Hinojosa, el comandante de la Octava Regi\u00f3n Militar de Oaxaca, General de Divisi\u00f3n Juan Arturo Cordero G\u00f3mez y el titular de la Secretar\u00eda de Seguridad P\u00fablica, Ra\u00fal Ernesto Salcedo, recorrieron el complejo para constatar las condiciones en que se encontraba.<\/p>\n<p style=\"text-align: justify;\">Murat Hinojosa, afirm\u00f3 que el cierre del penal de Ixcotel forma parte de una estrategia de Clausura de penales. El primero fue el de Juchitan de Zaragoza, posteriormente el de Pochutla; luego Matias Romero.<\/p>\n<p><img data-recalc-dims=\"1\" loading=\"lazy\" decoding=\"async\" class=\"size-medium wp-image-14941 alignright\" src=\"https:\/\/i0.wp.com\/redaccionoaxaca.com\/wp-content\/uploads\/2020\/10\/IMG-20201026-WA0161-300x200.jpg?resize=300%2C200\" alt=\"\" width=\"300\" height=\"200\" \/><\/p>\n<p style=\"text-align: justify;\">Del sistema estatal penitenciario seguir\u00e1n abiertos el de Tehuantepec y Tuxtepec.<\/p>\n<p style=\"text-align: justify;\">Murat Hinojosa, destac\u00f3 que su gobierno crea condiciones de seguridad y gobernabilidad.<\/p>\n<p style=\"text-align: justify;\">El mandatario reiter\u00f3 que trasladaron a los reos del Ixcotel a Tanivet, Miahuatlan y Etla.<\/p>\n<p style=\"text-align: justify;\">El mandatario confirm\u00f3 que desde la noche de este domingo y durante la madrugada de este lunes, elementos de la Secretar\u00eda de Seguridad P\u00fablica de Oaxaca (SSPO) en coordinaci\u00f3n con la Secretar\u00eda de la Defensa Nacional (Sedena) y la Guardia Nacional (GN), realizaron el operativo del cierre definitivo del Centro Penitenciario de Santa Mar\u00eda, Ixcotel.<\/p>\n<p style=\"text-align: justify;\">Por tal motivo, fueron trasladas 906 Personas Privadas de Libertad (PPL); es decir, 806 al Centro Penitenciario ubicado en San Francisco, Tanivet; 50 PPL al de Miahuatl\u00e1n de Porfirio D\u00edaz y 50 PPL al Centro Penitenciario de la Villa de Etla.<\/p>\n<p style=\"text-align: justify;\">El destino del penal se proyectar\u00eda para instalaciones educativas, sin embargo se analizar\u00e1 con la Secretaria de la Defensa Nacional (Sedena), debido a que es la propietaria del inmueble el cual fue dado en comodato al gobierno de Oaxaca desde el sexenio de Adolfo L\u00f3pez Mateos, y lamentablemente en sexenios pasados no se pudo cerrar.<\/p>\n<p style=\"text-align: justify;\">Reconoci\u00f3 entonces al titular de la Secretaria de Seguridad Publica del Gobierno Federal, Alfonso Durazo Monta\u00f1o y al titular de la SEDENA, Luis Crescencio Sandoval, en el apoyo en operativo de cierre definitivo del penal de #Ixcotel.<\/p>\n<p><img data-recalc-dims=\"1\" loading=\"lazy\" decoding=\"async\" class=\"size-medium wp-image-14942 aligncenter\" src=\"https:\/\/i0.wp.com\/redaccionoaxaca.com\/wp-content\/uploads\/2020\/10\/IMG-20201026-WA0158-300x200.jpg?resize=300%2C200\" alt=\"\" width=\"300\" height=\"200\" \/><\/p>\n<p style=\"text-align: justify;\">Murat Hinojosa, reiter\u00f3 que se cierra una etapa de deterioro muy importante, se generan condiciones de seguridad para la poblaci\u00f3n de la capital y se fortalece el sistema penitenciario.<\/p>\n<p style=\"text-align: justify;\">Por lo pronto, destac\u00f3 que el inmueble podr\u00eda ser destinado para edificar una \u00e1rea educativa, deportiva y cultural. No obstante a\u00fan se analizara con la Sedena, propietaria del predio que albergaba el penal de Santa Mar\u00eda Ixcotel.<\/p>\n<p style=\"text-align: justify;\">Tras realizar un breve recorrido, el mandatario coloc\u00f3 los candados en las puertas principales y afirm\u00f3 que el mensaje es que se pueden crear nuevas y mejores oportunidades para la sociedad oaxaque\u00f1a.<\/p>\n<div style=\"width: 696px;\" class=\"wp-video\"><video class=\"wp-video-shortcode\" id=\"video-14937-1\" width=\"696\" height=\"394\" preload=\"metadata\" controls=\"controls\"><source type=\"video\/mp4\" src=\"http:\/\/redaccionoaxaca.com\/wp-content\/uploads\/2020\/10\/VID-20201026-WA0122.mp4?_=1\" \/><a href=\"http:\/\/redaccionoaxaca.com\/wp-content\/uploads\/2020\/10\/VID-20201026-WA0122.mp4\">http:\/\/redaccionoaxaca.com\/wp-content\/uploads\/2020\/10\/VID-20201026-WA0122.mp4<\/a><\/video><\/div>\n","protected":false},"excerpt":{"rendered":"<p>#Redacci\u00f3nOaxaca #Oaxaca Jaime GUERRERO El Gobernador, Alejandro Murat Hinojosa, desestim\u00f3 que el complejo que albergaba el Penal de Santa Mar\u00eda Ixcotel, se ocupe para la edificaci\u00f3n de un complejo inmobiliario o comercial. Tras el cierre definitivo del penal que por m\u00e1s de 57 a\u00f1os sirvi\u00f3 para que personas privadas de su libertad purgaran sus penas [&hellip;]<\/p>\n","protected":false},"author":9,"featured_media":0,"comment_status":"open","ping_status":"open","sticky":false,"template":"","format":"video","meta":{"jetpack_post_was_ever_published":false,"_jetpack_newsletter_access":"","_jetpack_dont_email_post_to_subs":false,"_jetpack_newsletter_tier_id":0,"_jetpack_memberships_contains_paywalled_content":false,"_jetpack_memberships_contains_paid_content":false,"footnotes":"","jetpack_publicize_message":"","jetpack_publicize_feature_enabled":true,"jetpack_social_post_already_shared":false,"jetpack_social_options":{"image_generator_settings":{"template":"highway","default_image_id":0,"font":"","enabled":false},"version":2}},"categories":[4,7,5,3,6,1],"tags":[],"class_list":{"0":"post-14937","1":"post","2":"type-post","3":"status-publish","4":"format-video","6":"category-agenda-politica","7":"category-al-cierre","8":"category-imagen","9":"category-mesa-de-redaccion","10":"category-tendencias","11":"category-uncategorized","12":"post_format-post-format-video"},"jetpack_publicize_connections":[],"jetpack_featured_media_url":"","jetpack_sharing_enabled":true,"jetpack_shortlink":"https:\/\/wp.me\/p9Ynjw-3SV","jetpack-related-posts":[{"id":14921,"url":"https:\/\/redaccionoaxaca.com\/index.php\/2020\/10\/26\/confirma-murat-cierre-del-penal-de-ixcotel-ppl-fueron-trasladados-a-tanivet\/","url_meta":{"origin":14937,"position":0},"title":"Confirma Murat cierre del penal de Ixcotel; PPL fueron trasladados a Tanivet.","author":"ariadna","date":"octubre 26, 2020","format":false,"excerpt":"#Redacci\u00f3nOaxaca #Oaxaca Jaime GUERRERO El Gobernador, Alejandro Murat Hinojosa, confirm\u00f3 el cierre del Penal de Santa Mar\u00eda Ixcotel, ubicado en Santa Luc\u00eda del Camino y que las Personas Privadas de su Libertad (PPL), fueron trasladados al penal de media seguridad Tanivet en Tlacolula de Matamoros. El mandatario confirm\u00f3 que desde\u2026","rel":"","context":"En &quot;Agenda Pol\u00edtica&quot;","block_context":{"text":"Agenda Pol\u00edtica","link":"https:\/\/redaccionoaxaca.com\/index.php\/category\/agenda-politica\/"},"img":{"alt_text":"","src":"https:\/\/i0.wp.com\/redaccionoaxaca.com\/wp-content\/uploads\/2020\/10\/IMG-20201026-WA0056-300x200.jpg?resize=350%2C200","width":350,"height":200},"classes":[]},{"id":10383,"url":"https:\/\/redaccionoaxaca.com\/index.php\/2020\/01\/29\/familiares-de-presos-del-penal-de-ixcotel-tramitan-amparo-vs-cierre-del-reclusorio\/","url_meta":{"origin":14937,"position":1},"title":"Familiares de presos del penal de Ixcotel tramitan amparo vs cierre del reclusorio.","author":"ariadna","date":"enero 29, 2020","format":false,"excerpt":"#Redacci\u00f3nOaxaca #Oaxaca Jaime GUERRERO Familiares de las personas privadas de su libertad en la Penitenciar\u00eda Central del estado, de Santa Mar\u00eda Ixcotel, interpusieron amparos contra el cierre y traslado de los reclusos al penal varonil de Tanivet, que se encuentra en Tlacolula de Matamoros. A trav\u00e9s de los abogados, Eustolio\u2026","rel":"","context":"Entrada similar ","block_context":{"text":"Entrada similar ","link":""},"img":{"alt_text":"","src":"","width":0,"height":0},"classes":[]},{"id":14874,"url":"https:\/\/redaccionoaxaca.com\/index.php\/2020\/10\/21\/video-reclusos-del-penal-de-ixcotel-expresan-emociones-y-sentimiento-a-traves-del-taller-grafica-siqueiros-hoy-cumple-3-anos-formando-talentos\/","url_meta":{"origin":14937,"position":2},"title":"VIDEO: Reclusos del penal de Ixcotel expresan emociones y sentimiento a trav\u00e9s del taller &#8220;Gr\u00e1fica Siqueiros\u201d; hoy cumple 3 a\u00f1os formando talentos.","author":"ariadna","date":"octubre 21, 2020","format":"video","excerpt":"#Redacci\u00f3nOaxaca #Oaxaca Ariadna Mendoza Al interior del reclusorio de Ixcotel, se llev\u00f3 a cabo una exposici\u00f3n de arte gr\u00e1fico, con motivo de la celebraci\u00f3n del taller de \"Gr\u00e1fica Siqueiros\" el cual es impulsado por la Secretar\u00eda de Seguridad P\u00fablica de Oaxaca, cumpliendo este martes su 3er aniversario,\u00a0 forjando talentos dentro\u2026","rel":"","context":"En &quot;Al Cierre&quot;","block_context":{"text":"Al Cierre","link":"https:\/\/redaccionoaxaca.com\/index.php\/category\/al-cierre\/"},"img":{"alt_text":"","src":"https:\/\/i0.wp.com\/redaccionoaxaca.com\/wp-content\/uploads\/2020\/10\/FB_IMG_1603311561211-300x169.jpg?resize=350%2C200","width":350,"height":200},"classes":[]},{"id":20996,"url":"https:\/\/redaccionoaxaca.com\/index.php\/2021\/09\/20\/video-propone-presidente-de-mexico-a-su-par-de-estados-unidos-replicar-programas-bienestar-para-migrantes-y-dar-visas-temporales\/","url_meta":{"origin":14937,"position":3},"title":"VIDEO: Propone Presidente de M\u00e9xico a su par de Estados Unidos,  replicar programas Bienestar para migrantes y dar visas temporales.","author":"ariadna","date":"septiembre 20, 2021","format":"video","excerpt":"#Redacci\u00f3nOaxaca #Oaxaca Jaime GUERRERO El presidente Andr\u00e9s Manuel L\u00f3pez Obrador propuso a su hom\u00f3logo de Estados Unidos, Joe Biden, que para contener el flujo migratorio centroamericano apoye programas como los de Sembrando Vida y J\u00f3venes Construyendo el Futuro para atender a 330 mil personas de Guatemala Honduras y El Salvador.\u2026","rel":"","context":"En &quot;Agenda Pol\u00edtica&quot;","block_context":{"text":"Agenda Pol\u00edtica","link":"https:\/\/redaccionoaxaca.com\/index.php\/category\/agenda-politica\/"},"img":{"alt_text":"","src":"","width":0,"height":0},"classes":[]},{"id":32196,"url":"https:\/\/redaccionoaxaca.com\/index.php\/2024\/06\/15\/en-oaxaca-aplicaran-13-anos-de-prision-y-multa-de-500-umas-a-quien-obligue-a-un-menor-al-abuso-sexual\/","url_meta":{"origin":14937,"position":4},"title":"En Oaxaca, aplicar\u00e1n 13 a\u00f1os de prisi\u00f3n y multa  de 500 UMAS a quien obligue a un menor al abuso sexual","author":"ariadna","date":"junio 15, 2024","format":false,"excerpt":"#Redacci\u00f3nOaxaca #Oaxaca Jaime GUERRERO La LXV Legislatura, reform\u00f3 el art\u00edculo 122 bis y adicion\u00f3 el art\u00edculo 241 qu\u00e1ter del C\u00f3digo Penal del Estado, para endurecer las penas de abuso sexual infantil en Oaxaca hasta con 13 a\u00f1os de prisi\u00f3n y multa de 200 a 500 veces el valor diario de\u2026","rel":"","context":"En &quot;Agenda Pol\u00edtica&quot;","block_context":{"text":"Agenda Pol\u00edtica","link":"https:\/\/redaccionoaxaca.com\/index.php\/category\/agenda-politica\/"},"img":{"alt_text":"","src":"","width":0,"height":0},"classes":[]},{"id":24017,"url":"https:\/\/redaccionoaxaca.com\/index.php\/2022\/02\/14\/video-vandalismo-en-boda-de-elba-esther-gordillo-tiene-que-ver-con-su-relacion-historica-con-el-magisterio-murat-desestima-autoria\/","url_meta":{"origin":14937,"position":5},"title":"VIDEO: Vandalismo en boda de Elba Esther Gordillo, tiene que ver con  su relaci\u00f3n hist\u00f3rica con el magisterio: Murat; desestima autor\u00eda.","author":"ariadna","date":"febrero 14, 2022","format":"video","excerpt":"#Redacci\u00f3nOaxaca #Oaxaca Jaime GUERRERO El Gobernador del Estado, Alejandro Murat Hinojosa, desestim\u00f3 los se\u00f1alamientos de la ex dirigente del Sindicato Nacional de Trabajadores de la Educaci\u00f3n, Elba Esther Gordillo Morales, respecto a que su pap\u00e1 Jos\u00e9 Murat y \u00e9l, estar\u00eda detr\u00e1s de los actos vand\u00e1licos en el recinto cultural y\u2026","rel":"","context":"En &quot;Agenda Pol\u00edtica&quot;","block_context":{"text":"Agenda Pol\u00edtica","link":"https:\/\/redaccionoaxaca.com\/index.php\/category\/agenda-politica\/"},"img":{"alt_text":"","src":"","width":0,"height":0},"classes":[]}],"_links":{"self":[{"href":"https:\/\/redaccionoaxaca.com\/index.php\/wp-json\/wp\/v2\/posts\/14937","targetHints":{"allow":["GET"]}}],"collection":[{"href":"https:\/\/redaccionoaxaca.com\/index.php\/wp-json\/wp\/v2\/posts"}],"about":[{"href":"https:\/\/redaccionoaxaca.com\/index.php\/wp-json\/wp\/v2\/types\/post"}],"author":[{"embeddable":true,"href":"https:\/\/redaccionoaxaca.com\/index.php\/wp-json\/wp\/v2\/users\/9"}],"replies":[{"embeddable":true,"href":"https:\/\/redaccionoaxaca.com\/index.php\/wp-json\/wp\/v2\/comments?post=14937"}],"version-history":[{"count":1,"href":"https:\/\/redaccionoaxaca.com\/index.php\/wp-json\/wp\/v2\/posts\/14937\/revisions"}],"predecessor-version":[{"id":14943,"href":"https:\/\/redaccionoaxaca.com\/index.php\/wp-json\/wp\/v2\/posts\/14937\/revisions\/14943"}],"wp:attachment":[{"href":"https:\/\/redaccionoaxaca.com\/index.php\/wp-json\/wp\/v2\/media?parent=14937"}],"wp:term":[{"taxonomy":"category","embeddable":true,"href":"https:\/\/redaccionoaxaca.com\/index.php\/wp-json\/wp\/v2\/categories?post=14937"},{"taxonomy":"post_tag","embeddable":true,"href":"https:\/\/redaccionoaxaca.com\/index.php\/wp-json\/wp\/v2\/tags?post=14937"}],"curies":[{"name":"wp","href":"https:\/\/api.w.org\/{rel}","templated":true}]}}