{"id":14953,"date":"2020-10-27T09:04:18","date_gmt":"2020-10-27T15:04:18","guid":{"rendered":"http:\/\/redaccionoaxaca.com\/?p=14953"},"modified":"2020-10-27T09:04:18","modified_gmt":"2020-10-27T15:04:18","slug":"en-san-lazaro-piden-al-ieepo-pagar-salarios-congelados-a-profesoras-y-profesores-de-oaxaca","status":"publish","type":"post","link":"https:\/\/redaccionoaxaca.com\/index.php\/2020\/10\/27\/en-san-lazaro-piden-al-ieepo-pagar-salarios-congelados-a-profesoras-y-profesores-de-oaxaca\/","title":{"rendered":"En San Lazaro, piden al IEEPO pagar salarios  congelados a profesoras y profesores de Oaxaca."},"content":{"rendered":"<p><strong>#Redacci\u00f3nOaxaca<\/strong><\/p>\n<p><strong>#Oaxaca<\/strong><\/p>\n<p><strong>Jaime GUERRERO<\/strong><\/p>\n<p style=\"text-align: justify;\">La diputada Norma Azucena Rodr\u00edguez Zamora (PRD) exhort\u00f3 al Instituto Estatal de Educaci\u00f3n P\u00fablica de Oaxaca (IEEPO) para que pague inmediatamente los salarios de las y los profesores de la Zona Escolar 092 que contin\u00faan trabajando sin recibir sueldo alguno desde hace un a\u00f1o.<\/p>\n<p style=\"text-align: justify;\">En un comunicado, denunci\u00f3 que dicha retenci\u00f3n es una medida administrativa violatoria de los derechos humanos e ilegal, por lo que urge una soluci\u00f3n a esta problem\u00e1tica que vulnera los derechos y libertades laborales de las y los trabajadores, quienes no pueden ejercer libre y plenamente su profesi\u00f3n.<\/p>\n<p style=\"text-align: justify;\">Detall\u00f3 que de acuerdo con el Expediente Zona Escolar No. 092 H.CD., de Tlaxiaco, Oaxaca, 2020, el IEEPO ha retenido el salario durante un a\u00f1o de los profesores Jes\u00fas Gonz\u00e1lez Mart\u00ednez Monjar\u00e1s, supervisor de la zona escolar 092, as\u00ed como del personal docente del Jard\u00edn de Ni\u00f1os \u201cFrancisco I. Madero\u201d: las profesoras Noem\u00ed Rosas Cruz, Maribel Zoraida P\u00e9rez P\u00e9rez y Angelina Teresa Lazo Aquino, desde la quincena 20\/2019 y 16\/2019 respectivamente, aun cuando las y los docentes contin\u00faan laborando tal como lo marca el calendario escolar sin recibir su salario.<\/p>\n<p style=\"text-align: justify;\">La legisladora destac\u00f3 que la Defensor\u00eda de los Derechos Humanos de los Pueblos de Oaxaca emiti\u00f3 algunas recomendaciones al IEEPO para que se procediera de inmediato a realizar el dep\u00f3sito de la quincena 20\/2018 y subsecuentes del profesor Jes\u00fas Gonz\u00e1lez Mart\u00ednez Monjar\u00e1s; y relativo a dictar medidas cautelares y solicitar informes solicitando el cese de acoso y hostigamiento laboral y respetar sus derechos laborales de las trabajadoras Noem\u00ed Rosas Cruz, Maribel Zoraida P\u00e9rez P\u00e9rez y Angelina Teresa Lazo Aquino.<\/p>\n<p style=\"text-align: justify;\">\u201cSe debe garantizar un m\u00ednimo vital para tener una vida digna en favor de los maestros y maestras que, sin percibir dicho salario, contin\u00faan llevando a cabo las actividades docentes apegadas al Modelo de la Nueva Escuela Mexicana, laborando de acuerdo a los d\u00edas que marca el calendario escolar y atendiendo comunidades ind\u00edgenas de alta marginaci\u00f3n de la Regi\u00f3n Mixteca del Estado de Oaxaca\u201d.<\/p>\n<p style=\"text-align: justify;\">La perredista demand\u00f3 al IEEPO una pronta respuesta para que las y los afectados tengan una soluci\u00f3n favorable y puedan continuar con el ejercicio de su profesi\u00f3n en beneficio de la ni\u00f1ez oaxaque\u00f1a<\/p>\n","protected":false},"excerpt":{"rendered":"<p>#Redacci\u00f3nOaxaca #Oaxaca Jaime GUERRERO La diputada Norma Azucena Rodr\u00edguez Zamora (PRD) exhort\u00f3 al Instituto Estatal de Educaci\u00f3n P\u00fablica de Oaxaca (IEEPO) para que pague inmediatamente los salarios de las y los profesores de la Zona Escolar 092 que contin\u00faan trabajando sin recibir sueldo alguno desde hace un a\u00f1o. En un comunicado, denunci\u00f3 que dicha retenci\u00f3n [&hellip;]<\/p>\n","protected":false},"author":9,"featured_media":0,"comment_status":"open","ping_status":"open","sticky":false,"template":"","format":"standard","meta":{"jetpack_post_was_ever_published":false,"_jetpack_newsletter_access":"","_jetpack_dont_email_post_to_subs":false,"_jetpack_newsletter_tier_id":0,"_jetpack_memberships_contains_paywalled_content":false,"_jetpack_memberships_contains_paid_content":false,"footnotes":"","jetpack_publicize_message":"","jetpack_publicize_feature_enabled":true,"jetpack_social_post_already_shared":false,"jetpack_social_options":{"image_generator_settings":{"template":"highway","default_image_id":0,"font":"","enabled":false},"version":2}},"categories":[4,7,3,6,1],"tags":[],"class_list":{"0":"post-14953","1":"post","2":"type-post","3":"status-publish","4":"format-standard","6":"category-agenda-politica","7":"category-al-cierre","8":"category-mesa-de-redaccion","9":"category-tendencias","10":"category-uncategorized"},"jetpack_publicize_connections":[],"jetpack_featured_media_url":"","jetpack_sharing_enabled":true,"jetpack_shortlink":"https:\/\/wp.me\/p9Ynjw-3Tb","jetpack-related-posts":[{"id":19943,"url":"https:\/\/redaccionoaxaca.com\/index.php\/2021\/08\/10\/realiza-ieepo-entrega-de-incentivos-de-reconocimiento-al-desempeno-docente\/","url_meta":{"origin":14953,"position":0},"title":"Realiza IEEPO entrega de Incentivos de \u201cReconocimiento al Desempe\u00f1o Docente\u201d.","author":"ariadna","date":"agosto 10, 2021","format":false,"excerpt":"#Redacci\u00f3nOaxaca #Oaxaca Con apego a los protocolos y medidas sanitarias decretadas, el director general del Instituto Estatal de Educaci\u00f3n P\u00fablica de Oaxaca (#IEEPO), Francisco \u00c1ngel Villarreal, inici\u00f3 la entrega de incentivos del programa Reconocimiento al Desempe\u00f1o Docente (REDES-SEP), del per\u00edodo enero-agosto, por un monto total de aproximadamente 35 millones de\u2026","rel":"","context":"En &quot;Agenda Pol\u00edtica&quot;","block_context":{"text":"Agenda Pol\u00edtica","link":"https:\/\/redaccionoaxaca.com\/index.php\/category\/agenda-politica\/"},"img":{"alt_text":"","src":"","width":0,"height":0},"classes":[]},{"id":7604,"url":"https:\/\/redaccionoaxaca.com\/index.php\/2019\/07\/15\/escuelas-no-deben-condicionar-inscripcion-de-alumnos-con-pago-de-cuotas-si-autoridad-escolar-niegan-servicios-educativos-pueden-presentar-denuncias\/","url_meta":{"origin":14953,"position":1},"title":"Escuelas no deben condicionar inscripci\u00f3n de alumnos con pago de cuotas;\u00a0  si autoridad escolar niegan servicios educativos, pueden presentar denuncias.","author":"jaime","date":"julio 15, 2019","format":false,"excerpt":"#Redacci\u00f3nOaxaca #Oaxaca Jaime GUERRERO\u00a0 El Instituto Estatal de Educaci\u00f3n P\u00fablica de Oaxaca (IEEPO), exhort\u00f3 a las escuelas p\u00fablicas de Nivel B\u00e1sico en la entidad, para que se garantice la inscripci\u00f3n y permanencia de las y los alumnos en los planteles, sin condicionamiento alguno. El director del Instituto, Francisco \u00c1ngel Villarreal,\u2026","rel":"","context":"Entrada similar ","block_context":{"text":"Entrada similar ","link":""},"img":{"alt_text":"","src":"","width":0,"height":0},"classes":[]},{"id":27642,"url":"https:\/\/redaccionoaxaca.com\/index.php\/2022\/09\/04\/regresara-a-clases-presenciales-escuela-espana-la-proxima-semana\/","url_meta":{"origin":14953,"position":2},"title":"Regresar\u00e1 a clases presenciales escuela Espa\u00f1a la pr\u00f3xima semana","author":"ariadna","date":"septiembre 4, 2022","format":false,"excerpt":"#Redacci\u00f3nOaxaca #Oaxaca \u00a0Maira Ric\u00e1rdez Luna A una semana de la manifestaci\u00f3n de inconformidad que madres y padres de familia realizaron a las afueras de la Escuela Primaria Espa\u00f1a, ubicada en la Col. Reforma de esta capital Oaxaque\u00f1a, este domingo tuvo lugar una nueva reuni\u00f3n entre directivo, profesores y padres y\u2026","rel":"","context":"En &quot;Mesa de Redacci\u00f3n&quot;","block_context":{"text":"Mesa de Redacci\u00f3n","link":"https:\/\/redaccionoaxaca.com\/index.php\/category\/mesa-de-redaccion\/"},"img":{"alt_text":"","src":"https:\/\/i0.wp.com\/redaccionoaxaca.com\/wp-content\/uploads\/2022\/09\/IMG-20220904-WA0025-236x300.jpg?resize=350%2C200&ssl=1","width":350,"height":200},"classes":[]},{"id":16480,"url":"https:\/\/redaccionoaxaca.com\/index.php\/2021\/01\/27\/que-nos-deje-la-pandemia-listos-para-elaborar-nueva-ley-educativa-de-oaxaca-considerando-pteo-titular-del-ieepo\/","url_meta":{"origin":14953,"position":3},"title":"\u201cQue nos deje la pandemia\u201d, listos para elaborar nueva ley  educativa de Oaxaca considerando PTEO: titular del IEEPO.","author":"ariadna","date":"enero 27, 2021","format":false,"excerpt":"#Redacci\u00f3nOaxaca #Oaxaca Jaime GUERRERO El director del Instituto Estatal de educaci\u00f3n P\u00fablica de Oaxaca, Francisco \u00c1ngel Villarreal, anunci\u00f3 que el IEEPO, est\u00e1 listo para el proceso de elaboraci\u00f3n de la ley estatal de educaci\u00f3n, tomando en consideraci\u00f3n el Plan para la Transformaci\u00f3n de la Educaci\u00f3n de Oaxaca (PTEO) impulsado por\u2026","rel":"","context":"En &quot;Al Cierre&quot;","block_context":{"text":"Al Cierre","link":"https:\/\/redaccionoaxaca.com\/index.php\/category\/al-cierre\/"},"img":{"alt_text":"","src":"","width":0,"height":0},"classes":[]},{"id":40944,"url":"https:\/\/redaccionoaxaca.com\/index.php\/2026\/03\/12\/tres-alumnas-de-secundaria-en-oaxaca-presentan-presunta-intoxicacion-por-gomitas-ieepo-y-fiscalia-abren-investigaciones\/","url_meta":{"origin":14953,"position":4},"title":"Tres alumnas de secundaria en Oaxaca presentan presunta intoxicaci\u00f3n por \u201cgomitas\u201d; IEEPO y Fiscal\u00eda abren investigaciones","author":"ariadna","date":"marzo 12, 2026","format":false,"excerpt":"#Redacci\u00f3nOaxaca #Oaxaca #JaimeGUERRERO El Instituto Estatal de Educaci\u00f3n P\u00fablica de Oaxaca (IEEPO) y la Fiscal\u00eda General del Estado (FGEO) activaron protocolos de seguimiento tras la presunta intoxicaci\u00f3n de tres estudiantes de la Escuela Secundaria T\u00e9cnica 139, ubicada en las inmediaciones del fraccionamiento El Rosario, ocurrida este martes. Personal de la\u2026","rel":"","context":"En &quot;Imagen&quot;","block_context":{"text":"Imagen","link":"https:\/\/redaccionoaxaca.com\/index.php\/category\/imagen\/"},"img":{"alt_text":"","src":"https:\/\/i0.wp.com\/redaccionoaxaca.com\/wp-content\/uploads\/2026\/03\/FOTO5.jpg.webp?fit=800%2C550&ssl=1&resize=350%2C200","width":350,"height":200,"srcset":"https:\/\/i0.wp.com\/redaccionoaxaca.com\/wp-content\/uploads\/2026\/03\/FOTO5.jpg.webp?fit=800%2C550&ssl=1&resize=350%2C200 1x, https:\/\/i0.wp.com\/redaccionoaxaca.com\/wp-content\/uploads\/2026\/03\/FOTO5.jpg.webp?fit=800%2C550&ssl=1&resize=525%2C300 1.5x, https:\/\/i0.wp.com\/redaccionoaxaca.com\/wp-content\/uploads\/2026\/03\/FOTO5.jpg.webp?fit=800%2C550&ssl=1&resize=700%2C400 2x"},"classes":[]},{"id":34002,"url":"https:\/\/redaccionoaxaca.com\/index.php\/2024\/10\/20\/informa-ieepo-suspension-de-clases-en-la-sierra-norte\/","url_meta":{"origin":14953,"position":5},"title":"Informa IEEPO suspensi\u00f3n de clases en la Sierra Norte","author":"ariadna","date":"octubre 20, 2024","format":false,"excerpt":"#Redacci\u00f3nOaxaca #Oaxaca Por las fuertes lluvias en la zona, el Instituto llama a tomar medidas preventivas para seguridad de la comunidad escolar Oaxaca de Ju\u00e1rez, Oax. 20 de Octubre de 2024.- Por recomendaci\u00f3n del Consejo Estatal de Protecci\u00f3n Civil y Gesti\u00f3n de Riesgos, ante las condiciones climatol\u00f3gicas que se presentan\u2026","rel":"","context":"En &quot;Al Cierre&quot;","block_context":{"text":"Al Cierre","link":"https:\/\/redaccionoaxaca.com\/index.php\/category\/al-cierre\/"},"img":{"alt_text":"","src":"","width":0,"height":0},"classes":[]}],"_links":{"self":[{"href":"https:\/\/redaccionoaxaca.com\/index.php\/wp-json\/wp\/v2\/posts\/14953","targetHints":{"allow":["GET"]}}],"collection":[{"href":"https:\/\/redaccionoaxaca.com\/index.php\/wp-json\/wp\/v2\/posts"}],"about":[{"href":"https:\/\/redaccionoaxaca.com\/index.php\/wp-json\/wp\/v2\/types\/post"}],"author":[{"embeddable":true,"href":"https:\/\/redaccionoaxaca.com\/index.php\/wp-json\/wp\/v2\/users\/9"}],"replies":[{"embeddable":true,"href":"https:\/\/redaccionoaxaca.com\/index.php\/wp-json\/wp\/v2\/comments?post=14953"}],"version-history":[{"count":1,"href":"https:\/\/redaccionoaxaca.com\/index.php\/wp-json\/wp\/v2\/posts\/14953\/revisions"}],"predecessor-version":[{"id":14955,"href":"https:\/\/redaccionoaxaca.com\/index.php\/wp-json\/wp\/v2\/posts\/14953\/revisions\/14955"}],"wp:attachment":[{"href":"https:\/\/redaccionoaxaca.com\/index.php\/wp-json\/wp\/v2\/media?parent=14953"}],"wp:term":[{"taxonomy":"category","embeddable":true,"href":"https:\/\/redaccionoaxaca.com\/index.php\/wp-json\/wp\/v2\/categories?post=14953"},{"taxonomy":"post_tag","embeddable":true,"href":"https:\/\/redaccionoaxaca.com\/index.php\/wp-json\/wp\/v2\/tags?post=14953"}],"curies":[{"name":"wp","href":"https:\/\/api.w.org\/{rel}","templated":true}]}}