{"id":14956,"date":"2020-10-27T12:45:01","date_gmt":"2020-10-27T18:45:01","guid":{"rendered":"http:\/\/redaccionoaxaca.com\/?p=14956"},"modified":"2020-10-27T12:47:18","modified_gmt":"2020-10-27T18:47:18","slug":"habitantes-de-san-martin-peras-protestaron-en-la-delegacion-del-instituto-nacional-de-pueblos-indigenas-inpi-por-incumplimiento-del-director-general-adelfo-regino-montes-en-la-pavimentacion-de-un-t","status":"publish","type":"post","link":"https:\/\/redaccionoaxaca.com\/index.php\/2020\/10\/27\/habitantes-de-san-martin-peras-protestaron-en-la-delegacion-del-instituto-nacional-de-pueblos-indigenas-inpi-por-incumplimiento-del-director-general-adelfo-regino-montes-en-la-pavimentacion-de-un-t\/","title":{"rendered":"Habitantes de San Mart\u00edn Peras protestaron en la delegaci\u00f3n del Instituto Nacional de Pueblos Ind\u00edgenas (INPI) por incumplimiento del director general, Adelfo Regino Montes en la pavimentaci\u00f3n de un tramo carretero.\u00a0"},"content":{"rendered":"<p><strong>#Redacci\u00f3nOaxaca<\/strong><\/p>\n<p><strong>#Oaxaca<\/strong><\/p>\n<p style=\"text-align: justify;\"><strong>Sayra Cruz<\/strong><\/p>\n<p style=\"text-align: justify;\">Los pobladores de este municipio de la regi\u00f3n Mixteca, se\u00f1alaron que en su visita del 18 de enero pasado a este municipio, el presidente de la Rep\u00fablica, Andr\u00e9s Manuel L\u00f3pez Obrador prometi\u00f3 diversos apoyos.<\/p>\n<p style=\"text-align: justify;\">Entre esos, la pavimentaci\u00f3n de la carretera que comunica a San Mart\u00edn Peras con San Francisco Tlalpanzingo y que dar\u00eda acceso a la poblaci\u00f3n al hospital de Tamazola.<\/p>\n<p style=\"text-align: justify;\">Este compromiso fue asumido, por el representante nacional del INPI, el oaxaque\u00f1o, Adelfo Regino Montes, quien supuestamente, dar\u00eda seguimiento al proyecto.<\/p>\n<p style=\"text-align: justify;\">No obstante, despu\u00e9s de ese evento de hace 8 meses en Santos Reyes Yucuna, no hab tenido otro acercamiento con las autoridades ni avance en alguna de las obras,\u00a0 mencion\u00f3 Brasil Gonzalo Ortiz, de San Mart\u00edn Peras.<\/p>\n<p style=\"text-align: justify;\">Lo que piden es una pavimentaci\u00f3n\u00a0 de 30 kil\u00f3metros que beneficiar\u00e1 a 16 municipios del distrito de Juxtlahuaca, Silacayoapam y Huajuapan.<\/p>\n<p style=\"text-align: justify;\">Tambi\u00e9n, hasta estas oficinas en la colonia Reforma, llegaron habitantes de Valle Nacional quienes reclamaron la falta de cumplimiento en obras de pavimentaci\u00f3n comprometidos por el gobierno federal.<\/p>\n<p style=\"text-align: justify;\">Los manifestante bloquearon Heroico Colegio Militar frente a las oficinas del INPI en Oaxaca.<\/p>\n","protected":false},"excerpt":{"rendered":"<p>#Redacci\u00f3nOaxaca #Oaxaca Sayra Cruz Los pobladores de este municipio de la regi\u00f3n Mixteca, se\u00f1alaron que en su visita del 18 de enero pasado a este municipio, el presidente de la Rep\u00fablica, Andr\u00e9s Manuel L\u00f3pez Obrador prometi\u00f3 diversos apoyos. Entre esos, la pavimentaci\u00f3n de la carretera que comunica a San Mart\u00edn Peras con San Francisco Tlalpanzingo [&hellip;]<\/p>\n","protected":false},"author":9,"featured_media":0,"comment_status":"open","ping_status":"open","sticky":false,"template":"","format":"standard","meta":{"jetpack_post_was_ever_published":false,"_jetpack_newsletter_access":"","_jetpack_dont_email_post_to_subs":false,"_jetpack_newsletter_tier_id":0,"_jetpack_memberships_contains_paywalled_content":false,"_jetpack_memberships_contains_paid_content":false,"footnotes":"","jetpack_publicize_message":"","jetpack_publicize_feature_enabled":true,"jetpack_social_post_already_shared":false,"jetpack_social_options":{"image_generator_settings":{"template":"highway","default_image_id":0,"font":"","enabled":false},"version":2}},"categories":[4,7,5,3,6,1],"tags":[],"class_list":{"0":"post-14956","1":"post","2":"type-post","3":"status-publish","4":"format-standard","6":"category-agenda-politica","7":"category-al-cierre","8":"category-imagen","9":"category-mesa-de-redaccion","10":"category-tendencias","11":"category-uncategorized"},"jetpack_publicize_connections":[],"jetpack_featured_media_url":"","jetpack_sharing_enabled":true,"jetpack_shortlink":"https:\/\/wp.me\/p9Ynjw-3Te","jetpack-related-posts":[{"id":23606,"url":"https:\/\/redaccionoaxaca.com\/index.php\/2022\/01\/24\/oaxaca-crisol-pluricultural-demandaba-este-convenio-de-trabajo-coinciden-municipe-neri-y-director-nacional-del-inpi-adelfo-regino\/","url_meta":{"origin":14956,"position":0},"title":"VIDEO: Oaxaca crisol pluricultural demandaba este convenio de trabajo, coinciden Mun\u00edcipe Neri y Director Nacional del INPI Adelfo Regino.","author":"ariadna","date":"enero 24, 2022","format":"video","excerpt":"#Redacci\u00f3nOaxaca #Oaxaca Maira Ric\u00e1rdez En el marco del D\u00eda Internacional de la Educaci\u00f3n, el Presidente Municipal de Oaxaca de Ju\u00e1rez Francisco Mart\u00ednez Neri, firm\u00f3 un convenio de colaboraci\u00f3n con el Instituto Nacional de Pueblos Ind\u00edgenas (INPI), donde el alcalde subray\u00f3 la val\u00eda de la pluriculturalidad que concentra esta ciudad y\u2026","rel":"","context":"En &quot;Agenda Pol\u00edtica&quot;","block_context":{"text":"Agenda Pol\u00edtica","link":"https:\/\/redaccionoaxaca.com\/index.php\/category\/agenda-politica\/"},"img":{"alt_text":"","src":"","width":0,"height":0},"classes":[]},{"id":28223,"url":"https:\/\/redaccionoaxaca.com\/index.php\/2022\/10\/10\/trabajadores-se-manifiestan-contra-responsable-del-inpi-en-ayutla-mixe-informan-que-lo-han-denunciado-ante-sfp\/","url_meta":{"origin":14956,"position":1},"title":"Trabajadores se manifiestan contra responsable del INPI en Ayutla  Mixe, informan que lo han denunciado ante SFP","author":"ariadna","date":"octubre 10, 2022","format":false,"excerpt":"#Redacci\u00f3nOaxaca #Oaxaca Maira Ric\u00e1rdez El Sindicato Nacional de Trabajadores Indigenistas Secci\u00f3n 14, adheridos al Instituto Nacional de los Pueblos Ind\u00edgenas (INPI), denunciaron irregularidades en la sede de este organismo ubicado en Ayutla, Mixe. La Secretaria General, Florencia Reyes Negrete, dijo que en el INPI, impera el nepotismo, desv\u00edo de recursos,\u2026","rel":"","context":"En &quot;Agenda Pol\u00edtica&quot;","block_context":{"text":"Agenda Pol\u00edtica","link":"https:\/\/redaccionoaxaca.com\/index.php\/category\/agenda-politica\/"},"img":{"alt_text":"","src":"","width":0,"height":0},"classes":[]},{"id":19397,"url":"https:\/\/redaccionoaxaca.com\/index.php\/2021\/06\/02\/director-del-inpi-promueve-el-voto-vs-morena-orquesta-voto-a-favor-del-pt-en-oaxaca\/","url_meta":{"origin":14956,"position":2},"title":"Director del INPI, promueve el voto vs Morena;  orquesta voto a favor del PT en Oaxaca.","author":"ariadna","date":"junio 2, 2021","format":false,"excerpt":"#Redacci\u00f3nOaxaca #Oaxaca Jaime GUERRERO El director del Instituto Nacional de los Pueblos Ind\u00edgenas (#INPI), Adelfo Regino Montes, opera contra los candidatos y candidatas a presidentes municipales y locales, del Partido Movimiento de Regeneraci\u00f3n Nacional (#Morena) en la regi\u00f3n Mixe. A trav\u00e9s de uno de sus funcionarios cercanos, orquesta una campa\u00f1a\u2026","rel":"","context":"En &quot;Agenda Pol\u00edtica&quot;","block_context":{"text":"Agenda Pol\u00edtica","link":"https:\/\/redaccionoaxaca.com\/index.php\/category\/agenda-politica\/"},"img":{"alt_text":"","src":"","width":0,"height":0},"classes":[]},{"id":28510,"url":"https:\/\/redaccionoaxaca.com\/index.php\/2023\/03\/15\/san-juan-cotzocon-mixe-pide-se-respete-la-voluntad-del-pueblo-a-traves-de-las-25-asambleas-comunitarias-que-dieron-el-triunfo-contundente-a-martin-viveros-sanchez\/","url_meta":{"origin":14956,"position":3},"title":"San Juan Cotzoc\u00f3n, Mixe, pide se respete la voluntad del pueblo a trav\u00e9s de las 25 asambleas comunitarias, que dieron el triunfo contundente a Martin Viveros S\u00e1nchez","author":"ariadna","date":"marzo 15, 2023","format":false,"excerpt":"- La voluntad de la poblaci\u00f3n esta plasmada en la elecci\u00f3n del 13 de noviembre de 2022, a trav\u00e9s de las 25 asambleas comunitarias de manera simult\u00e1nea, quedan paz, concordia y prosperidad a la regi\u00f3n. - Piden a Adelfo Regino Mont\u00e9s titular del INPI y sus funcionarios federales, saquen las\u2026","rel":"","context":"En &quot;Agenda Pol\u00edtica&quot;","block_context":{"text":"Agenda Pol\u00edtica","link":"https:\/\/redaccionoaxaca.com\/index.php\/category\/agenda-politica\/"},"img":{"alt_text":"","src":"https:\/\/i0.wp.com\/redaccionoaxaca.com\/wp-content\/uploads\/2023\/03\/IMG-20230315-WA0095-300x197.jpg?resize=350%2C200&ssl=1","width":350,"height":200},"classes":[]},{"id":25115,"url":"https:\/\/redaccionoaxaca.com\/index.php\/2022\/04\/20\/firman-ieepco-e-inpi-convenio-de-colaboracion\/","url_meta":{"origin":14956,"position":4},"title":"Firman IEEPCO e INPI convenio de colaboraci\u00f3n .","author":"ariadna","date":"abril 20, 2022","format":false,"excerpt":"#Redacci\u00f3nOaxaca #Oaxaca Comunicado * Implementar\u00e1n proyecto dirigido a mujeres de municipios con Sistemas Normativos Ind\u00edgenas Con la intenci\u00f3n de contribuir en el reconocimiento de los derechos de los pueblos y comunidades ind\u00edgenas, el Instituto Estatal Electoral y de Participaci\u00f3n Ciudadana de Oaxaca (#IEEPCO) y el Instituto Nacional de Pueblos Ind\u00edgenas\u2026","rel":"","context":"En &quot;Agenda Pol\u00edtica&quot;","block_context":{"text":"Agenda Pol\u00edtica","link":"https:\/\/redaccionoaxaca.com\/index.php\/category\/agenda-politica\/"},"img":{"alt_text":"","src":"https:\/\/i0.wp.com\/redaccionoaxaca.com\/wp-content\/uploads\/2022\/04\/1-300x168.jpeg?resize=350%2C200&ssl=1","width":350,"height":200},"classes":[]},{"id":29601,"url":"https:\/\/redaccionoaxaca.com\/index.php\/2023\/11\/03\/familias-indigenas-damnificadas-por-el-huracan-otis-en-guerrero-reciben-paquetes-alimentarios-del-inpi\/","url_meta":{"origin":14956,"position":5},"title":"Familias ind\u00edgenas damnificadas por el hurac\u00e1n \u201cOtis\u201d en Guerrero, reciben paquetes alimentarios del INPI","author":"ariadna","date":"noviembre 3, 2023","format":false,"excerpt":"#Redcci\u00f3nOaxaca #Oaxaca *Gracias a la instalaci\u00f3n de centros de acopio en todo el pa\u00eds, se entregan m\u00e1s de 4.5 toneladas de v\u00edveres y apoyos INPI | Instituto Nacional de los Pueblos Ind\u00edgenas | 02 de noviembre de 2023 Para sumarse a las labores del gobierno de M\u00e9xico y en atenci\u00f3n\u2026","rel":"","context":"Entrada similar ","block_context":{"text":"Entrada similar ","link":""},"img":{"alt_text":"","src":"https:\/\/i0.wp.com\/redaccionoaxaca.com\/wp-content\/uploads\/2023\/11\/IMG-20231103-WA0031-300x225.jpg?resize=350%2C200&ssl=1","width":350,"height":200},"classes":[]}],"_links":{"self":[{"href":"https:\/\/redaccionoaxaca.com\/index.php\/wp-json\/wp\/v2\/posts\/14956","targetHints":{"allow":["GET"]}}],"collection":[{"href":"https:\/\/redaccionoaxaca.com\/index.php\/wp-json\/wp\/v2\/posts"}],"about":[{"href":"https:\/\/redaccionoaxaca.com\/index.php\/wp-json\/wp\/v2\/types\/post"}],"author":[{"embeddable":true,"href":"https:\/\/redaccionoaxaca.com\/index.php\/wp-json\/wp\/v2\/users\/9"}],"replies":[{"embeddable":true,"href":"https:\/\/redaccionoaxaca.com\/index.php\/wp-json\/wp\/v2\/comments?post=14956"}],"version-history":[{"count":2,"href":"https:\/\/redaccionoaxaca.com\/index.php\/wp-json\/wp\/v2\/posts\/14956\/revisions"}],"predecessor-version":[{"id":14960,"href":"https:\/\/redaccionoaxaca.com\/index.php\/wp-json\/wp\/v2\/posts\/14956\/revisions\/14960"}],"wp:attachment":[{"href":"https:\/\/redaccionoaxaca.com\/index.php\/wp-json\/wp\/v2\/media?parent=14956"}],"wp:term":[{"taxonomy":"category","embeddable":true,"href":"https:\/\/redaccionoaxaca.com\/index.php\/wp-json\/wp\/v2\/categories?post=14956"},{"taxonomy":"post_tag","embeddable":true,"href":"https:\/\/redaccionoaxaca.com\/index.php\/wp-json\/wp\/v2\/tags?post=14956"}],"curies":[{"name":"wp","href":"https:\/\/api.w.org\/{rel}","templated":true}]}}