{"id":15001,"date":"2020-10-29T13:21:33","date_gmt":"2020-10-29T19:21:33","guid":{"rendered":"http:\/\/redaccionoaxaca.com\/?p=15001"},"modified":"2020-10-29T13:21:33","modified_gmt":"2020-10-29T19:21:33","slug":"el-presidente-municipal-de-villa-sola-de-vega-esau-nunez-se-deslindo-de-promover-la-festividad-de-la-comunidad-de-rancho-viejo-como-se-ha-senalado-en-redes-sociales","status":"publish","type":"post","link":"https:\/\/redaccionoaxaca.com\/index.php\/2020\/10\/29\/el-presidente-municipal-de-villa-sola-de-vega-esau-nunez-se-deslindo-de-promover-la-festividad-de-la-comunidad-de-rancho-viejo-como-se-ha-senalado-en-redes-sociales\/","title":{"rendered":"El presidente municipal de Villa Sola de Vega, Esa\u00fa N\u00fa\u00f1ez se deslind\u00f3 de promover la festividad de la comunidad de Rancho Viejo, como se ha se\u00f1alado en redes sociales.\u00a0"},"content":{"rendered":"<p><strong>#Redacci\u00f3nOaxaca<\/strong><\/p>\n<p><strong>#Oaxaca<\/strong><\/p>\n<p><strong>Sayra Cruz<\/strong><\/p>\n<p style=\"text-align: justify;\">Dijo que la comunidad, que pertenece a este municipio, celebr\u00f3 su asamblea y determin\u00f3 realizar sus festejos para tener un momento de esparcimiento, en medio de un conflicto social que est\u00e1 pasando.<\/p>\n<p style=\"text-align: justify;\">De parte de la autoridad, asegur\u00f3 que no han dado permiso para ninguna actividad de festejo, es m\u00e1s se dijo estar\u00a0 dispuesto a ponerse a las \u00f3rdenes de las autoridades para frenar esta actividad.<\/p>\n<p style=\"text-align: justify;\">A\u00f1adi\u00f3 que este d\u00eda, acudi\u00f3 a la ciudad de Oaxaca para presentar los documentos que testifican que no autoriz\u00f3\u00a0 ninguna festividad.<\/p>\n<p style=\"text-align: justify;\">El presidente de Sola de Vega, Esa\u00fa N\u00fa\u00f1ez indic\u00f3 que a todas las autoridades auxiliares les gir\u00f3 oficios\u00a0 para hacerles del conocimiento que no se pueden realizar las actividades y de eso, cuenta con sus acuses.<\/p>\n<p style=\"text-align: justify;\">Atribuye a que la comunidad, la asamblea decidi\u00f3 realizar su fiesta. No la autoridad.<\/p>\n<p style=\"text-align: justify;\">El mun\u00edcipe extern\u00f3 que podr\u00edan cancelar la actividad que est\u00e1 programada para noviembre y para eso, estar\u00e1 en pl\u00e1ticas con el secretario general de Gobierno Francisco Garc\u00eda L\u00f3pez y la Secretar\u00eda de Salud.<\/p>\n","protected":false},"excerpt":{"rendered":"<p>#Redacci\u00f3nOaxaca #Oaxaca Sayra Cruz Dijo que la comunidad, que pertenece a este municipio, celebr\u00f3 su asamblea y determin\u00f3 realizar sus festejos para tener un momento de esparcimiento, en medio de un conflicto social que est\u00e1 pasando. De parte de la autoridad, asegur\u00f3 que no han dado permiso para ninguna actividad de festejo, es m\u00e1s se [&hellip;]<\/p>\n","protected":false},"author":9,"featured_media":0,"comment_status":"open","ping_status":"open","sticky":false,"template":"","format":"standard","meta":{"jetpack_post_was_ever_published":false,"_jetpack_newsletter_access":"","_jetpack_dont_email_post_to_subs":false,"_jetpack_newsletter_tier_id":0,"_jetpack_memberships_contains_paywalled_content":false,"_jetpack_memberships_contains_paid_content":false,"footnotes":"","jetpack_publicize_message":"","jetpack_publicize_feature_enabled":true,"jetpack_social_post_already_shared":false,"jetpack_social_options":{"image_generator_settings":{"template":"highway","default_image_id":0,"font":"","enabled":false},"version":2}},"categories":[4,7,5,3,6,1],"tags":[],"class_list":{"0":"post-15001","1":"post","2":"type-post","3":"status-publish","4":"format-standard","6":"category-agenda-politica","7":"category-al-cierre","8":"category-imagen","9":"category-mesa-de-redaccion","10":"category-tendencias","11":"category-uncategorized"},"jetpack_publicize_connections":[],"jetpack_featured_media_url":"","jetpack_sharing_enabled":true,"jetpack_shortlink":"https:\/\/wp.me\/p9Ynjw-3TX","jetpack-related-posts":[{"id":13263,"url":"https:\/\/redaccionoaxaca.com\/index.php\/2020\/07\/06\/se-desborda-rio-en-la-sierra-sur-confirmo-municipe-de-sola-de-vega-cosechas-anegadas-el-saldo-al-momento\/","url_meta":{"origin":15001,"position":0},"title":"Se desborda r\u00edo en la Sierra Sur confirm\u00f3 Mun\u00edcipe de Sola de Vega; cosechas anegadas, el saldo al momento.","author":"ariadna","date":"julio 6, 2020","format":false,"excerpt":"#Redacci\u00f3nOaxaca #Oaxaca Maira Ric\u00e1rdez El Presidente Municipal de Villa Sola de Vega, Esau N\u00fa\u00f1ez Calvo confirm\u00f3 que la madrugada de este lunes, debido a las intensas lluvias de la tarde noche de domingo y la madrugada de este lunes, el rio Sola se desbord\u00f3 y hay afectaciones en al menos\u2026","rel":"","context":"En &quot;Al Cierre&quot;","block_context":{"text":"Al Cierre","link":"https:\/\/redaccionoaxaca.com\/index.php\/category\/al-cierre\/"},"img":{"alt_text":"","src":"","width":0,"height":0},"classes":[]},{"id":12213,"url":"https:\/\/redaccionoaxaca.com\/index.php\/2020\/05\/07\/desplazados-de-sola-de-vega-retienen-a-edil-bloquean-carretera-para-exigir-retorno-a-sus-casas-y-alto-a-violencia-de-san-vicente-coatlan\/","url_meta":{"origin":15001,"position":1},"title":"VIDEO: Desplazados de Sola de Vega, retienen a edil, bloquean carretera para exigir retorn\u00f3 a sus casas y alto a violencia de San Vicente Coatl\u00e1n.","author":"ariadna","date":"mayo 7, 2020","format":"video","excerpt":"#Redacci\u00f3nOaxaca #Oaxaca Jaime GUERRERO Mientras habitantes de comunidades de Villa Sola de Vega, instalaron un bloqueo sobre la carretera federal Oaxaca-Puerto Escondido, para exigir al gobernador Alejandro Murat Hinojosa, la soluci\u00f3n al despojo de tierras del que son objeto, el Presidente Municipal de esa poblaci\u00f3n, Esa\u00fa Nu\u00f1ez Calvo, fue retenido\u2026","rel":"","context":"En &quot;Agenda Pol\u00edtica&quot;","block_context":{"text":"Agenda Pol\u00edtica","link":"https:\/\/redaccionoaxaca.com\/index.php\/category\/agenda-politica\/"},"img":{"alt_text":"","src":"","width":0,"height":0},"classes":[]},{"id":16612,"url":"https:\/\/redaccionoaxaca.com\/index.php\/2021\/02\/02\/tras-azuzar-linchamiento-a-edil-de-sola-de-vega-regidores-amagan-con-colapsar-con-bloqueos-en-oaxaca-si-no-es-destituido\/","url_meta":{"origin":15001,"position":2},"title":"Tras azuzar linchamiento a edil de Sola de Vega, regidores,  amagan con colapsar con bloqueos en Oaxaca, si no es destituido","author":"ariadna","date":"febrero 2, 2021","format":"video","excerpt":"#Redacci\u00f3nOaxaca #Oaxaca Jaime GUERRERO Luego de promover el linchamiento del edil de Sola de Vega, Eza\u00fa N\u00fa\u00f1ez, azuzando a pobladores, regidores de ese ayuntamiento, arribaron a la sede del Congreso del Estado, amagando con tomar la sede del Poder Legislativo e instituciones de Gobierno, si no aprueban la destituci\u00f3n del\u2026","rel":"","context":"En &quot;Agenda Pol\u00edtica&quot;","block_context":{"text":"Agenda Pol\u00edtica","link":"https:\/\/redaccionoaxaca.com\/index.php\/category\/agenda-politica\/"},"img":{"alt_text":"","src":"","width":0,"height":0},"classes":[]},{"id":28900,"url":"https:\/\/redaccionoaxaca.com\/index.php\/2023\/05\/14\/intromision-e-irresponsabilidad-de-ong-provoca-violencia-en-santiago-ixtayutla-oaxaca\/","url_meta":{"origin":15001,"position":3},"title":"Intromisi\u00f3n e irresponsabilidad de ONG provoca violencia en Santiago Ixtayutla, Oaxaca","author":"ariadna","date":"mayo 14, 2023","format":false,"excerpt":"#Redacci\u00f3nOaxaca #Oaxaca Jaime GUERRERO La irresponsabilidad e intromisi\u00f3n de la Organizaci\u00f3n No Gubernamental (ONG), EDUCA, provoc\u00f3 que habitantes de Santa Cruz Zenzontepec, Oaxaca atacaran personas en San Lucas Atoyaquillo, municipio de Santiago #Ixtayutla. Sin aval de autoridades y de forma unilateral, EDUCA contrato a t\u00e9cnicos para realizar labores t\u00e9cnicas agrarias.\u2026","rel":"","context":"En &quot;Agenda Pol\u00edtica&quot;","block_context":{"text":"Agenda Pol\u00edtica","link":"https:\/\/redaccionoaxaca.com\/index.php\/category\/agenda-politica\/"},"img":{"alt_text":"","src":"","width":0,"height":0},"classes":[]},{"id":29813,"url":"https:\/\/redaccionoaxaca.com\/index.php\/2023\/11\/28\/gobernador-de-oaxaca-atribuye-violentas-protestas-y-agresiones-a-ciudadania-a-tiempos-electorales-no-caeremos-en-provocaciones-no-usara-fuerza-publica\/","url_meta":{"origin":15001,"position":4},"title":"Gobernador de Oaxaca, atribuye violentas protestas y agresiones a ciudadan\u00eda  a \u201ctiempos electorales\u201d; \u201cno caeremos en provocaciones\u201d no usar\u00e1 fuerza p\u00fablica","author":"ariadna","date":"noviembre 28, 2023","format":false,"excerpt":"#Redacci\u00f3nOaxaca #Oaxaca Jaime GUERRERO El Gobernador del Estado, Salom\u00f3n Jara Cruz, atribuy\u00f3 la protesta violenta y agresiones de pobladores y autoridades de Santo Domingo Teojomulco, Santa Mar\u00eda Sola de Vega y San Francisco Sola de Vega de la Sierra Sur de Oaxaca, a la ciudadan\u00eda y trabajadoras del Gobierno del\u2026","rel":"","context":"En &quot;Agenda Pol\u00edtica&quot;","block_context":{"text":"Agenda Pol\u00edtica","link":"https:\/\/redaccionoaxaca.com\/index.php\/category\/agenda-politica\/"},"img":{"alt_text":"","src":"","width":0,"height":0},"classes":[]},{"id":19754,"url":"https:\/\/redaccionoaxaca.com\/index.php\/2021\/06\/12\/amlo-y-amh-se-comprometen-a-trabajar-juntos-para-construir-la-paz-entre-las-comunidades\/","url_meta":{"origin":15001,"position":5},"title":"AMLO y AMH se comprometen a trabajar juntos para construir la paz entre las comunidades.","author":"ariadna","date":"junio 12, 2021","format":"video","excerpt":"#Redacci\u00f3nOaxaca #Oaxaca A petici\u00f3n de los pobladores de San Vicente Coatl\u00e1n, el presidente Andr\u00e9s Manuel L\u00f3pez Obrador y el gobernador Alejandro Murat Hinojosa acudieron a la comunidad para convivir y dialogar con autoridades y habitantes, siendo el primer Mandatario de M\u00e9xico y del Estado que visitan este municipio. En este\u2026","rel":"","context":"En &quot;Agenda Pol\u00edtica&quot;","block_context":{"text":"Agenda Pol\u00edtica","link":"https:\/\/redaccionoaxaca.com\/index.php\/category\/agenda-politica\/"},"img":{"alt_text":"","src":"https:\/\/i0.wp.com\/redaccionoaxaca.com\/wp-content\/uploads\/2021\/06\/IMG-20210612-WA0063-300x225.jpg?resize=350%2C200&ssl=1","width":350,"height":200},"classes":[]}],"_links":{"self":[{"href":"https:\/\/redaccionoaxaca.com\/index.php\/wp-json\/wp\/v2\/posts\/15001","targetHints":{"allow":["GET"]}}],"collection":[{"href":"https:\/\/redaccionoaxaca.com\/index.php\/wp-json\/wp\/v2\/posts"}],"about":[{"href":"https:\/\/redaccionoaxaca.com\/index.php\/wp-json\/wp\/v2\/types\/post"}],"author":[{"embeddable":true,"href":"https:\/\/redaccionoaxaca.com\/index.php\/wp-json\/wp\/v2\/users\/9"}],"replies":[{"embeddable":true,"href":"https:\/\/redaccionoaxaca.com\/index.php\/wp-json\/wp\/v2\/comments?post=15001"}],"version-history":[{"count":1,"href":"https:\/\/redaccionoaxaca.com\/index.php\/wp-json\/wp\/v2\/posts\/15001\/revisions"}],"predecessor-version":[{"id":15003,"href":"https:\/\/redaccionoaxaca.com\/index.php\/wp-json\/wp\/v2\/posts\/15001\/revisions\/15003"}],"wp:attachment":[{"href":"https:\/\/redaccionoaxaca.com\/index.php\/wp-json\/wp\/v2\/media?parent=15001"}],"wp:term":[{"taxonomy":"category","embeddable":true,"href":"https:\/\/redaccionoaxaca.com\/index.php\/wp-json\/wp\/v2\/categories?post=15001"},{"taxonomy":"post_tag","embeddable":true,"href":"https:\/\/redaccionoaxaca.com\/index.php\/wp-json\/wp\/v2\/tags?post=15001"}],"curies":[{"name":"wp","href":"https:\/\/api.w.org\/{rel}","templated":true}]}}