{"id":15149,"date":"2020-11-10T18:50:43","date_gmt":"2020-11-11T00:50:43","guid":{"rendered":"http:\/\/redaccionoaxaca.com\/?p=15149"},"modified":"2020-11-10T18:50:43","modified_gmt":"2020-11-11T00:50:43","slug":"la-internacional-mon-laferte-viajo-a-oaxaca-para-grabar-con-las-mujeres-del-viento-florido-en-tlahuitoltepec-mixes","status":"publish","type":"post","link":"https:\/\/redaccionoaxaca.com\/index.php\/2020\/11\/10\/la-internacional-mon-laferte-viajo-a-oaxaca-para-grabar-con-las-mujeres-del-viento-florido-en-tlahuitoltepec-mixes\/","title":{"rendered":"La internacional Mon Laferte viaj\u00f3 a Oaxaca para grabar con las mujeres del \u201cViento Florido\u201d en Tlahuitoltepec Mixes."},"content":{"rendered":"<p><strong>#Redacci\u00f3nOaxaca<\/strong><\/p>\n<p><strong>#Oaxaca<\/strong><\/p>\n<p><strong>Maira Ric\u00e1rdez<\/strong><\/p>\n<p style=\"text-align: justify;\">Como una experiencia de un bello aprendizaje, calific\u00f3 la Directora de la Banda Musical Femenil de origen Mixe, Leticia Gallardo Mart\u00ednez, la reciente visita de la cantante internacional Mon Laferte a Tlahuitoltepec Mixes, donde se encontr\u00f3 con las integrantes de esta agrupaci\u00f3n para fundir talentos, ella con su voz, las mujeres del viento florido con la magistral interpretaci\u00f3n de sus instrumentos.<\/p>\n<p><img data-recalc-dims=\"1\" loading=\"lazy\" decoding=\"async\" class=\"alignnone size-medium wp-image-15150\" src=\"https:\/\/i0.wp.com\/redaccionoaxaca.com\/wp-content\/uploads\/2020\/11\/IMG-20201110-WA0059-300x201.jpg?resize=300%2C201\" alt=\"\" width=\"300\" height=\"201\" \/>\u00a0<img data-recalc-dims=\"1\" loading=\"lazy\" decoding=\"async\" class=\"alignnone size-medium wp-image-15151\" src=\"https:\/\/i0.wp.com\/redaccionoaxaca.com\/wp-content\/uploads\/2020\/11\/IMG-20201110-WA0064-300x201.jpg?resize=300%2C201\" alt=\"\" width=\"300\" height=\"201\" \/><\/p>\n<p style=\"text-align: justify;\">Laferte vive en Tepoztl\u00e1n, poblado ubicado al Sur de la Cd de M\u00e9xico, donde esta banda de viento se present\u00f3 a finales del 2019, ah\u00ed las escucho y a un a\u00f1o el representante musical de la artista afin\u00f3 el encuentro en lo alto de la zona Mixe.<\/p>\n<p style=\"text-align: justify;\">En este encuentro que llen\u00f3 de algarab\u00eda a las integrantes de la banda, j\u00f3venes de los 14 a\u00f1os en adelante, que gustan del estilo interpretativo de Mon, se grab\u00f3 una colaboraci\u00f3n que la cantante dar\u00e1 a conocer de manera exclusiva en pr\u00f3ximas fechas; siempre es un aprendizaje subray\u00f3 la Maestra Gallardo, y por supuesto un gusto que la m\u00fasica que se produce en Oaxaca obtenga el reconocimiento en distintos foros y espacios de M\u00e9xico y el mundo.<\/p>\n<p style=\"text-align: justify;\">Como Directora de la agrupaci\u00f3n reconoci\u00f3 que no cuenta con la infraestructura ni los recursos para poder hacer estos enlaces con artistas de gran prestigio, son ellos los que los han buscado como consecuencia de la trayectoria de la banda, conformada conviene recordar, por solo mujeres, originarias en su mayor\u00eda de las Mixes, pero tambi\u00e9n de origen Istme\u00f1o, Mixtecas, entre otras., y as\u00ed como lleg\u00f3 Laferte este domingo en su momento ha estado grabando con ella Lila Downs, la artista Oaxaque\u00f1a de trayectoria internacional.<\/p>\n<p style=\"text-align: justify;\">Las j\u00f3venes m\u00fasicas se manifestaron muy emocionadas dijo la Directora, por el momento no grabaron ning\u00fan video con la canta autora pero si un tema para su disco; circunstancia de gran soporte reconoci\u00f3, toda vez que por el momento actual de pandemia, el total de presentaciones y conciertos de la banda est\u00e1n canceladas, ante lo cual es muy grato saber que a partir de su trabajo musical pueden llegar a personas de todas las edades y sitios en diversas partes del mundo.<\/p>\n<p><img data-recalc-dims=\"1\" loading=\"lazy\" decoding=\"async\" class=\"alignnone size-medium wp-image-15152\" src=\"https:\/\/i0.wp.com\/redaccionoaxaca.com\/wp-content\/uploads\/2020\/11\/IMG-20201110-WA0066-300x201.jpg?resize=300%2C201\" alt=\"\" width=\"300\" height=\"201\" \/>\u00a0<img data-recalc-dims=\"1\" loading=\"lazy\" decoding=\"async\" class=\"alignnone size-medium wp-image-15153\" src=\"https:\/\/i0.wp.com\/redaccionoaxaca.com\/wp-content\/uploads\/2020\/11\/IMG-20201110-WA0058-300x200.jpg?resize=300%2C200\" alt=\"\" width=\"300\" height=\"200\" \/><\/p>\n","protected":false},"excerpt":{"rendered":"<p>#Redacci\u00f3nOaxaca #Oaxaca Maira Ric\u00e1rdez Como una experiencia de un bello aprendizaje, calific\u00f3 la Directora de la Banda Musical Femenil de origen Mixe, Leticia Gallardo Mart\u00ednez, la reciente visita de la cantante internacional Mon Laferte a Tlahuitoltepec Mixes, donde se encontr\u00f3 con las integrantes de esta agrupaci\u00f3n para fundir talentos, ella con su voz, las mujeres [&hellip;]<\/p>\n","protected":false},"author":9,"featured_media":0,"comment_status":"open","ping_status":"open","sticky":false,"template":"","format":"standard","meta":{"jetpack_post_was_ever_published":false,"_jetpack_newsletter_access":"","_jetpack_dont_email_post_to_subs":false,"_jetpack_newsletter_tier_id":0,"_jetpack_memberships_contains_paywalled_content":false,"_jetpack_memberships_contains_paid_content":false,"footnotes":"","jetpack_publicize_message":"","jetpack_publicize_feature_enabled":true,"jetpack_social_post_already_shared":false,"jetpack_social_options":{"image_generator_settings":{"template":"highway","default_image_id":0,"font":"","enabled":false},"version":2}},"categories":[7,5,3,6,1],"tags":[],"class_list":{"0":"post-15149","1":"post","2":"type-post","3":"status-publish","4":"format-standard","6":"category-al-cierre","7":"category-imagen","8":"category-mesa-de-redaccion","9":"category-tendencias","10":"category-uncategorized"},"jetpack_publicize_connections":[],"jetpack_featured_media_url":"","jetpack_sharing_enabled":true,"jetpack_shortlink":"https:\/\/wp.me\/p9Ynjw-3Wl","jetpack-related-posts":[{"id":5693,"url":"https:\/\/redaccionoaxaca.com\/index.php\/2019\/03\/08\/mujeres-con-multiroles-de-comunidades-indigenas-sobresalen-en-el-arte-musical-es-el-caso-de-las-mujeres-del-viento-florido\/","url_meta":{"origin":15149,"position":0},"title":"Mujeres con multiroles de comunidades ind\u00edgenas sobresalen en el arte musical, es el caso de las Mujeres del Viento Florido.","author":"jaime","date":"marzo 8, 2019","format":false,"excerpt":"#Redacci\u00f3nOaxaca #Oaxaca Maira Ric\u00e1rdez Mujeres del Viento Florido es una banda originaria de Santa Maria Tlahuitoltepec Mixe, que como caracter\u00edstica particular est\u00e1 conformada solamente por mujeres, ni\u00f1as y adolescentes en su mayor\u00eda, actualmente suman 23 que tarde a tarde, despu\u00e9s de la escuela y las labores asignadas en casa, se\u2026","rel":"","context":"Entrada similar ","block_context":{"text":"Entrada similar ","link":""},"img":{"alt_text":"","src":"https:\/\/i0.wp.com\/redaccionoaxaca.com\/wp-content\/uploads\/2019\/03\/IMG-20190308-WA0070-300x200.jpg?resize=350%2C200","width":350,"height":200},"classes":[]},{"id":12111,"url":"https:\/\/redaccionoaxaca.com\/index.php\/2020\/05\/01\/mujeres-del-viento-florido-liberan-su-musica-en-plataformas-digitales-para-llevar-mensaje-de-esperanza-al-mundo\/","url_meta":{"origin":15149,"position":1},"title":"Mujeres del Viento Florido liberan su m\u00fasica en plataformas digitales para llevar mensaje de esperanza al mundo.","author":"ariadna","date":"mayo 1, 2020","format":false,"excerpt":"#Redacci\u00f3nOaxaca #Oaxaca Maira Ric\u00e1rdez En tiempos dif\u00edciles para todos con motivo de la contingencia por covid19, la Mujeres del Viento Florido originarias de Santa Maria Tahuitoltepec regi\u00f3n Mixe, buscan mantenerse activas en este periodo y con la liberaci\u00f3n de sus notas musicales enviar un mensaje de alegr\u00eda al mundo; para\u2026","rel":"","context":"En &quot;Mesa de Redacci\u00f3n&quot;","block_context":{"text":"Mesa de Redacci\u00f3n","link":"https:\/\/redaccionoaxaca.com\/index.php\/category\/mesa-de-redaccion\/"},"img":{"alt_text":"","src":"","width":0,"height":0},"classes":[]},{"id":24418,"url":"https:\/\/redaccionoaxaca.com\/index.php\/2022\/03\/08\/con-cancion-sin-miedo-mujeres-del-viento-florido-y-vivir-quintana-exigen-un-alto-a-la-feminicida-en-oaxaca\/","url_meta":{"origin":15149,"position":2},"title":"Con \u201cCanci\u00f3n sin miedo\u201d, Mujeres del Viento Florido   y Vivir Quintana exigen un alto a la feminicida en Oaxaca.","author":"ariadna","date":"marzo 8, 2022","format":false,"excerpt":"#Redacci\u00f3nOaxaca #Oaxaca Jaime GUERRERO Con arreglos en banda tradicional, letra en mixe y nombres que dan rostro a las v\u00edctimas de feminicidio en Oaxaca, la Banda Femenil Regional Mujeres del Viento Florido y la cantautora Vivir Quintana, a trav\u00e9s de Canci\u00f3n Sin Miedo, exigieron un alto a la violencia feminicida\u2026","rel":"","context":"En &quot;Al Cierre&quot;","block_context":{"text":"Al Cierre","link":"https:\/\/redaccionoaxaca.com\/index.php\/category\/al-cierre\/"},"img":{"alt_text":"","src":"","width":0,"height":0},"classes":[]},{"id":41358,"url":"https:\/\/redaccionoaxaca.com\/index.php\/2026\/04\/07\/diputada-del-pt-propone-fortalecer-a-bandas-filarmonicas-de-oaxaca-como-patrimonio-cultural-vivo\/","url_meta":{"origin":15149,"position":3},"title":"Diputada del PT propone fortalecer a bandas filarm\u00f3nicas de Oaxaca como patrimonio cultural vivo","author":"ariadna","date":"abril 7, 2026","format":false,"excerpt":"#Redacci\u00f3nOaxaca #Oaxaca #JaimeGUERRERO La diputada del Partido del Trabajo, Irma Pineda Santiago, present\u00f3 un punto de acuerdo para respaldar a la Banda de M\u00fasica del Estado y a las agrupaciones filarm\u00f3nicas comunitarias, al considerar que enfrentan condiciones adversas pese a su relevancia en la identidad cultural de la entidad. Durante\u2026","rel":"","context":"Entrada similar ","block_context":{"text":"Entrada similar ","link":""},"img":{"alt_text":"","src":"https:\/\/i0.wp.com\/redaccionoaxaca.com\/wp-content\/uploads\/2026\/04\/13-6-1-scaled.jpg?fit=1200%2C662&ssl=1&resize=350%2C200","width":350,"height":200,"srcset":"https:\/\/i0.wp.com\/redaccionoaxaca.com\/wp-content\/uploads\/2026\/04\/13-6-1-scaled.jpg?fit=1200%2C662&ssl=1&resize=350%2C200 1x, https:\/\/i0.wp.com\/redaccionoaxaca.com\/wp-content\/uploads\/2026\/04\/13-6-1-scaled.jpg?fit=1200%2C662&ssl=1&resize=525%2C300 1.5x, https:\/\/i0.wp.com\/redaccionoaxaca.com\/wp-content\/uploads\/2026\/04\/13-6-1-scaled.jpg?fit=1200%2C662&ssl=1&resize=700%2C400 2x, https:\/\/i0.wp.com\/redaccionoaxaca.com\/wp-content\/uploads\/2026\/04\/13-6-1-scaled.jpg?fit=1200%2C662&ssl=1&resize=1050%2C600 3x"},"classes":[]},{"id":41233,"url":"https:\/\/redaccionoaxaca.com\/index.php\/2026\/03\/30\/detienen-a-mujer-responsable-del-feminicidio-de-la-profesora-mixe-que-fue-sepultada-ayer-en-tlahuitoltepec\/","url_meta":{"origin":15149,"position":4},"title":"Detienen a mujer responsable del feminicidio de la profesora mixe que fue sepultada ayer en Tlahuitoltepec","author":"ariadna","date":"marzo 30, 2026","format":false,"excerpt":"#Redacci\u00f3nOaxaca #Oaxaca #JaimeGUERRERO Un d\u00eda despu\u00e9s de que la comunidad ayuujk despidiera entre l\u00e1grimas a la maestra biling\u00fce Reina Garc\u00eda Gonz\u00e1lez en Santa Mar\u00eda Tlahuitoltepec, la Fiscal\u00eda General del Estado de Oaxaca (FGEO) anunci\u00f3 este lunes la detenci\u00f3n de una mujer identificada con las iniciales A.D.R.L., se\u00f1alada como presunta responsable\u2026","rel":"","context":"En &quot;Agenda Pol\u00edtica&quot;","block_context":{"text":"Agenda Pol\u00edtica","link":"https:\/\/redaccionoaxaca.com\/index.php\/category\/agenda-politica\/"},"img":{"alt_text":"","src":"https:\/\/i0.wp.com\/redaccionoaxaca.com\/wp-content\/uploads\/2026\/03\/InShot_20260330_095145422.jpg?fit=1200%2C744&ssl=1&resize=350%2C200","width":350,"height":200,"srcset":"https:\/\/i0.wp.com\/redaccionoaxaca.com\/wp-content\/uploads\/2026\/03\/InShot_20260330_095145422.jpg?fit=1200%2C744&ssl=1&resize=350%2C200 1x, https:\/\/i0.wp.com\/redaccionoaxaca.com\/wp-content\/uploads\/2026\/03\/InShot_20260330_095145422.jpg?fit=1200%2C744&ssl=1&resize=525%2C300 1.5x, https:\/\/i0.wp.com\/redaccionoaxaca.com\/wp-content\/uploads\/2026\/03\/InShot_20260330_095145422.jpg?fit=1200%2C744&ssl=1&resize=700%2C400 2x, https:\/\/i0.wp.com\/redaccionoaxaca.com\/wp-content\/uploads\/2026\/03\/InShot_20260330_095145422.jpg?fit=1200%2C744&ssl=1&resize=1050%2C600 3x"},"classes":[]},{"id":33105,"url":"https:\/\/redaccionoaxaca.com\/index.php\/2024\/08\/27\/declaran-como-patrimonio-cultural-de-oaxaca-a-trajes-regionales-de-santa-maria-tlahuitoltepec\/","url_meta":{"origin":15149,"position":5},"title":"Declaran como patrimonio cultural de Oaxaca a trajes regionales de Santa Mar\u00eda Tlahuitoltepec","author":"ariadna","date":"agosto 27, 2024","format":false,"excerpt":"#Redacci\u00f3nOaxaca #Oaxaca \u2022 Se reconoce a las t\u00e9cnicas, conocimientos e iconograf\u00eda utilizados en la elaboraci\u00f3n de la indumentaria. San Raymundo Jalpan, Oax. 26 de agosto de 2024.- Con 34 votos a favor, el Pleno de la LXV Legislatura local declar\u00f3 como patrimonio cultural tangible e intangible de Oaxaca, a los\u2026","rel":"","context":"En &quot;Imagen&quot;","block_context":{"text":"Imagen","link":"https:\/\/redaccionoaxaca.com\/index.php\/category\/imagen\/"},"img":{"alt_text":"","src":"https:\/\/i0.wp.com\/redaccionoaxaca.com\/wp-content\/uploads\/2024\/08\/Screenshot_20240827-073741_Facebook-300x175.jpg?resize=350%2C200&ssl=1","width":350,"height":200},"classes":[]}],"_links":{"self":[{"href":"https:\/\/redaccionoaxaca.com\/index.php\/wp-json\/wp\/v2\/posts\/15149","targetHints":{"allow":["GET"]}}],"collection":[{"href":"https:\/\/redaccionoaxaca.com\/index.php\/wp-json\/wp\/v2\/posts"}],"about":[{"href":"https:\/\/redaccionoaxaca.com\/index.php\/wp-json\/wp\/v2\/types\/post"}],"author":[{"embeddable":true,"href":"https:\/\/redaccionoaxaca.com\/index.php\/wp-json\/wp\/v2\/users\/9"}],"replies":[{"embeddable":true,"href":"https:\/\/redaccionoaxaca.com\/index.php\/wp-json\/wp\/v2\/comments?post=15149"}],"version-history":[{"count":1,"href":"https:\/\/redaccionoaxaca.com\/index.php\/wp-json\/wp\/v2\/posts\/15149\/revisions"}],"predecessor-version":[{"id":15154,"href":"https:\/\/redaccionoaxaca.com\/index.php\/wp-json\/wp\/v2\/posts\/15149\/revisions\/15154"}],"wp:attachment":[{"href":"https:\/\/redaccionoaxaca.com\/index.php\/wp-json\/wp\/v2\/media?parent=15149"}],"wp:term":[{"taxonomy":"category","embeddable":true,"href":"https:\/\/redaccionoaxaca.com\/index.php\/wp-json\/wp\/v2\/categories?post=15149"},{"taxonomy":"post_tag","embeddable":true,"href":"https:\/\/redaccionoaxaca.com\/index.php\/wp-json\/wp\/v2\/tags?post=15149"}],"curies":[{"name":"wp","href":"https:\/\/api.w.org\/{rel}","templated":true}]}}