{"id":15155,"date":"2020-11-10T18:54:47","date_gmt":"2020-11-11T00:54:47","guid":{"rendered":"http:\/\/redaccionoaxaca.com\/?p=15155"},"modified":"2020-11-10T18:54:47","modified_gmt":"2020-11-11T00:54:47","slug":"fotografo-oaxaqueno-trasciende-fronteras-a-traves-de-su-obra-quiero-ser-mas-que-el-fotografo-muxhe-de-la-comunidad-muxhe","status":"publish","type":"post","link":"https:\/\/redaccionoaxaca.com\/index.php\/2020\/11\/10\/fotografo-oaxaqueno-trasciende-fronteras-a-traves-de-su-obra-quiero-ser-mas-que-el-fotografo-muxhe-de-la-comunidad-muxhe\/","title":{"rendered":"Fot\u00f3grafo Oaxaque\u00f1o trasciende fronteras a trav\u00e9s de su obra; \u201cquiero ser m\u00e1s que el fot\u00f3grafo Muxhe de la comunidad Muxhe\u201d."},"content":{"rendered":"<p><strong>#Redacci\u00f3nOaxaca<\/strong><\/p>\n<p><strong>#Oaxaca<\/strong><\/p>\n<p><strong>Maira Ric\u00e1rdez <\/strong><\/p>\n<p><em><strong>*Recientemente gan\u00f3 el premio del concurso Ruso \u201cCenter Stage Family\u201d por su serie \u201cI Am The Queen\u201d, ha publicado 2 fotolibros.<\/strong><\/em><\/p>\n<p style=\"text-align: justify;\"><em>\u201cNo solo quiero ser el fot\u00f3grafo Muxhe de la comunidad Muxhe<\/em>\u201d, suelta Nels\u00f3n Morales, nacido en Uni\u00f3n Hidalgo en el Istmo de Tehuantepec, y de ah\u00ed su internacionalizaci\u00f3n inici\u00f3; estudi\u00f3 en su pueblo natal hasta la preparatoria, despu\u00e9s viaj\u00f3 a la ciudad de Oaxaca a estudiar Ciencias de la Comunicaci\u00f3n., desde su primer encuentro con la c\u00e1mara la conexi\u00f3n fue autom\u00e1tica relata para Oro Divisi\u00f3n Noticias, tiene cerca de 10 a\u00f1os practicando esta arte y sus reconocimientos y premios se cuentan ya por decenas.<\/p>\n<p style=\"text-align: justify;\">Perteneciente a la comunidad Muxhe, como se denomina en el Istmo al g\u00e9nero que define a una persona nacida hombre pero que asume y act\u00faa bajo roles femeninos, ha centrado sus trabajos al tema de la diversidad sexual, su premio m\u00e1s reciente: el primer premio del concurso en Mosc\u00fa Rusia \u201cCenter Stage Family\u201d por su serie \u201cI Am The Queen\u201d (Soy la reina), Premio que le valdr\u00e1 la publicaci\u00f3n internacional de un libro de 1mil ejemplares hac\u00eda el 2021.<\/p>\n<p style=\"text-align: justify;\">Nels\u00f3n se reconoce Muxhe con toda seguridad, y se\u00f1ala que el trabajo de este \u00faltimo premio se inspira en la ilusi\u00f3n de todo muxhe por ser la reyna, por ser la m\u00e1s bonita, y m\u00e1s all\u00e1 de todo, los ideales de lograr ser quien quieres ser.<\/p>\n<p style=\"text-align: justify;\">Este no es su primer premio internacional destaca, siempre est\u00e1 pendiente de las convocatorias de fotograf\u00eda en el mundo, antes fue el Pride Photo Award 2019 que tuvo como tema la Diversidad sexual (LGBT) y g\u00e9nero. Im\u00e1genes no estereotipadas de g\u00e9nero, masculinidad y feminidad, la diversidad de la comunidad LGBT y que llev\u00f3 a Nels\u00f3n a Amsterdan a encabezar la semana inaugural de la exposici\u00f3n y recibir la condecoraci\u00f3n del triunfo.<\/p>\n<p style=\"text-align: justify;\">Otro de sus trabajos fue portada de la revista de la edici\u00f3n noviembre diciembre In Magazine en Toronto Canad\u00e1, parte de sus obras se han expuesto ya en Nueva York, en Par\u00eds, Espa\u00f1a, Malasia, Colombia, Alemania, Portugal, Estados Unidos, Brasil, Pa\u00edses Bajos, Uruguay, Costa Rica, Canad\u00e1, Argentina, India, Singapur, Grecia, Francia y la Cd de M\u00e9xico donde radica actualmente.<\/p>\n<p style=\"text-align: justify;\">En su calidad de profesional ha publicado dos foto libros: el primero: \u201cMusas Muxe\u201d proyecto que inici\u00f3 hace diez a\u00f1os cuando comenz\u00f3 a fotografiar su cultura en el istmo. En ese periodo ya sab\u00eda sobre su orientaci\u00f3n sexual distinta, pero rechazaba a\u00fan la idea de convertirse en una Muxe., su segundo fotolibro: \u201cFantastic Woman\u201d o mujer fant\u00e1stica, que se centra en un personaje americano, un militar estadounidense que a los 65 a\u00f1os descubri\u00f3 su orientaci\u00f3n sexual femenina y a los 70 a\u00f1os se hizo la operaci\u00f3n transgenero; cuando la pandemia lo permita afirm\u00f3, seguir\u00e1 recorriendo y explorando su potencial como fot\u00f3grafo, por el mundo., siempre con el objetivo insisti\u00f3, de trascender.<\/p>\n","protected":false},"excerpt":{"rendered":"<p>#Redacci\u00f3nOaxaca #Oaxaca Maira Ric\u00e1rdez *Recientemente gan\u00f3 el premio del concurso Ruso \u201cCenter Stage Family\u201d por su serie \u201cI Am The Queen\u201d, ha publicado 2 fotolibros. \u201cNo solo quiero ser el fot\u00f3grafo Muxhe de la comunidad Muxhe\u201d, suelta Nels\u00f3n Morales, nacido en Uni\u00f3n Hidalgo en el Istmo de Tehuantepec, y de ah\u00ed su internacionalizaci\u00f3n inici\u00f3; estudi\u00f3 [&hellip;]<\/p>\n","protected":false},"author":9,"featured_media":0,"comment_status":"open","ping_status":"open","sticky":false,"template":"","format":"standard","meta":{"jetpack_post_was_ever_published":false,"_jetpack_newsletter_access":"","_jetpack_dont_email_post_to_subs":false,"_jetpack_newsletter_tier_id":0,"_jetpack_memberships_contains_paywalled_content":false,"_jetpack_memberships_contains_paid_content":false,"footnotes":"","jetpack_publicize_message":"","jetpack_publicize_feature_enabled":true,"jetpack_social_post_already_shared":false,"jetpack_social_options":{"image_generator_settings":{"template":"highway","default_image_id":0,"font":"","enabled":false},"version":2}},"categories":[7,3,6,1],"tags":[],"class_list":{"0":"post-15155","1":"post","2":"type-post","3":"status-publish","4":"format-standard","6":"category-al-cierre","7":"category-mesa-de-redaccion","8":"category-tendencias","9":"category-uncategorized"},"jetpack_publicize_connections":[],"jetpack_featured_media_url":"","jetpack_sharing_enabled":true,"jetpack_shortlink":"https:\/\/wp.me\/p9Ynjw-3Wr","jetpack-related-posts":[{"id":32745,"url":"https:\/\/redaccionoaxaca.com\/index.php\/2024\/07\/23\/no-habia-excusa-para-protestar-ya-se-habia-dialogado-hubo-saludo-y-abrazo-gobernador-de-oaxaca-tras-reclamo-de-cineasta-en-la-guelaguetza-investigaran-agresion-a-fotografo\/","url_meta":{"origin":15155,"position":0},"title":"No hab\u00eda excusa para protestar, ya se hab\u00eda dialogado, hubo saludo y abrazo: Gobernador de Oaxaca, tras reclamo de cineasta en la Guelaguetza; investigar\u00e1n agresi\u00f3n a fot\u00f3grafo","author":"ariadna","date":"julio 23, 2024","format":false,"excerpt":"#Redacci\u00f3nOaxaca #Oaxaca Jaime GUERRERO Al salir al paso de las cr\u00edticas en su contra, el Gobernador del Estado, Salom\u00f3n Jara Cruz, revel\u00f3 -con videos- que si sostuvo acuerdo con la cineasta, \u00c1ngeles Cruz, -para reunirse con ella-, minutos antes de que protestara durante la primera edici\u00f3n de la Guelaguetza, por\u2026","rel":"","context":"En &quot;Imagen&quot;","block_context":{"text":"Imagen","link":"https:\/\/redaccionoaxaca.com\/index.php\/category\/imagen\/"},"img":{"alt_text":"","src":"","width":0,"height":0},"classes":[]},{"id":30748,"url":"https:\/\/redaccionoaxaca.com\/index.php\/2024\/03\/04\/candidata-a-diputada-de-morena-no-puede-iniciar-campana-no-comprueba-a-ine-vinculo-con-comunidad-indigena-de-tuxtepec-oaxaca\/","url_meta":{"origin":15155,"position":1},"title":"Candidata a diputada de Morena, no puede iniciar campa\u00f1a; no  comprueba a INE, v\u00ednculo con comunidad ind\u00edgena de Tuxtepec, Oaxaca","author":"ariadna","date":"marzo 4, 2024","format":false,"excerpt":"#Redacci\u00f3nOaxaca #Oaxaca Jaime GUERRERO La diputada local, ex presidenta de la mesa directiva del Congreso del Estado y ex militante del Partido del Trabajo (PT), Miriam de Los \u00c1ngeles V\u00e1zquez Ruiz, fue postulada como candidata a diputada federal por Morena en la Coalici\u00f3n Sigamos Haciendo Historia en distrito I de\u2026","rel":"","context":"En &quot;Agenda Pol\u00edtica&quot;","block_context":{"text":"Agenda Pol\u00edtica","link":"https:\/\/redaccionoaxaca.com\/index.php\/category\/agenda-politica\/"},"img":{"alt_text":"","src":"","width":0,"height":0},"classes":[]},{"id":6657,"url":"https:\/\/redaccionoaxaca.com\/index.php\/2019\/05\/06\/arzobispo-pide-perdon-por-quienes-danaron-a-al-comunidad-catolica\/","url_meta":{"origin":15155,"position":2},"title":"Arzobispo pide perd\u00f3n por quienes da\u00f1aron a al comunidad cat\u00f3lica.","author":"gaby","date":"mayo 6, 2019","format":false,"excerpt":"#Redacci\u00f3nOaxaca #Oaxaca Ante el d\u00e9ficit de unos cien sacerdotes en la Arquidi\u00f3cesis de Antequera, el arzobispo Pedro V\u00e1zquez Villalobos pidi\u00f3 perd\u00f3n por todos aquellos que han da\u00f1ado a la comunidad cat\u00f3lica y han desmotivado a los j\u00f3venes a la vocaci\u00f3n sacerdotal. Ayer, se celebr\u00f3 la feria del Seminario Pontificio de\u2026","rel":"","context":"Entrada similar ","block_context":{"text":"Entrada similar ","link":""},"img":{"alt_text":"","src":"","width":0,"height":0},"classes":[]},{"id":30109,"url":"https:\/\/redaccionoaxaca.com\/index.php\/2024\/01\/10\/jess-mujer-trans-hace-historia-en-municipio-de-oaxaca-al-ser-electa-agenta-municipal-suplente\/","url_meta":{"origin":15155,"position":3},"title":"Jess, mujer trans hace historia en municipio de Oaxaca al ser electa agenta municipal suplente","author":"ariadna","date":"enero 10, 2024","format":false,"excerpt":"#Redacci\u00f3nOaxaca #Oaxaca Citlalli L\u00f3pez Vel\u00e1zquez Jesica Ortega, mujer trans hizo historia en el municipio de San Sebasti\u00e1n Abasolo, Oaxaca, al ser electa por sistemas normativos internos como agenta municipal suplente de Santa Rosa Buenavista. Jess, como es conocida, ser\u00eda la segunda persona de la comunidad LGBTTIQ+ en un cargo municipal\u2026","rel":"","context":"En &quot;Agenda Pol\u00edtica&quot;","block_context":{"text":"Agenda Pol\u00edtica","link":"https:\/\/redaccionoaxaca.com\/index.php\/category\/agenda-politica\/"},"img":{"alt_text":"","src":"","width":0,"height":0},"classes":[]},{"id":31842,"url":"https:\/\/redaccionoaxaca.com\/index.php\/2024\/05\/20\/abre-poder-judicial-de-oaxaca-las-puertas-a-las-juventudes-universitarias\/","url_meta":{"origin":15155,"position":4},"title":"Abre Poder Judicial de Oaxaca las puertas a las juventudes universitarias","author":"ariadna","date":"mayo 20, 2024","format":false,"excerpt":"#Redacci\u00f3nOaxaca #Oaxaca En su empe\u00f1o por contribuir en actividades que permitan vincular de manera directa a la comunidad estudiantil con el \u00e1mbito profesional y apoyar a grupos en situaci\u00f3n de vulnerabilidad, la titular del Poder Judicial del Estado, magistrada Berenice Ram\u00edrez Jim\u00e9nez firm\u00f3 un Convenio Marco de Colaboraci\u00f3n con el\u2026","rel":"","context":"En &quot;Agenda Pol\u00edtica&quot;","block_context":{"text":"Agenda Pol\u00edtica","link":"https:\/\/redaccionoaxaca.com\/index.php\/category\/agenda-politica\/"},"img":{"alt_text":"","src":"","width":0,"height":0},"classes":[]},{"id":30865,"url":"https:\/\/redaccionoaxaca.com\/index.php\/2024\/03\/13\/se-desiste-ine-y-aprueba-candidatura-a-diputada-plurinominal-de-maria-elena-rios-por-morena-postulada-por-la-cdmx\/","url_meta":{"origin":15155,"position":5},"title":"Se desiste INE y aprueba candidatura a diputada plurinominal de Mar\u00eda Elena R\u00edos por Morena, postulada por la CDMX","author":"ariadna","date":"marzo 13, 2024","format":false,"excerpt":"#Redacci\u00f3nOaxaca #Oaxaca Jaime GUERRERO Por mayor\u00eda de nueve votos a favor y dos en contra, el Consejo General del Instituto Nacional Electoral (INE), aprob\u00f3 el registro de la oaxaque\u00f1a, Mar\u00eda Elena R\u00edos Ortiz -v\u00edctima de intento de feminicidio con \u00e1cido- como candidata a diputada federal plurinominal suplente en el lugar\u2026","rel":"","context":"En &quot;Agenda Pol\u00edtica&quot;","block_context":{"text":"Agenda Pol\u00edtica","link":"https:\/\/redaccionoaxaca.com\/index.php\/category\/agenda-politica\/"},"img":{"alt_text":"","src":"","width":0,"height":0},"classes":[]}],"_links":{"self":[{"href":"https:\/\/redaccionoaxaca.com\/index.php\/wp-json\/wp\/v2\/posts\/15155","targetHints":{"allow":["GET"]}}],"collection":[{"href":"https:\/\/redaccionoaxaca.com\/index.php\/wp-json\/wp\/v2\/posts"}],"about":[{"href":"https:\/\/redaccionoaxaca.com\/index.php\/wp-json\/wp\/v2\/types\/post"}],"author":[{"embeddable":true,"href":"https:\/\/redaccionoaxaca.com\/index.php\/wp-json\/wp\/v2\/users\/9"}],"replies":[{"embeddable":true,"href":"https:\/\/redaccionoaxaca.com\/index.php\/wp-json\/wp\/v2\/comments?post=15155"}],"version-history":[{"count":1,"href":"https:\/\/redaccionoaxaca.com\/index.php\/wp-json\/wp\/v2\/posts\/15155\/revisions"}],"predecessor-version":[{"id":15157,"href":"https:\/\/redaccionoaxaca.com\/index.php\/wp-json\/wp\/v2\/posts\/15155\/revisions\/15157"}],"wp:attachment":[{"href":"https:\/\/redaccionoaxaca.com\/index.php\/wp-json\/wp\/v2\/media?parent=15155"}],"wp:term":[{"taxonomy":"category","embeddable":true,"href":"https:\/\/redaccionoaxaca.com\/index.php\/wp-json\/wp\/v2\/categories?post=15155"},{"taxonomy":"post_tag","embeddable":true,"href":"https:\/\/redaccionoaxaca.com\/index.php\/wp-json\/wp\/v2\/tags?post=15155"}],"curies":[{"name":"wp","href":"https:\/\/api.w.org\/{rel}","templated":true}]}}