{"id":15159,"date":"2020-11-10T18:59:50","date_gmt":"2020-11-11T00:59:50","guid":{"rendered":"http:\/\/redaccionoaxaca.com\/?p=15159"},"modified":"2020-11-10T18:59:50","modified_gmt":"2020-11-11T00:59:50","slug":"diputados-que-no-pertenecen-a-morena-presionan-para-negociar-candidaturas-y-posiciones-dividen-e-incurren-en-juego-sucio-cee","status":"publish","type":"post","link":"https:\/\/redaccionoaxaca.com\/index.php\/2020\/11\/10\/diputados-que-no-pertenecen-a-morena-presionan-para-negociar-candidaturas-y-posiciones-dividen-e-incurren-en-juego-sucio-cee\/","title":{"rendered":"Diputados que no pertenecen a Morena presionan para negociar  candidaturas y posiciones; dividen e incurren en juego sucio: CEE."},"content":{"rendered":"<p><strong>#Redacci\u00f3nOaxaca<\/strong><\/p>\n<p><strong>#Oaxaca<\/strong><\/p>\n<p><strong>Jaime GUERRERO<\/strong><\/p>\n<p style=\"text-align: justify;\">La dirigencia del Partido Movimiento de Regeneraci\u00f3n Nacional de Oaxaca, se\u00f1al\u00f3 que diputados federales y locales que fueron electos en la coalici\u00f3n Juntos Haremos Historia integrada por Morena-PT-PES, que fueron siglados como morenistas y hoy se han convertido en disidentes la dirigencia estatal y al bloque mayoritario en el Congreso del Estado, algunos de ellos no pertenecen a Morena, solo asumen una posici\u00f3n pol\u00edtica para presionar y negociar candidaturas y posiciones.<\/p>\n<p style=\"text-align: justify;\">En conferencia de prensa, el dirigente de Morena, Sesul Bola\u00f1os L\u00f3pez, lament\u00f3 que diputados federales como Armando Contreras Castillo; y los diputados locales, Pavel Mel\u00e9ndez Cruz, \u00c1ngel Dom\u00ednguez Escobar, Luis Alfonso Silva Romo, Oth\u00f3n Cuevas C\u00f3rdova, entre otros, se resisten a aceptar al nuevo comit\u00e9 ejecutivo estatal, generando estridencia medi\u00e1tica, debido a que no existe fundamento estatutario.<\/p>\n<p style=\"text-align: justify;\">Acompa\u00f1ado de Secretarios del Comit\u00e9 Ejecutivo Estatal, los representantes de ese instituto pol\u00edtico ante el INE, el IEEPCO, reiter\u00f3 que es el Consejo Estatal quien determina y elije a las uevas dirigencias.<\/p>\n<p style=\"text-align: justify;\">En el caso de Oaxaca, destac\u00f3 que se hizo el proceso interno por convocatoria reconocida por la comisi\u00f3n.<\/p>\n<p style=\"text-align: justify;\">Bola\u00f1os L\u00f3pez, afirm\u00f3 que legalmente el Instituto Estatal Electoral y de Participaci\u00f3n Ciudadana de Oaxaca, ya reconoci\u00f3 a la nueva dirigencia en base a sentencia de los \u00f3rganos jurisdiccionales.<\/p>\n<p style=\"text-align: justify;\">Hoy lo que asumen, critic\u00f3, es una posici\u00f3n pol\u00edtica, particularmente legisladores como Daniel Guti\u00e9rrez Guti\u00e9rrez que no son de Morena, son legalmente electos por el PES y proviene del PRD, solo que fueron siglados por Morena. Lo mismo, Silva Romo, quien proviene y ha sido candidato del PAN.<\/p>\n<p style=\"text-align: justify;\">\u201c<em>No todos son integrantes del Partido (Morena), lo que est\u00e1n haciendo y como no conocen los estatutos, quieren una negociaci\u00f3n a la vieja forma de hacer pol\u00edtica. Presionar medi\u00e1ticamente, entorpecer el proceso interno con la intenci\u00f3n de generar una mesa de negociaci\u00f3n<\/em>\u201d, asest\u00f3.<\/p>\n<p style=\"text-align: justify;\">En el caso del diputado federal Contreras Castillo, lament\u00f3 que pese a conocer los estatutos de Morena, incurre en necedad y se resiste por una posici\u00f3n pol\u00edtica. Lo mismo, el caso de Guti\u00e9rrez Guti\u00e9rrez, quien no esta afiliado a Morena y no compiti\u00f3 por la siglas de ese partido.<\/p>\n<p style=\"text-align: justify;\">Ese mismo caso es para diputado como Dom\u00ednguez Escobar, quien proven\u00eda del PRI; M\u00e9lendez Cruz del PRD y Silva Romo del PAN. \u201c<em>No conocen como es el proceso interno por eso van en esta serie de acciones y tropiezos\u201d,<\/em> asest\u00f3.<\/p>\n<p style=\"text-align: justify;\">Pese a ello, llam\u00f3 a la unidad de todos los actores. Asegur\u00f3 que para el nuevo Comit\u00e9 Directivo, ya qued\u00f3 zanjada a elecci\u00f3n del comit\u00e9 directivo de Morena, por ello, el siguiente paso es el proceso electoral.<\/p>\n<p style=\"text-align: justify;\"><em>\u201cLes hacemos el llamado a que se sumen y si tienen aspiraciones para participar que se sometan al proceso como todos los dem\u00e1s que lo har\u00e1n\u201d.<\/em><\/p>\n<p style=\"text-align: justify;\">Y es que dijo que al asumir esa posici\u00f3n dividen, incurren en juego sucio y confunden a la militancia. NO obstante, advirti\u00f3 que si no es por la v\u00eda del dialogo, recurrir\u00e1n a los \u00f3rganos internos de Morena para sancionar ese tipo de actitudes.<\/p>\n<p style=\"text-align: justify;\">\u201c<em>Asumen posiciones pol\u00edticas no estatutarias para negociar, pero en Morena no vamos a permitir la presi\u00f3n y chantaje. Quien quiera aspirar a una candidatura se tiene que formar como cualquier otro militante<\/em>\u201d, cerr\u00f3.<\/p>\n","protected":false},"excerpt":{"rendered":"<p>#Redacci\u00f3nOaxaca #Oaxaca Jaime GUERRERO La dirigencia del Partido Movimiento de Regeneraci\u00f3n Nacional de Oaxaca, se\u00f1al\u00f3 que diputados federales y locales que fueron electos en la coalici\u00f3n Juntos Haremos Historia integrada por Morena-PT-PES, que fueron siglados como morenistas y hoy se han convertido en disidentes la dirigencia estatal y al bloque mayoritario en el Congreso del [&hellip;]<\/p>\n","protected":false},"author":9,"featured_media":0,"comment_status":"open","ping_status":"open","sticky":false,"template":"","format":"standard","meta":{"jetpack_post_was_ever_published":false,"_jetpack_newsletter_access":"","_jetpack_dont_email_post_to_subs":false,"_jetpack_newsletter_tier_id":0,"_jetpack_memberships_contains_paywalled_content":false,"_jetpack_memberships_contains_paid_content":false,"footnotes":"","jetpack_publicize_message":"","jetpack_publicize_feature_enabled":true,"jetpack_social_post_already_shared":false,"jetpack_social_options":{"image_generator_settings":{"template":"highway","default_image_id":0,"font":"","enabled":false},"version":2}},"categories":[4,7,3,6,1],"tags":[],"class_list":{"0":"post-15159","1":"post","2":"type-post","3":"status-publish","4":"format-standard","6":"category-agenda-politica","7":"category-al-cierre","8":"category-mesa-de-redaccion","9":"category-tendencias","10":"category-uncategorized"},"jetpack_publicize_connections":[],"jetpack_featured_media_url":"","jetpack_sharing_enabled":true,"jetpack_shortlink":"https:\/\/wp.me\/p9Ynjw-3Wv","jetpack-related-posts":[{"id":30631,"url":"https:\/\/redaccionoaxaca.com\/index.php\/2024\/02\/22\/harp-va-pluri-al-senado-ex-lideres-de-la-s-22-pluris-diputados-y-la-sorpresa-rosy-castro-en-una-curul-afro-reservan-lugar-a-murat\/","url_meta":{"origin":15159,"position":0},"title":"Harp va pluri al Senado; ex l\u00edderes de la S-22 pluris diputados y la sorpresa Rosy Castro en una curul afro; \u00bf\u201creservan\u201d lugar a Murat?","author":"ariadna","date":"febrero 22, 2024","format":false,"excerpt":"#Redacci\u00f3nOaxaca #Oaxaca Jaime GUERRERO Otra vez. La madrugada de este jueves, la dirigencia nacional del partido Movimiento de Regeneraci\u00f3n Nacional (Morena), anunci\u00f3 sus lista de las candidaturas por la v\u00eda plurinominal al Senado de la Rep\u00fablica y a la c\u00e1mara de diputados federal, donde destaca la oaxaque\u00f1a, Susana Harp Iturribarr\u00eda\u2026","rel":"","context":"En &quot;Agenda Pol\u00edtica&quot;","block_context":{"text":"Agenda Pol\u00edtica","link":"https:\/\/redaccionoaxaca.com\/index.php\/category\/agenda-politica\/"},"img":{"alt_text":"","src":"https:\/\/i0.wp.com\/redaccionoaxaca.com\/wp-content\/uploads\/2024\/02\/IMG-20240222-WA0031-231x300.jpg?resize=350%2C200&ssl=1","width":350,"height":200},"classes":[]},{"id":13483,"url":"https:\/\/redaccionoaxaca.com\/index.php\/2020\/07\/20\/tribus-de-morena-se-sublevan-contra-dirigencia-interina-en-oaxaca\/","url_meta":{"origin":15159,"position":1},"title":"Tribus de Morena se sublevan contra dirigencia interina en Oaxaca.","author":"ariadna","date":"julio 20, 2020","format":false,"excerpt":"#Redacci\u00f3nOaxaca #Oaxaca Jaime GUERRERO Un grupo de diputados y diputadas federales y locales del Partido Movimiento de Regeneraci\u00f3n Nacional de Oaxaca, desacatan la opini\u00f3n de la Comisi\u00f3n Nacional de Honestidad y Justicia de Morena, al desconocer al Presidente Interino en la entidad y proclamaron a un diputado local -suspendido en\u2026","rel":"","context":"En &quot;Agenda Pol\u00edtica&quot;","block_context":{"text":"Agenda Pol\u00edtica","link":"https:\/\/redaccionoaxaca.com\/index.php\/category\/agenda-politica\/"},"img":{"alt_text":"","src":"","width":0,"height":0},"classes":[]},{"id":17834,"url":"https:\/\/redaccionoaxaca.com\/index.php\/2021\/03\/27\/confirma-dirigencia-candidaturas-a-diputaciones-de-morena-9-diputados-repiten-y-5-se-caen-definen-candidato-en-tuxtepec\/","url_meta":{"origin":15159,"position":2},"title":"Confirma dirigencia candidaturas a diputaciones de Morena;  9 diputados repiten y 5 se caen; definen candidato en Tuxtepec.","author":"ariadna","date":"marzo 27, 2021","format":false,"excerpt":"#Redacci\u00f3nOaxaca #Oaxaca Jaime GUERRERO La dirigencia del Partido de Movimiento de Regeneraci\u00f3n Nacional (Morena), confirm\u00f3 a sus candidatos y candidatas a diputados locales de mayor\u00eda que, postulara en el actual proceso electoral, entre los que destacan 9 actuales diputados y diputadas que van a la reelecci\u00f3n en el cargo, 5\u2026","rel":"","context":"En &quot;Agenda Pol\u00edtica&quot;","block_context":{"text":"Agenda Pol\u00edtica","link":"https:\/\/redaccionoaxaca.com\/index.php\/category\/agenda-politica\/"},"img":{"alt_text":"","src":"https:\/\/i0.wp.com\/redaccionoaxaca.com\/wp-content\/uploads\/2021\/03\/IMG-20210327-WA0003-251x300.jpg?resize=350%2C200","width":350,"height":200},"classes":[]},{"id":16984,"url":"https:\/\/redaccionoaxaca.com\/index.php\/2021\/02\/19\/video-entre-golpes-mario-delgado-se-reune-con-legisladores-de-oaxaca-que-buscan-reelegirse-afuera-aspirantes-orquestaron-trifulca\/","url_meta":{"origin":15159,"position":3},"title":"VIDEO: Entre golpes, Mario Delgado se re\u00fane con legisladores de  Oaxaca que buscan reelegirse; afuera aspirantes orquestaron trifulca","author":"ariadna","date":"febrero 19, 2021","format":"video","excerpt":"#Redacci\u00f3nOaxaca #Oaxaca Jaime GUERRERO En medio de golpes y empellones, Mario Delgado Carrillo, celebr\u00f3 una reuni\u00f3n con diputados, diputadas federales y locales -la mayor\u00eda aspirantes a reelegirse- para evaluar y delinear la ruta electoral que emprender\u00e1n para las elecciones federales y locales intermedias del pr\u00f3ximo 6 de junio. Al conclave,\u2026","rel":"","context":"En &quot;Agenda Pol\u00edtica&quot;","block_context":{"text":"Agenda Pol\u00edtica","link":"https:\/\/redaccionoaxaca.com\/index.php\/category\/agenda-politica\/"},"img":{"alt_text":"","src":"","width":0,"height":0},"classes":[]},{"id":17830,"url":"https:\/\/redaccionoaxaca.com\/index.php\/2021\/03\/26\/expulsaran-a-precandidatos-de-morena-que-se-registren-en-otros-partidos-politicos-para-ser-candidatos-anuncia-dirigencia\/","url_meta":{"origin":15159,"position":4},"title":"Expulsar\u00e1n a precandidatos de Morena que se registren en  otros partidos pol\u00edticos para ser candidatos, anuncia dirigencia.","author":"ariadna","date":"marzo 26, 2021","format":false,"excerpt":"#Redacci\u00f3nOaxaca #Oaxaca Jaime GUERRERO En la recta final de definici\u00f3n de candidatas y candidatos a diputados locales y concejal\u00edas, el dirigente del Partido Movimiento de Regeneraci\u00f3n Nacional (Morena), Sesul Bola\u00f1os L\u00f3pez, anunci\u00f3 que, a los precandidatas y precandidatos, as\u00ed como actuales ediles que no fueron favorecidos par ser nuevamente postulados\u2026","rel":"","context":"En &quot;Agenda Pol\u00edtica&quot;","block_context":{"text":"Agenda Pol\u00edtica","link":"https:\/\/redaccionoaxaca.com\/index.php\/category\/agenda-politica\/"},"img":{"alt_text":"","src":"","width":0,"height":0},"classes":[]},{"id":16367,"url":"https:\/\/redaccionoaxaca.com\/index.php\/2021\/01\/21\/candidaturas-comunes-el-reducto-del-pvem-en-las-municipales-en-diputaciones-federales-se-repartio-6-distritos-con-el-morena-pt-dos-cada-uno\/","url_meta":{"origin":15159,"position":5},"title":"Candidaturas comunes el reducto del PVEM en las municipales; en  diputaciones federales se reparti\u00f3 6 distritos con el Morena-PT, dos cada uno.","author":"ariadna","date":"enero 21, 2021","format":false,"excerpt":"#Redacci\u00f3nOaxaca #Oaxaca Jaime GUERRERO El Presidente del Comit\u00e9 Directivo Estatal del Partido Verde Ecologista de M\u00e9xico (PVEM), Jos\u00e9 Antonio Estefan Gillessen, abri\u00f3 la posibilidad de constituir candidaturas comunes con otras fuerzas pol\u00edticas para las elecciones de presidencias municipales. No obstante, en las elecciones de diputaciones federales, el Verde Ecologista si\u2026","rel":"","context":"En &quot;Agenda Pol\u00edtica&quot;","block_context":{"text":"Agenda Pol\u00edtica","link":"https:\/\/redaccionoaxaca.com\/index.php\/category\/agenda-politica\/"},"img":{"alt_text":"","src":"","width":0,"height":0},"classes":[]}],"_links":{"self":[{"href":"https:\/\/redaccionoaxaca.com\/index.php\/wp-json\/wp\/v2\/posts\/15159","targetHints":{"allow":["GET"]}}],"collection":[{"href":"https:\/\/redaccionoaxaca.com\/index.php\/wp-json\/wp\/v2\/posts"}],"about":[{"href":"https:\/\/redaccionoaxaca.com\/index.php\/wp-json\/wp\/v2\/types\/post"}],"author":[{"embeddable":true,"href":"https:\/\/redaccionoaxaca.com\/index.php\/wp-json\/wp\/v2\/users\/9"}],"replies":[{"embeddable":true,"href":"https:\/\/redaccionoaxaca.com\/index.php\/wp-json\/wp\/v2\/comments?post=15159"}],"version-history":[{"count":1,"href":"https:\/\/redaccionoaxaca.com\/index.php\/wp-json\/wp\/v2\/posts\/15159\/revisions"}],"predecessor-version":[{"id":15161,"href":"https:\/\/redaccionoaxaca.com\/index.php\/wp-json\/wp\/v2\/posts\/15159\/revisions\/15161"}],"wp:attachment":[{"href":"https:\/\/redaccionoaxaca.com\/index.php\/wp-json\/wp\/v2\/media?parent=15159"}],"wp:term":[{"taxonomy":"category","embeddable":true,"href":"https:\/\/redaccionoaxaca.com\/index.php\/wp-json\/wp\/v2\/categories?post=15159"},{"taxonomy":"post_tag","embeddable":true,"href":"https:\/\/redaccionoaxaca.com\/index.php\/wp-json\/wp\/v2\/tags?post=15159"}],"curies":[{"name":"wp","href":"https:\/\/api.w.org\/{rel}","templated":true}]}}