{"id":15162,"date":"2020-11-10T19:02:42","date_gmt":"2020-11-11T01:02:42","guid":{"rendered":"http:\/\/redaccionoaxaca.com\/?p=15162"},"modified":"2020-11-10T19:02:42","modified_gmt":"2020-11-11T01:02:42","slug":"diputada-de-oaxaca-califica-como-hija-de-puta-traicionera-malagradecida-mentirosa-racista-e-irresponsable-a-senadora-del-pan","status":"publish","type":"post","link":"https:\/\/redaccionoaxaca.com\/index.php\/2020\/11\/10\/diputada-de-oaxaca-califica-como-hija-de-puta-traicionera-malagradecida-mentirosa-racista-e-irresponsable-a-senadora-del-pan\/","title":{"rendered":"Diputada de Oaxaca califica como \u201chija de puta, traicionera,  malagradecida, mentirosa, racista e irresponsable\u201d a Senadora del PAN."},"content":{"rendered":"<p><strong>#Redacci\u00f3nOaxaca<\/strong><\/p>\n<p><strong>#Oaxaca<\/strong><\/p>\n<p><strong>Jaime GUERRERO<\/strong><\/p>\n<p style=\"text-align: justify;\">La diputada federal oaxaque\u00f1a de Morena, Irma Juan Carlos, calific\u00f3 a la ahora senadora del PAN, Lilly T\u00e9llez de c\u00ednica, hip\u00f3crita, sinverg\u00fcenza, desmemoriada e \u201chija de puta\u201d<\/p>\n<p style=\"text-align: justify;\">Por medio de una carta dirigida a la senadora T\u00e9llez, a tr\u00e1vez de redes sociales, la diputada de Morena la llama \u201ctorpe\u201d para comprender la medicina tradicional, \u201ctraicionera\u201d, malagradecida, mentirosa, racista e irresponsable.<\/p>\n<p style=\"text-align: justify;\">La legisladora patent\u00f3 su desprecio por la senadora y pidi\u00f3 que sea \u201cdesterrada simb\u00f3licamente\u201d de las comunidades ind\u00edgenas del pa\u00eds.<\/p>\n<p style=\"text-align: justify;\">\u201cNo m\u00e1s personas racistas en el poder; no m\u00e1s personas de la hijoputez\u201d, escribi\u00f3 la diputada morenista al citar a Marcelino Cereijido, m\u00e9dico, profesor, investigador, divulgador cient\u00edfico y escritor argentino, naturalizado mexicano.<\/p>\n<p style=\"text-align: justify;\">Juan Carlos, escribi\u00f3 que han transcurrido unos d\u00edas en que Tellez, insult\u00f3 a Pueblos Ind\u00edgenas con sus declaraciones.<\/p>\n<p style=\"text-align: justify;\">\u201cComo a mucha gente estoy segura, sent\u00ed que la sangre me herv\u00eda, entonces pens\u00e9 en hacerte una carta, pero hubieron personas que me dijeron \u201cno le hagas caso a esa loca\u201d. Pero al notar que insistes en seguirnos insultando decid\u00ed entreg\u00e1rtela\u201d, plasm\u00f3.<\/p>\n<p style=\"text-align: justify;\">Refiri\u00f3 que para el diccionario de la Real Academia Espa\u00f1ola la estupidez es una torpeza para comprender las cosas y cuando la estupidez va de la mano de la maldad, explica Marcelino Cereijido: \u201cEstamos ante la presencia de los hijos de puta\u201d. No dudo que cabes en esa categor\u00eda; primero porque has demostrado torpeza para comprender las cosas; segundo porque eres traicionera, tercero porque eres mentirosa y cuarto porque eres irresponsable.<\/p>\n<p style=\"text-align: justify;\">\u201cEn primer lugar, eres torpe para comprender las cosas porque no dimensionas el alcance de la medicina tradicional; est\u00e1 demostrado que en los siglos XVIII y XIX no hab\u00eda duda ni desconfianza en la medicina ind\u00edgena, pero fue un tema de pol\u00edtica, l\u00e9ase bien de pol\u00edtica, cuando se comenz\u00f3 a desacreditar a inicios del siglo XX a los m\u00e9dicos ind\u00edgenas para imponer una visi\u00f3n imperialista de la medicina, a pesar de esta imposici\u00f3n, los blancos como t\u00fa, no lograron su cometido y hoy la medicina tradicional nos ha salvado de muchas pandemias, incluyendo la estupidez\u201d, arremeti\u00f3.<\/p>\n<p style=\"text-align: justify;\">La invit\u00f3 a leer la Resoluci\u00f3n WHA62.13 de la Asamblea Mundial de la Salud respecto al tema de la medicina tradicional. O revisar el art\u00edculo 25 del Convenio Internacional del Trabajo n\u00fam. 169 sobre Pueblos Ind\u00edgenas y Tribales en Pa\u00edses Independientes de la Organizaci\u00f3n Internacional del Trabajo que entr\u00f3 en vigor para M\u00e9xico el 5 de septiembre de 1991 y que dispone: \u201cLos servicios de salud deber\u00e1n organizarse, en la medida de lo posible, a nivel comunitario. Estos servicios deber\u00e1n planearse y administrarse en cooperaci\u00f3n con los pueblos interesados y tener en cuenta sus condiciones econ\u00f3micas, geogr\u00e1ficas, sociales y culturales, as\u00ed como sus m\u00e9todos de prevenci\u00f3n, pr\u00e1cticas curativas y medicamentos tradicionales\u201d.<\/p>\n<p style=\"text-align: justify;\">Tambi\u00e9n la califico de traicionera, al recordarle que ha sido acusada de traici\u00f3n varias veces: \u201cte acus\u00f3 Aline Maga\u00f1a Zepeda por mal agradecer la ayuda que te brind\u00f3 en 1999 durante el conflicto de la UNAM; te acus\u00f3 Vicente Serrano de traicionar a Morena y hoy yo me sumo a esa acusaci\u00f3n, porque pediste el voto por el Movimiento de Regeneraci\u00f3n Nacional cuando tu coraz\u00f3n nunca dej\u00f3 de ser azul, prueba de ello es que ahora defiendes al PAN cuando en campa\u00f1a acusaste a este Partido de ser el culpable de la cat\u00e1strofe que vive nuestro Pa\u00eds, te digo que eres una traicionera, c\u00ednica, hip\u00f3crita, sinverg\u00fcenza y desmemoriada de primera\u201d.<\/p>\n<p style=\"text-align: justify;\">En tercer lugar, mentirosa. \u201cMientes descaradamente. En tu carta de respuesta a la hermana Teresa R\u00edos, le dices que la felicitas por ser un ejemplo de amor a las tradiciones, pero le has dicho tambi\u00e9n que eso es supercher\u00eda\u201d, remat\u00f3.<\/p>\n<p style=\"text-align: justify;\">\u201cAdem\u00e1s, tambi\u00e9n mientes cuando exiges leyes para los pueblos y comunidades ind\u00edgenas, \u00bfAcaso olvidas que el PAN gobern\u00f3 12 a\u00f1os? \u00bfPorqu\u00e9 no impulsaron estas iniciativas de reforma cuando estuvieron en el poder?. No nos quieras enga\u00f1ar, ni creas que no tenemos memoria, por si lo olvidaste te recuerdo que el PAN entreg\u00f3 nuestros recursos naturales y nuestros territorios a empresas privadas mediante concesiones, sin consultarnos como lo establece la OIT 169 y jam\u00e1s aprobaron leyes en favor de los Pueblos Ind\u00edgenas, sino todo lo contrario. Tambi\u00e9n le pediste, en tu carta de respuesta a mi hermana Teresa R\u00edos, muchos favores, yo solo quiero pedirte uno: \u00a1d\u00e9janos en paz, deja en paz a nuestros hermanos y hermanas de los Pueblos Originarios!\u201d, recalc\u00f3.<\/p>\n<p style=\"text-align: justify;\">Juan Carlos, tambi\u00e9n le manifest\u00f3 su desprecio y pido un destierro simb\u00f3lico de las comunidades ind\u00edgenas. \u201cNunca m\u00e1s Mar\u00eda Lilly del Carmen T\u00e9llez en nuestros Pueblos y Comunidades Originarias. No pedir\u00e9 que te disculpes, pues t\u00fa no sabes qu\u00e9 es eso. Tampoco pedir\u00e9 sanci\u00f3n alguna porque ninguna sanci\u00f3n puede remediar la afrenta hecha a nuestras hermanas y hermanos de los Pueblos Ind\u00edgenas; pero estoy segura, que la mejor sanci\u00f3n ser\u00e1 el desprecio rotundo de la ciudadan\u00eda y de los Pueblos Originarios en las urnas el d\u00eda de las elecciones. No m\u00e1s personas racistas en el poder; no m\u00e1s personas de la hijoputez\u201d, cerr\u00f3.<\/p>\n","protected":false},"excerpt":{"rendered":"<p>#Redacci\u00f3nOaxaca #Oaxaca Jaime GUERRERO La diputada federal oaxaque\u00f1a de Morena, Irma Juan Carlos, calific\u00f3 a la ahora senadora del PAN, Lilly T\u00e9llez de c\u00ednica, hip\u00f3crita, sinverg\u00fcenza, desmemoriada e \u201chija de puta\u201d Por medio de una carta dirigida a la senadora T\u00e9llez, a tr\u00e1vez de redes sociales, la diputada de Morena la llama \u201ctorpe\u201d para comprender [&hellip;]<\/p>\n","protected":false},"author":9,"featured_media":0,"comment_status":"open","ping_status":"open","sticky":false,"template":"","format":"standard","meta":{"jetpack_post_was_ever_published":false,"_jetpack_newsletter_access":"","_jetpack_dont_email_post_to_subs":false,"_jetpack_newsletter_tier_id":0,"_jetpack_memberships_contains_paywalled_content":false,"_jetpack_memberships_contains_paid_content":false,"footnotes":"","jetpack_publicize_message":"","jetpack_publicize_feature_enabled":true,"jetpack_social_post_already_shared":false,"jetpack_social_options":{"image_generator_settings":{"template":"highway","default_image_id":0,"font":"","enabled":false},"version":2}},"categories":[4,7,3,6,1],"tags":[],"class_list":{"0":"post-15162","1":"post","2":"type-post","3":"status-publish","4":"format-standard","6":"category-agenda-politica","7":"category-al-cierre","8":"category-mesa-de-redaccion","9":"category-tendencias","10":"category-uncategorized"},"jetpack_publicize_connections":[],"jetpack_featured_media_url":"","jetpack_sharing_enabled":true,"jetpack_shortlink":"https:\/\/wp.me\/p9Ynjw-3Wy","jetpack-related-posts":[{"id":5067,"url":"https:\/\/redaccionoaxaca.com\/index.php\/2019\/01\/25\/homicidas-de-hermano-de-diputada-de-morena-buscan-proteccion-de-senadora-para-ser-exonerados\/","url_meta":{"origin":15162,"position":0},"title":"Homicidas de hermano de diputada de Morena,\u00a0buscan protecci\u00f3n de Senadora, para ser exonerados.","author":"jaime","date":"enero 25, 2019","format":false,"excerpt":"#Redacci\u00f3nOaxaca #Oaxaca Jaime GUERRERO En el 2014, Eliza Zepeda Lagunas -hoy diputada local de Morena- padeci\u00f3 la muerte de su hermano, golpearon brutalmente a ella y su mam\u00e1, caciques de Eloxochitl\u00e1n de Flores Mag\u00f3n, por pretender participar en la asamblea del Pueblo para elegir al entonces alcalde. Hoy, los que\u2026","rel":"","context":"Entrada similar ","block_context":{"text":"Entrada similar ","link":""},"img":{"alt_text":"","src":"","width":0,"height":0},"classes":[]},{"id":22703,"url":"https:\/\/redaccionoaxaca.com\/index.php\/2021\/12\/01\/video-diputada-de-morena-pide-a-fiscalia-general-y-de-delitos-electorales-de-oaxaca-sancionar-violencia-politica-vs-mujeres-que-buscan-gubernatura\/","url_meta":{"origin":15162,"position":1},"title":"VIDEO: Diputada de Morena, pide a Fiscal\u00eda General y de Delitos Electorales de   Oaxaca, sancionar violencia pol\u00edtica vs mujeres que buscan Gubernatura.","author":"ariadna","date":"diciembre 1, 2021","format":"video","excerpt":"#Redacci\u00f3nOaxaca #Oaxaca Jaime GUERRERO En la antesala de la definici\u00f3n de las candidaturas a la gubernatura de Oaxaca, por los diversos partidos pol\u00edticos, principalmente, el Partido Movimiento de Regeneraci\u00f3n Nacional, la diputada local de Morena, Concepci\u00f3n Rueda G\u00f3mez, solicit\u00f3 al Fiscal General y al Fiscal Especializado en Delitos Electorales del\u2026","rel":"","context":"En &quot;Imagen&quot;","block_context":{"text":"Imagen","link":"https:\/\/redaccionoaxaca.com\/index.php\/category\/imagen\/"},"img":{"alt_text":"","src":"","width":0,"height":0},"classes":[]},{"id":20467,"url":"https:\/\/redaccionoaxaca.com\/index.php\/2021\/08\/30\/quedan-firmes-4-pluris-para-morena-5-al-pri-3-al-pt-1-al-prd-pan-pvem-y-pup-respectivamente\/","url_meta":{"origin":15162,"position":2},"title":"Quedan firmes 4 pluris para Morena; 5 al PRI;  3 al PT; 1 al PRD, PAN, PVEM, Panal  y PUP, respectivamente.","author":"ariadna","date":"agosto 30, 2021","format":false,"excerpt":"#Redacci\u00f3nOaxaca #Oaxaca Jaime GUERRERO El Tribunal Electoral del Estado de Oaxaca (#TEEO) dej\u00f3 firme la asignaci\u00f3n de diputaciones plurinominales que hizo el Consejo General del Instituto Estatal Electoral y de Participaci\u00f3n Ciudadana de Oaxaca (#IEEPCO) a cada partido pol\u00edtico, dentro del proceso electoral ordinario 2020-2021. Salvo las impugnaciones que se\u2026","rel":"","context":"En &quot;Agenda Pol\u00edtica&quot;","block_context":{"text":"Agenda Pol\u00edtica","link":"https:\/\/redaccionoaxaca.com\/index.php\/category\/agenda-politica\/"},"img":{"alt_text":"","src":"","width":0,"height":0},"classes":[]},{"id":17834,"url":"https:\/\/redaccionoaxaca.com\/index.php\/2021\/03\/27\/confirma-dirigencia-candidaturas-a-diputaciones-de-morena-9-diputados-repiten-y-5-se-caen-definen-candidato-en-tuxtepec\/","url_meta":{"origin":15162,"position":3},"title":"Confirma dirigencia candidaturas a diputaciones de Morena;  9 diputados repiten y 5 se caen; definen candidato en Tuxtepec.","author":"ariadna","date":"marzo 27, 2021","format":false,"excerpt":"#Redacci\u00f3nOaxaca #Oaxaca Jaime GUERRERO La dirigencia del Partido de Movimiento de Regeneraci\u00f3n Nacional (Morena), confirm\u00f3 a sus candidatos y candidatas a diputados locales de mayor\u00eda que, postulara en el actual proceso electoral, entre los que destacan 9 actuales diputados y diputadas que van a la reelecci\u00f3n en el cargo, 5\u2026","rel":"","context":"En &quot;Agenda Pol\u00edtica&quot;","block_context":{"text":"Agenda Pol\u00edtica","link":"https:\/\/redaccionoaxaca.com\/index.php\/category\/agenda-politica\/"},"img":{"alt_text":"","src":"https:\/\/i0.wp.com\/redaccionoaxaca.com\/wp-content\/uploads\/2021\/03\/IMG-20210327-WA0003-251x300.jpg?resize=350%2C200","width":350,"height":200},"classes":[]},{"id":17900,"url":"https:\/\/redaccionoaxaca.com\/index.php\/2021\/03\/30\/cuotas-de-cuates-cotos-y-para-saldar-compromisos-las-pluris-de-oaxaca\/","url_meta":{"origin":15162,"position":4},"title":"Cuotas de cuates, cotos y para saldar  compromisos, las pluris de Oaxaca.","author":"ariadna","date":"marzo 30, 2021","format":false,"excerpt":"#Redacci\u00f3nOaxaca #Oaxaca Jaime GUERRERO En base a compromisos grupales, personales y cuotas de grupos, los Partido Pol\u00edticos en Oaxaca, definieron sus candidaturas a diputaciones locales plurinominales. definici\u00f3n de sus candidaturas de mayor\u00eda relativa fue por afinidad y hasta para saldar compromisos. Por el PRI, fue postulada en el 1 de\u2026","rel":"","context":"En &quot;Agenda Pol\u00edtica&quot;","block_context":{"text":"Agenda Pol\u00edtica","link":"https:\/\/redaccionoaxaca.com\/index.php\/category\/agenda-politica\/"},"img":{"alt_text":"","src":"","width":0,"height":0},"classes":[]},{"id":23069,"url":"https:\/\/redaccionoaxaca.com\/index.php\/2021\/12\/23\/rechaza-susana-harp-decision-de-gran-elector-de-palacio-nacional-de-no-designarla-candidata-a-gubernatura-de-oaxaca\/","url_meta":{"origin":15162,"position":5},"title":"Rechaza Susana Harp decisi\u00f3n de \u201cGran Elector de Palacio   Nacional\u201d de no designarla candidata a Gubernatura de Oaxaca.","author":"ariadna","date":"diciembre 23, 2021","format":false,"excerpt":"#Redacci\u00f3nOaxaca #Oaxaca Jaime GUERRERO La Senadora Susana Harp, se inconform\u00f3 con la determinaci\u00f3n de la Comisi\u00f3n Nacional de Elecciones, de la Dirigencia del Partido Movimiento de Regeneraci\u00f3n Nacional y principalmente del \u201cGran Elector de Palacio Nacional\u201d -el Presidente, Andr\u00e9s Manuel L\u00f3pez Obrador- de no designarla como Coordinadora Estatal en Defensa\u2026","rel":"","context":"En &quot;Agenda Pol\u00edtica&quot;","block_context":{"text":"Agenda Pol\u00edtica","link":"https:\/\/redaccionoaxaca.com\/index.php\/category\/agenda-politica\/"},"img":{"alt_text":"","src":"","width":0,"height":0},"classes":[]}],"_links":{"self":[{"href":"https:\/\/redaccionoaxaca.com\/index.php\/wp-json\/wp\/v2\/posts\/15162","targetHints":{"allow":["GET"]}}],"collection":[{"href":"https:\/\/redaccionoaxaca.com\/index.php\/wp-json\/wp\/v2\/posts"}],"about":[{"href":"https:\/\/redaccionoaxaca.com\/index.php\/wp-json\/wp\/v2\/types\/post"}],"author":[{"embeddable":true,"href":"https:\/\/redaccionoaxaca.com\/index.php\/wp-json\/wp\/v2\/users\/9"}],"replies":[{"embeddable":true,"href":"https:\/\/redaccionoaxaca.com\/index.php\/wp-json\/wp\/v2\/comments?post=15162"}],"version-history":[{"count":1,"href":"https:\/\/redaccionoaxaca.com\/index.php\/wp-json\/wp\/v2\/posts\/15162\/revisions"}],"predecessor-version":[{"id":15164,"href":"https:\/\/redaccionoaxaca.com\/index.php\/wp-json\/wp\/v2\/posts\/15162\/revisions\/15164"}],"wp:attachment":[{"href":"https:\/\/redaccionoaxaca.com\/index.php\/wp-json\/wp\/v2\/media?parent=15162"}],"wp:term":[{"taxonomy":"category","embeddable":true,"href":"https:\/\/redaccionoaxaca.com\/index.php\/wp-json\/wp\/v2\/categories?post=15162"},{"taxonomy":"post_tag","embeddable":true,"href":"https:\/\/redaccionoaxaca.com\/index.php\/wp-json\/wp\/v2\/tags?post=15162"}],"curies":[{"name":"wp","href":"https:\/\/api.w.org\/{rel}","templated":true}]}}