{"id":15165,"date":"2020-11-10T21:02:46","date_gmt":"2020-11-11T03:02:46","guid":{"rendered":"http:\/\/redaccionoaxaca.com\/?p=15165"},"modified":"2020-11-10T21:02:46","modified_gmt":"2020-11-11T03:02:46","slug":"condena-senador-salomon-jara-omision-e-irresponsabilidad-de-autoridades-estatales-ante-clima-de-violencia-en-comitancillo","status":"publish","type":"post","link":"https:\/\/redaccionoaxaca.com\/index.php\/2020\/11\/10\/condena-senador-salomon-jara-omision-e-irresponsabilidad-de-autoridades-estatales-ante-clima-de-violencia-en-comitancillo\/","title":{"rendered":"Condena Senador Salom\u00f3n Jara omisi\u00f3n e irresponsabilidad de autoridades estatales ante clima de violencia en Comitancillo."},"content":{"rendered":"<p style=\"text-align: justify;\"><strong>#Redacci\u00f3nOaxaca<\/strong><\/p>\n<p style=\"text-align: justify;\"><strong>#Oaxaca<\/strong><\/p>\n<p style=\"text-align: justify;\">Oaxaca de Ju\u00e1rez a 10 de noviembre de 2020.- El Senador Salom\u00f3n Jara Cruz, se manifest\u00f3 en contra de la omisi\u00f3n de las autoridades estatales que no han brindado la atenci\u00f3n necesaria al municipio de San Pedro Comitancillo, esto luego de que un grupo de choque gener\u00f3 tensi\u00f3n y violencia desde el jueves 5 de noviembre en esa localidad.<\/p>\n<p style=\"text-align: justify;\">Jara Cruz dio a conocer que el grupo de inconformes fue atendido oportunamente por la Presidenta municipal Mar\u00eda Francisca Antonio Santiago, para dar seguimiento a sus demandas, sin embargo no fue presentado ning\u00fan pliego petitorio ni ninguna solicitud, s\u00f3lo se\u00f1alamientos sin fundamento.<\/p>\n<p style=\"text-align: justify;\">El legislador morenista calific\u00f3 de irresponsable y omisa la actitud del Secretario General de Gobierno Francisco Javier Garc\u00eda L\u00f3pez, as\u00ed como del Secretario de Seguridad P\u00fablica Ra\u00fal Ernesto Salcedo Rosales, que no han podido o no ha querido brindar la seguridad necesaria en ese municipio.<\/p>\n<p style=\"text-align: justify;\">Mi solidaridad con el pueblo de San Pedro Comitancillo, por estos acontecimientos violentos, es lamentable que este grupo de choque contratado desde el PRI y dirigido por el se\u00f1or Irving Cabrera Sol\u00f3rzano, se encuentre agitando y provocando la violencia en esa comunidad.<\/p>\n<p style=\"text-align: justify;\">Por qu\u00e9 estos inconformes no aceptaron la mesa de di\u00e1logo que propuso la autoridad municipal de Comitancillo, \u00bfcu\u00e1les son los oscuros intereses que mueve a estos personajes?, cuestion\u00f3.<\/p>\n<p style=\"text-align: justify;\">El PRI no cambia y actuando en la clandestinidad como es su costumbre, ahora se infiltra en los municipios para intentar detener la gobernabilidad, no entienden que esas medidas de presi\u00f3n, contratando porros y grupos de choque ya quedaron en el pasado y no les va a funcionar dijo.<\/p>\n<p style=\"text-align: justify;\">Salom\u00f3n Jara Cruz desminti\u00f3 que la presidenta municipal se encuentre retenida por los pobladores, ella contin\u00faa trabajando y atendiendo a la ciudadan\u00eda buscando siempre el desarrollo del municipio, por lo que la informaci\u00f3n circulada a trav\u00e9s de redes sociales y en algunos medios de comunicaci\u00f3n es falsa aclar\u00f3.<\/p>\n<p style=\"text-align: justify;\">El Senador morenista enfatiz\u00f3 que seguir\u00e1 muy pendiente de esta problem\u00e1tica generada por el PRI en Comitancillo, a fin de que se investigue a quien se encuentra detr\u00e1s de este grupo, que adem\u00e1s tambi\u00e9n integran algunos j\u00f3venes que en estado de ebriedad han incitado a la violencia.<\/p>\n<p style=\"text-align: justify;\">La paz siempre debe ser la v\u00eda para solucionar cualquier conflicto, por eso lamentamos mucho la irresponsabilidad de las autoridades as\u00ed como del Gobierno de Oaxaca, pues aunque la presidenta municipal de Comitancillo solicit\u00f3 la intervenci\u00f3n no se le brind\u00f3, finaliz\u00f3 el Senador Salom\u00f3n Jara Cruz.<\/p>\n","protected":false},"excerpt":{"rendered":"<p>#Redacci\u00f3nOaxaca #Oaxaca Oaxaca de Ju\u00e1rez a 10 de noviembre de 2020.- El Senador Salom\u00f3n Jara Cruz, se manifest\u00f3 en contra de la omisi\u00f3n de las autoridades estatales que no han brindado la atenci\u00f3n necesaria al municipio de San Pedro Comitancillo, esto luego de que un grupo de choque gener\u00f3 tensi\u00f3n y violencia desde el jueves [&hellip;]<\/p>\n","protected":false},"author":9,"featured_media":0,"comment_status":"open","ping_status":"open","sticky":false,"template":"","format":"standard","meta":{"jetpack_post_was_ever_published":false,"_jetpack_newsletter_access":"","_jetpack_dont_email_post_to_subs":false,"_jetpack_newsletter_tier_id":0,"_jetpack_memberships_contains_paywalled_content":false,"_jetpack_memberships_contains_paid_content":false,"footnotes":"","jetpack_publicize_message":"","jetpack_publicize_feature_enabled":true,"jetpack_social_post_already_shared":false,"jetpack_social_options":{"image_generator_settings":{"template":"highway","default_image_id":0,"font":"","enabled":false},"version":2}},"categories":[4,7,3,6,1],"tags":[],"class_list":{"0":"post-15165","1":"post","2":"type-post","3":"status-publish","4":"format-standard","6":"category-agenda-politica","7":"category-al-cierre","8":"category-mesa-de-redaccion","9":"category-tendencias","10":"category-uncategorized"},"jetpack_publicize_connections":[],"jetpack_featured_media_url":"","jetpack_sharing_enabled":true,"jetpack_shortlink":"https:\/\/wp.me\/p9Ynjw-3WB","jetpack-related-posts":[{"id":35746,"url":"https:\/\/redaccionoaxaca.com\/index.php\/2025\/02\/19\/se-afianza-rivalidad-y-confrontacion-salomon-jara-piden-rechazar-afiliacion-de-alejandro-murat-a-morena\/","url_meta":{"origin":15165,"position":0},"title":"Se afianza rivalidad y confrontaci\u00f3n; Salom\u00f3n Jara piden rechazar afiliaci\u00f3n de Alejandro Murat a Morena","author":"ariadna","date":"febrero 19, 2025","format":false,"excerpt":"#Redacci\u00f3nOaxaca #Oaxaca Jaime GUERRERO Sigue la rivalidad y confrontaci\u00f3n pol\u00edtica. El Gobernador de Oaxaca, Salom\u00f3n Jara Cruz, pidi\u00f3 a la Comisi\u00f3n de Honor y Justicia del Partido Movimiento de Regeneraci\u00f3n Nacional, rechazar la incorporaci\u00f3n del ex Gdor y hoy Senador de Morena, Alejandro Murat Hinojosa. Primero. Jara Cruz, expres\u00f3 su\u2026","rel":"","context":"En &quot;Agenda Pol\u00edtica&quot;","block_context":{"text":"Agenda Pol\u00edtica","link":"https:\/\/redaccionoaxaca.com\/index.php\/category\/agenda-politica\/"},"img":{"alt_text":"","src":"https:\/\/i0.wp.com\/redaccionoaxaca.com\/wp-content\/uploads\/2025\/02\/IMG-20250219-WA0037-300x244.jpg?resize=350%2C200&ssl=1","width":350,"height":200},"classes":[]},{"id":32731,"url":"https:\/\/redaccionoaxaca.com\/index.php\/2024\/07\/22\/grupo-armando-de-llano-de-guadalupe-ataca-a-balazos-y-quema-santuario-de-lazaro-cardenas-oaxaca\/","url_meta":{"origin":15165,"position":1},"title":"Grupo armando de Llano de Guadalupe ataca a balazos y quema santuario de L\u00e1zaro C\u00e1rdenas, Oaxaca","author":"ariadna","date":"julio 22, 2024","format":false,"excerpt":"#Redacci\u00f3nOaxaca #Oaxaca Jaime GUERRERO Autoridades de L\u00e1zaro C\u00e1rdenas y de San Miguel El Grande, Tlaxiaco, denunciaron un nuevo ataque armado por habitantes de la agencia Llano de Guadalupe, quienes el pasado 17 de julio destruyeron una reserva natural en el paraje \u201cSantuario de las Aves\u201d. Tambi\u00e9n incendiaron parte de la\u2026","rel":"","context":"En &quot;Agenda Pol\u00edtica&quot;","block_context":{"text":"Agenda Pol\u00edtica","link":"https:\/\/redaccionoaxaca.com\/index.php\/category\/agenda-politica\/"},"img":{"alt_text":"","src":"https:\/\/i0.wp.com\/redaccionoaxaca.com\/wp-content\/uploads\/2024\/07\/images-19-300x223.jpeg?resize=350%2C200&ssl=1","width":350,"height":200},"classes":[]},{"id":19814,"url":"https:\/\/redaccionoaxaca.com\/index.php\/2021\/06\/14\/video-presidenta-electa-de-oaxaca-pide-utilizar-asambleas-de-juicio-vs-expresidentes-para-promover-gubernatura-de-salomon-jara\/","url_meta":{"origin":15165,"position":2},"title":"VIDEO: Presidenta electa de Oaxaca, pide utilizar asambleas de juicio   vs expresidentes para promover Gubernatura de Salom\u00f3n Jara.","author":"ariadna","date":"junio 14, 2021","format":false,"excerpt":"#Redacci\u00f3nOaxaca #Oaxaca Jaime GUERRERO La presidenta municipal electa de Santa Cruz Xoxocotl\u00e1n, Tania L\u00f3pez L\u00f3pez, llam\u00f3 a promover en las asambleas que realizan militantes del Partido Movimiento de Regeneraci\u00f3n Nacional (Morena) -para decidir si se lleva a juicio a los ex presidentes de M\u00e9xico-, al senador de la rep\u00fablica, Salom\u00f3n\u2026","rel":"","context":"En &quot;Agenda Pol\u00edtica&quot;","block_context":{"text":"Agenda Pol\u00edtica","link":"https:\/\/redaccionoaxaca.com\/index.php\/category\/agenda-politica\/"},"img":{"alt_text":"","src":"","width":0,"height":0},"classes":[]},{"id":7014,"url":"https:\/\/redaccionoaxaca.com\/index.php\/2019\/06\/01\/por-deshonestos-y-falta-de-probidad-comision-de-honor-y-justicia-de-morena-suspende-derechos-politicos-de-16-diputados-de-oaxaca\/","url_meta":{"origin":15165,"position":3},"title":"Por deshonestos y falta de probidad, Comisi\u00f3n de Honor y Justicia\u00a0de Morena, suspende derechos pol\u00edticos de 16 diputados de Oaxaca","author":"denise","date":"junio 1, 2019","format":false,"excerpt":"\u00a0#Redacci\u00f3nOaxaca Jaime GUERRERO \u00c9ste viernes, la Comisi\u00f3n Nacional de Honor y Justicia del Comit\u00e9 Ejecutivo Nacional del Partido Movimiento de Regeneraci\u00f3n Nacional, decret\u00f3 suspender por 6 meses, los derechos pol\u00edticos de 16 diputados locales de Morena en Oaxaca, de la actual LXIV Legislatura, por violaciones a sus estatutos, entre ellos,\u2026","rel":"","context":"En &quot;Agenda Pol\u00edtica&quot;","block_context":{"text":"Agenda Pol\u00edtica","link":"https:\/\/redaccionoaxaca.com\/index.php\/category\/agenda-politica\/"},"img":{"alt_text":"","src":"","width":0,"height":0},"classes":[]},{"id":13086,"url":"https:\/\/redaccionoaxaca.com\/index.php\/2020\/06\/26\/salomon-jara-alienta-cabildeo-en-el-congreso-adelantar-eleccion-de-gobernador-en-oaxaca\/","url_meta":{"origin":15165,"position":4},"title":"Salom\u00f3n Jara alienta cabildeo en el Congreso   adelantar elecci\u00f3n de Gobernador en Oaxaca.","author":"ariadna","date":"junio 26, 2020","format":false,"excerpt":"#Redacci\u00f3nOaxaca #Oaxaca Jaime GUERRERO A pesar de significar\u00eda una acci\u00f3n de inconstitucionalidad, al Senador de la Rep\u00fablica, Salom\u00f3n Jara Cruz, poco le importa y ya cabildea para que los diputados locales de la bancada del Partido Movimiento de Regeneraci\u00f3n Nacional (Morena) de la LXIV Legislatura, aprueben la iniciativa de reforma\u2026","rel":"","context":"En &quot;Agenda Pol\u00edtica&quot;","block_context":{"text":"Agenda Pol\u00edtica","link":"https:\/\/redaccionoaxaca.com\/index.php\/category\/agenda-politica\/"},"img":{"alt_text":"","src":"","width":0,"height":0},"classes":[]},{"id":7016,"url":"https:\/\/redaccionoaxaca.com\/index.php\/2019\/06\/01\/por-violentos-sancionan-con-amonestacion-publica-a-9-diputados-de-morena-en-oaxaca\/","url_meta":{"origin":15165,"position":5},"title":"Por violentos, sancionan con amonestaci\u00f3n p\u00fablica a 9 diputados de Morena en Oaxaca","author":"denise","date":"junio 1, 2019","format":false,"excerpt":"\u00a0#Redacci\u00f3nOaxaca Jaime GUERRERO En duelo de vanidades, revanchas, el cobro de afrentas provocadas por el divisionismo en la Bancada del Partido Movimiento de Regeneraci\u00f3n Nacional, la Comisi\u00f3n Nacional de Honor y Justicia de Morena, sancion\u00f3 con una amonestaci\u00f3n p\u00fablica a los diputados disidentes a su coordinadora Parlamentaria en la LXIV\u2026","rel":"","context":"En &quot;Agenda Pol\u00edtica&quot;","block_context":{"text":"Agenda Pol\u00edtica","link":"https:\/\/redaccionoaxaca.com\/index.php\/category\/agenda-politica\/"},"img":{"alt_text":"","src":"","width":0,"height":0},"classes":[]}],"_links":{"self":[{"href":"https:\/\/redaccionoaxaca.com\/index.php\/wp-json\/wp\/v2\/posts\/15165","targetHints":{"allow":["GET"]}}],"collection":[{"href":"https:\/\/redaccionoaxaca.com\/index.php\/wp-json\/wp\/v2\/posts"}],"about":[{"href":"https:\/\/redaccionoaxaca.com\/index.php\/wp-json\/wp\/v2\/types\/post"}],"author":[{"embeddable":true,"href":"https:\/\/redaccionoaxaca.com\/index.php\/wp-json\/wp\/v2\/users\/9"}],"replies":[{"embeddable":true,"href":"https:\/\/redaccionoaxaca.com\/index.php\/wp-json\/wp\/v2\/comments?post=15165"}],"version-history":[{"count":1,"href":"https:\/\/redaccionoaxaca.com\/index.php\/wp-json\/wp\/v2\/posts\/15165\/revisions"}],"predecessor-version":[{"id":15167,"href":"https:\/\/redaccionoaxaca.com\/index.php\/wp-json\/wp\/v2\/posts\/15165\/revisions\/15167"}],"wp:attachment":[{"href":"https:\/\/redaccionoaxaca.com\/index.php\/wp-json\/wp\/v2\/media?parent=15165"}],"wp:term":[{"taxonomy":"category","embeddable":true,"href":"https:\/\/redaccionoaxaca.com\/index.php\/wp-json\/wp\/v2\/categories?post=15165"},{"taxonomy":"post_tag","embeddable":true,"href":"https:\/\/redaccionoaxaca.com\/index.php\/wp-json\/wp\/v2\/tags?post=15165"}],"curies":[{"name":"wp","href":"https:\/\/api.w.org\/{rel}","templated":true}]}}