{"id":15365,"date":"2020-11-20T15:47:34","date_gmt":"2020-11-20T21:47:34","guid":{"rendered":"http:\/\/redaccionoaxaca.com\/?p=15365"},"modified":"2020-11-20T15:47:34","modified_gmt":"2020-11-20T21:47:34","slug":"el-de-este-2020-sera-un-invierno-mas-crudo-que-el-de-anos-anteriores-los-meses-mas-criticos-son-noviembre-y-diciembre","status":"publish","type":"post","link":"https:\/\/redaccionoaxaca.com\/index.php\/2020\/11\/20\/el-de-este-2020-sera-un-invierno-mas-crudo-que-el-de-anos-anteriores-los-meses-mas-criticos-son-noviembre-y-diciembre\/","title":{"rendered":"El de este 2020 ser\u00e1 un invierno m\u00e1s crudo que el de a\u00f1os anteriores; los meses m\u00e1s cr\u00edticos son noviembre y diciembre."},"content":{"rendered":"<p><strong>#Redacci\u00f3nOaxaca<\/strong><\/p>\n<p><strong>#Oaxaca<\/strong><\/p>\n<p><strong>Maira Ric\u00e1rdez<\/strong><\/p>\n<p style=\"text-align: justify;\">El frente frio No. 13 ha generado en gran parte del Estado una sensaci\u00f3n t\u00e9rmica inusitada respecto a los \u00faltimos inviernos, esto se debe no a la ca\u00edda real del term\u00f3metro, sino a la masa polar que lo acompa\u00f1\u00f3 con una ventisca helada y que gener\u00f3 un sensaci\u00f3n de frio radical, explic\u00f3 el meteor\u00f3logo de la Coordinaci\u00f3n Estatal de Protecci\u00f3n Civil, Cutberto Ru\u00edz Jarqu\u00edn.<\/p>\n<p style=\"text-align: justify;\">En realidad el term\u00f3metro registr\u00f3 como m\u00ednima entre 2 y 3 grados en localidades de la zona Mixe y Mixteca, mientras que en la capital la m\u00ednima fue de 11 grados pero se resinti\u00f3 de 8 grados o menos.<\/p>\n<p style=\"text-align: justify;\">EL term\u00f3metro volver\u00e1 a subir este fin de semana, sin embargo, hac\u00eda el pr\u00f3ximo lunes tenemos ya en puerta el frente frio No. 14, particularmente disminuir\u00e1n las lluvias de los \u00faltimos d\u00edas que se han resentido de manera importante en la Cueca por ejemplo; y de aqu\u00ed debemos esperar de 10 a 12 frentes fr\u00edos m\u00e1s en lo que resta del invierno 2020 que abarca hasta mayo 2021.<\/p>\n<p style=\"text-align: justify;\">Desde la perspectiva del especialista local, el invierno de este a\u00f1o ser\u00e1 un poco m\u00e1s dr\u00e1stico que los anteriores y los pr\u00f3ximos tres meses podemos esperar temperaturas m\u00e1s bajas de lo registrado hasta ahora, los meses m\u00e1s dr\u00e1sticos ser\u00edan precis\u00f3 noviembre y diciembre, particularmente para las localidades con mayor altitud en el Estado.<\/p>\n","protected":false},"excerpt":{"rendered":"<p>#Redacci\u00f3nOaxaca #Oaxaca Maira Ric\u00e1rdez El frente frio No. 13 ha generado en gran parte del Estado una sensaci\u00f3n t\u00e9rmica inusitada respecto a los \u00faltimos inviernos, esto se debe no a la ca\u00edda real del term\u00f3metro, sino a la masa polar que lo acompa\u00f1\u00f3 con una ventisca helada y que gener\u00f3 un sensaci\u00f3n de frio radical, [&hellip;]<\/p>\n","protected":false},"author":9,"featured_media":0,"comment_status":"open","ping_status":"open","sticky":false,"template":"","format":"standard","meta":{"jetpack_post_was_ever_published":false,"_jetpack_newsletter_access":"","_jetpack_dont_email_post_to_subs":false,"_jetpack_newsletter_tier_id":0,"_jetpack_memberships_contains_paywalled_content":false,"_jetpack_memberships_contains_paid_content":false,"footnotes":"","jetpack_publicize_message":"","jetpack_publicize_feature_enabled":true,"jetpack_social_post_already_shared":false,"jetpack_social_options":{"image_generator_settings":{"template":"highway","default_image_id":0,"font":"","enabled":false},"version":2}},"categories":[7,5,3,6,1],"tags":[],"class_list":{"0":"post-15365","1":"post","2":"type-post","3":"status-publish","4":"format-standard","6":"category-al-cierre","7":"category-imagen","8":"category-mesa-de-redaccion","9":"category-tendencias","10":"category-uncategorized"},"jetpack_publicize_connections":[],"jetpack_featured_media_url":"","jetpack_sharing_enabled":true,"jetpack_shortlink":"https:\/\/wp.me\/p9Ynjw-3ZP","jetpack-related-posts":[{"id":4487,"url":"https:\/\/redaccionoaxaca.com\/index.php\/2018\/12\/17\/138-municipios-vulnerables-al-frio-conagua-pronostica-54-frentes\/","url_meta":{"origin":15365,"position":0},"title":"138 MUNICIPIOS VULNERABLES AL FRIO; CONAGUA PRONOSTICA 54 FRENTES","author":"denise","date":"diciembre 17, 2018","format":false,"excerpt":"#Redacci\u00f3nOaxaca \u00a0JAIME GUERRERO De acuerdo a lo pronosticado por la Comisi\u00f3n Nacional del Agua (Conagua), durante la presente temporada invernal podr\u00edan presentarse entre 49 a 54 frentes fr\u00edos. El Atlas de Riesgo para el estado de Oaxaca se\u00f1ala que son 138 municipios en vulnerabilidad por fr\u00edo debido a que se\u2026","rel":"","context":"En &quot;Agenda Pol\u00edtica&quot;","block_context":{"text":"Agenda Pol\u00edtica","link":"https:\/\/redaccionoaxaca.com\/index.php\/category\/agenda-politica\/"},"img":{"alt_text":"","src":"","width":0,"height":0},"classes":[]},{"id":23123,"url":"https:\/\/redaccionoaxaca.com\/index.php\/2021\/12\/27\/helada-post-navidad-en-la-mixteca-hasta-menos-6-grados-centigrados-para-inicio-de-ano-se-espera-nuevamente-el-desplome-del-termometro\/","url_meta":{"origin":15365,"position":1},"title":"Helada post navidad en la Mixteca, hasta menos 6 grados cent\u00edgrados, para inicio de a\u00f1o se espera nuevamente el desplome del term\u00f3metro.","author":"ariadna","date":"diciembre 27, 2021","format":false,"excerpt":"#Redacci\u00f3nOaxaca #Oaxaca Maira Ric\u00e1rdez La madrugada del domingo 26 de diciembre, pasando esta navidad, fue la madrugada m\u00e1s g\u00e9lida resentida en territorio estatal, reconoci\u00f3 el Director de riesgos meteorol\u00f3gicos de la Coordinaci\u00f3n Estatal de Protecci\u00f3n Civil, Cutberto Ru\u00edz Jarqu\u00edn, menos seis grados marc\u00f3 el term\u00f3metro en Tlaxiaco y todas estas\u2026","rel":"","context":"En &quot;Imagen&quot;","block_context":{"text":"Imagen","link":"https:\/\/redaccionoaxaca.com\/index.php\/category\/imagen\/"},"img":{"alt_text":"","src":"https:\/\/i0.wp.com\/redaccionoaxaca.com\/wp-content\/uploads\/2021\/12\/IMG-20211227-WA0030-300x225.jpg?resize=350%2C200&ssl=1","width":350,"height":200},"classes":[]},{"id":4848,"url":"https:\/\/redaccionoaxaca.com\/index.php\/2019\/01\/09\/martes-08-de-enero-el-desplome-del-termometro-en-localidades-de-v-centrales-sierra-n-y-mixteca-dejo-heladas-termometro-volvera-a-desplomarse-este-fin-de-semana-meteorologo\/","url_meta":{"origin":15365,"position":2},"title":"Desplome del term\u00f3metro en localidades de V. Centrales, Sierra N. y Mixteca dej\u00f3 heladas, term\u00f3metro volver\u00e1 a desplomarse este fin de semana: Meteor\u00f3logo","author":"jaime","date":"enero 9, 2019","format":false,"excerpt":"#Redacci\u00f3nOaxaca #Oaxaca Maira Ric\u00e1rdez Un grado bajo cero que se tradujo en heladas en zonas de Valles Centrales como Etla y San Lorenzo Matadamas, as\u00ed como 3 grados cent\u00edgrados,\u00a0\u00a0en localidades de la Sierra Norte en puntos como Ayutla, Tlaxiaco y Nochixtlan, registradas la madrugada de este martes, han sido de\u2026","rel":"","context":"Entrada similar ","block_context":{"text":"Entrada similar ","link":""},"img":{"alt_text":"","src":"","width":0,"height":0},"classes":[]},{"id":5139,"url":"https:\/\/redaccionoaxaca.com\/index.php\/2019\/01\/30\/mas-de-2-mil-oaxaquenos-en-alerta-ante-temperaturas-extremas-en-e-u-hay-coordinacion-con-consulados-mexicanos-ioam\/","url_meta":{"origin":15365,"position":3},"title":"M\u00e1s de 2 mil Oaxaque\u00f1os en alerta ante temperaturas extremas en E.U., hay coordinaci\u00f3n con consulados Mexicanos: IOAM","author":"denise","date":"enero 30, 2019","format":"video","excerpt":"El medio oeste de EU vive este mi\u00e9rcoles una alerta de fr\u00edo extremo que podr\u00eda situar el term\u00f3metro en\u00a0 menos 40 grados cent\u00edgrados, lo que llev\u00f3 a la autoridad a decretar estado de emergencia y a cancelar cientos de vuelos; y ante las condiciones extremas en esta zona del vecino\u2026","rel":"","context":"En &quot;Imagen&quot;","block_context":{"text":"Imagen","link":"https:\/\/redaccionoaxaca.com\/index.php\/category\/imagen\/"},"img":{"alt_text":"","src":"","width":0,"height":0},"classes":[]},{"id":24156,"url":"https:\/\/redaccionoaxaca.com\/index.php\/2022\/02\/21\/calor-extremo-de-aqui-al-jueves-anuncio-de-la-llegada-de-un-calido-verano-2022-meteorologo\/","url_meta":{"origin":15365,"position":4},"title":"Calor extremo de aqu\u00ed al jueves, anuncio de la llegada de un c\u00e1lido verano 2022: Meteor\u00f3logo.","author":"ariadna","date":"febrero 21, 2022","format":false,"excerpt":"#Redacci\u00f3nOaxaca #Oaxaca Maira Ric\u00e1rdez Pasada la primera quincena de febrero lleg\u00f3 el incremento de temperaturas y con ello el antecedente de un c\u00e1lido verano en el Estado; el Meteor\u00f3logo, Cutberto Ru\u00edz Jarqu\u00edn, se\u00f1al\u00f3 que aunque a\u00fan estamos meteorol\u00f3gicamente en invierno, estas son las caracter\u00edsticas propias de este mes de febrero\u2026","rel":"","context":"En &quot;Mesa de Redacci\u00f3n&quot;","block_context":{"text":"Mesa de Redacci\u00f3n","link":"https:\/\/redaccionoaxaca.com\/index.php\/category\/mesa-de-redaccion\/"},"img":{"alt_text":"","src":"","width":0,"height":0},"classes":[]},{"id":10286,"url":"https:\/\/redaccionoaxaca.com\/index.php\/2020\/01\/22\/frente-frio-32-no-ha-sido-el-mas-drastico-de-este-invierno-se-esperan-entre-15-y-20-mas-y-las-bajas-temperaturas-se-recrudeceran-de-aqui-a-marzo-meteorologo-conagua\/","url_meta":{"origin":15365,"position":5},"title":"Frente frio 32 no ha sido el m\u00e1s dr\u00e1stico de este invierno, se esperan entre 15 y 20 m\u00e1s, y las bajas temperaturas se recrudecer\u00e1n de aqu\u00ed a marzo: Meteor\u00f3logo CONAGUA.","author":"ariadna","date":"enero 22, 2020","format":false,"excerpt":"#Redacci\u00f3nOaxaca #Oaxaca Maira Ric\u00e1rdez Temperaturas de menos dos grados han registrado la madrugada de este martes y mi\u00e9rcoles las regiones de la Sierra Norte y la Mixteca; las localidades con el descenso m\u00e1s marcado han sido las tradicionales en el tema de bajas temperaturas como Ayutla y Cuajimoloyas en la\u2026","rel":"","context":"Entrada similar ","block_context":{"text":"Entrada similar ","link":""},"img":{"alt_text":"","src":"","width":0,"height":0},"classes":[]}],"_links":{"self":[{"href":"https:\/\/redaccionoaxaca.com\/index.php\/wp-json\/wp\/v2\/posts\/15365","targetHints":{"allow":["GET"]}}],"collection":[{"href":"https:\/\/redaccionoaxaca.com\/index.php\/wp-json\/wp\/v2\/posts"}],"about":[{"href":"https:\/\/redaccionoaxaca.com\/index.php\/wp-json\/wp\/v2\/types\/post"}],"author":[{"embeddable":true,"href":"https:\/\/redaccionoaxaca.com\/index.php\/wp-json\/wp\/v2\/users\/9"}],"replies":[{"embeddable":true,"href":"https:\/\/redaccionoaxaca.com\/index.php\/wp-json\/wp\/v2\/comments?post=15365"}],"version-history":[{"count":1,"href":"https:\/\/redaccionoaxaca.com\/index.php\/wp-json\/wp\/v2\/posts\/15365\/revisions"}],"predecessor-version":[{"id":15367,"href":"https:\/\/redaccionoaxaca.com\/index.php\/wp-json\/wp\/v2\/posts\/15365\/revisions\/15367"}],"wp:attachment":[{"href":"https:\/\/redaccionoaxaca.com\/index.php\/wp-json\/wp\/v2\/media?parent=15365"}],"wp:term":[{"taxonomy":"category","embeddable":true,"href":"https:\/\/redaccionoaxaca.com\/index.php\/wp-json\/wp\/v2\/categories?post=15365"},{"taxonomy":"post_tag","embeddable":true,"href":"https:\/\/redaccionoaxaca.com\/index.php\/wp-json\/wp\/v2\/tags?post=15365"}],"curies":[{"name":"wp","href":"https:\/\/api.w.org\/{rel}","templated":true}]}}