{"id":15416,"date":"2020-11-25T20:00:32","date_gmt":"2020-11-26T02:00:32","guid":{"rendered":"http:\/\/redaccionoaxaca.com\/?p=15416"},"modified":"2020-11-25T20:00:40","modified_gmt":"2020-11-26T02:00:40","slug":"video-pareja-busca-recorrer-el-pais-se-trata-de-padre-e-hijo-que-iniciaron-esta-aventura-tras-la-paralisis-cerebral-que-postro-en-una-silla-de-ruedas-a-su-hijo","status":"publish","type":"post","link":"https:\/\/redaccionoaxaca.com\/index.php\/2020\/11\/25\/video-pareja-busca-recorrer-el-pais-se-trata-de-padre-e-hijo-que-iniciaron-esta-aventura-tras-la-paralisis-cerebral-que-postro-en-una-silla-de-ruedas-a-su-hijo\/","title":{"rendered":"VIDEO: Pareja busca recorrer el pa\u00eds, se trata de padre e hijo que iniciaron esta aventura tras la par\u00e1lisis cerebral que postr\u00f3 en una silla de ruedas a su hijo."},"content":{"rendered":"<p><strong>#Redacci\u00f3nOaxaca<\/strong><\/p>\n<p><strong>#Oaxaca<\/strong><\/p>\n<p><strong>Maira Ric\u00e1rdez<\/strong><\/p>\n<p style=\"text-align: justify;\">La discapacidad que postr\u00f3 a su hijo en una silla de ruedas y que le obliga a usar una faja especial de manera permanente para lograr mantener erguido su cuerpo, no es impedimento para Jorge Isaul.<\/p>\n<p style=\"text-align: justify;\">Un dengue mal atendido, es el argumento que el m\u00e9dico le dio, lo desahuciaron, le dijeron que su hijo solo vivir\u00eda algunas horas., desde entonces han transcurrido dos a\u00f1os, el adolescente estuvo un a\u00f1o en recuperaci\u00f3n y tras el a\u00f1o su padre tom\u00f3 la decisi\u00f3n: no esperar\u00edan mucho m\u00e1s, tomaron sus cosas e iniciaron el recorrido por diversos estados del pa\u00eds.<\/p>\n<div style=\"width: 640px;\" class=\"wp-video\"><video class=\"wp-video-shortcode\" id=\"video-15416-1\" width=\"640\" height=\"304\" preload=\"metadata\" controls=\"controls\"><source type=\"video\/mp4\" src=\"http:\/\/redaccionoaxaca.com\/wp-content\/uploads\/2020\/11\/VID-20201125-WA0146.mp4?_=1\" \/><a href=\"http:\/\/redaccionoaxaca.com\/wp-content\/uploads\/2020\/11\/VID-20201125-WA0146.mp4\">http:\/\/redaccionoaxaca.com\/wp-content\/uploads\/2020\/11\/VID-20201125-WA0146.mp4<\/a><\/video><\/div>\n<p style=\"text-align: justify;\">Quiero hacer todo lo que pueda con \u00e9l, ahora que est\u00e1 vivo repite; Jorge sufri\u00f3 una par\u00e1lisis cerebral motriz, pero su razonamiento cognitivo est\u00e1 intacto; escucha, habla y entiende, la mayor parte de sus sentidos siempre est\u00e1n activos y goza de esta etapa de su vida errante, al lado de su padre quien le atiende de manera permanente.<\/p>\n<p style=\"text-align: justify;\">Para lograr esto que inici\u00f3 como un sue\u00f1o hace apenas dos meses, Jorge Isaul Leal solicita apoyo a la poblaci\u00f3n que desee tenderle la mano, y en cada ciudad visita espacios p\u00fablicos para llamar a la sociedad y recibir apoyo econ\u00f3mico para trasladarse al siguiente punto. De esta manera han visitado ya M\u00e9rida, Campeche, Tabasco, Chiapas, Veracruz y el siguiente punto despu\u00e9s de Oaxaca, ser\u00e1 Acapulco.<\/p>\n<p style=\"text-align: justify;\">Adem\u00e1s de pasajes y alimentaci\u00f3n, el joven de 18 a\u00f1os en esta condici\u00f3n distinta a la del resto utiliza pa\u00f1ales para adultos; por ello la pertinaz pareja solicita el apoyo de la poblaci\u00f3n. De su familia no sabe m\u00e1s, reconoce el Sr. Jorge, probablemente sepan de ellos ahora por las noticias, y ser\u00e1 importante que confirmen remarca que las condiciones actuales de su hijo no fueron un freno, sino un motor de impulso para iniciar una nueva etapa de sus vidas., Jorge Leal y su hijo estar\u00e1n en Oaxaca dos d\u00edas m\u00e1s, su tel\u00e9fono de contacto es el 961-246-76-45, los encontrar\u00e1 en el centro de esta capital.<\/p>\n<div style=\"width: 640px;\" class=\"wp-video\"><video class=\"wp-video-shortcode\" id=\"video-15416-2\" width=\"640\" height=\"304\" preload=\"metadata\" controls=\"controls\"><source type=\"video\/mp4\" src=\"http:\/\/redaccionoaxaca.com\/wp-content\/uploads\/2020\/11\/VID-20201125-WA0147.mp4?_=2\" \/><a href=\"http:\/\/redaccionoaxaca.com\/wp-content\/uploads\/2020\/11\/VID-20201125-WA0147.mp4\">http:\/\/redaccionoaxaca.com\/wp-content\/uploads\/2020\/11\/VID-20201125-WA0147.mp4<\/a><\/video><\/div>\n","protected":false},"excerpt":{"rendered":"<p>#Redacci\u00f3nOaxaca #Oaxaca Maira Ric\u00e1rdez La discapacidad que postr\u00f3 a su hijo en una silla de ruedas y que le obliga a usar una faja especial de manera permanente para lograr mantener erguido su cuerpo, no es impedimento para Jorge Isaul. Un dengue mal atendido, es el argumento que el m\u00e9dico le dio, lo desahuciaron, le [&hellip;]<\/p>\n","protected":false},"author":9,"featured_media":0,"comment_status":"open","ping_status":"open","sticky":false,"template":"","format":"video","meta":{"jetpack_post_was_ever_published":false,"_jetpack_newsletter_access":"","_jetpack_dont_email_post_to_subs":false,"_jetpack_newsletter_tier_id":0,"_jetpack_memberships_contains_paywalled_content":false,"_jetpack_memberships_contains_paid_content":false,"footnotes":"","jetpack_publicize_message":"","jetpack_publicize_feature_enabled":true,"jetpack_social_post_already_shared":false,"jetpack_social_options":{"image_generator_settings":{"template":"highway","default_image_id":0,"font":"","enabled":false},"version":2}},"categories":[7,5,3,6,1],"tags":[],"class_list":{"0":"post-15416","1":"post","2":"type-post","3":"status-publish","4":"format-video","6":"category-al-cierre","7":"category-imagen","8":"category-mesa-de-redaccion","9":"category-tendencias","10":"category-uncategorized","11":"post_format-post-format-video"},"jetpack_publicize_connections":[],"jetpack_featured_media_url":"","jetpack_sharing_enabled":true,"jetpack_shortlink":"https:\/\/wp.me\/p9Ynjw-40E","jetpack-related-posts":[{"id":17970,"url":"https:\/\/redaccionoaxaca.com\/index.php\/2021\/04\/01\/regalando-paletas-con-la-foto-de-su-hijo-madre-busca-a-su-hijo-desaparecido-hace-1-ano-2-meses\/","url_meta":{"origin":15416,"position":0},"title":"Regalando paletas con la foto de su hijo,  madre busca a su hijo desaparecido hace 1 a\u00f1o 2 meses.","author":"ariadna","date":"abril 1, 2021","format":"video","excerpt":"#Redacci\u00f3nOaxaca #Oaxaca Jaime GUERRERO Tomasa L\u00f3pez P\u00e9rez lleva un a\u00f1o y dos meses buscando a su hijo Luis Alberto L\u00f3pez Hern\u00e1ndez, desaparecido el pasado 23 de febrero de 2020 y su desesperaci\u00f3n la ha llevado a difundir su b\u00fasqueda en paletas de caramelo que obsequia en el Z\u00f3calo Capitalinohasta la\u2026","rel":"","context":"En &quot;Al Cierre&quot;","block_context":{"text":"Al Cierre","link":"https:\/\/redaccionoaxaca.com\/index.php\/category\/al-cierre\/"},"img":{"alt_text":"","src":"https:\/\/i0.wp.com\/redaccionoaxaca.com\/wp-content\/uploads\/2021\/04\/WhatsApp-Image-2021-03-31-at-1.23.20-PM-169x300.jpeg?resize=350%2C200","width":350,"height":200},"classes":[]},{"id":27301,"url":"https:\/\/redaccionoaxaca.com\/index.php\/2022\/08\/17\/13-personas-han-muerto-en-lo-que-va-del-ano-debido-a-mal-tiempo-victimas-de-ahogamiento-principalmente\/","url_meta":{"origin":15416,"position":1},"title":"13 personas han muerto en lo que va del a\u00f1o debido a mal tiempo, v\u00edctimas de ahogamiento principalmente","author":"ariadna","date":"agosto 17, 2022","format":false,"excerpt":"#Redacci\u00f3nOaxaca #Oaxaca Maira Ric\u00e1rdez\u00a0 *El r\u00edo de Ayuquila donde perecieron padre e hijo no es caudaloso, es de respuesta r\u00e1pida y hab\u00eda llovido intensamente localidades arriba Suman 13 personas muertas en lo que va del 2022 como consecuencia del temporal, primero fue como saldo de Agatha y se han ido\u2026","rel":"","context":"En &quot;Al Cierre&quot;","block_context":{"text":"Al Cierre","link":"https:\/\/redaccionoaxaca.com\/index.php\/category\/al-cierre\/"},"img":{"alt_text":"","src":"","width":0,"height":0},"classes":[]},{"id":9784,"url":"https:\/\/redaccionoaxaca.com\/index.php\/2019\/12\/27\/cae-segundo-implicado-por-ataque-con-acido-vs-saxofonista-autores-materiales-son-padre-e-hijo-investigan-a-vera-carrizal\/","url_meta":{"origin":15416,"position":2},"title":"Cae segundo implicado por ataque con \u00e1cido vs saxofonista;  autores materiales son padre e hijo; investigan a Vera Carrizal.","author":"ariadna","date":"diciembre 27, 2019","format":"video","excerpt":"#Redacci\u00f3nOaxaca #Oaxaca\u00a0 Jaime GUERRERO Tras anunciar la detenci\u00f3n de un segundo implicado en el ataque con \u00e1cido contra la saxofonista Mar\u00eda Elena R\u00edos, y la vinculaci\u00f3n a proceso del primer detenido, el fiscal de justicia de Oaxaca, Rub\u00e9n Vasconcelos M\u00e9ndez, indic\u00f3 que existe una l\u00ednea de investigaci\u00f3n contra el exdiputado\u2026","rel":"","context":"Entrada similar ","block_context":{"text":"Entrada similar ","link":""},"img":{"alt_text":"","src":"","width":0,"height":0},"classes":[]},{"id":10206,"url":"https:\/\/redaccionoaxaca.com\/index.php\/2020\/01\/17\/libran-orden-de-aprehension-vs-hijo-de-vera-carrizal-por-ataque-a-maria-elena-se-ampara\/","url_meta":{"origin":15416,"position":3},"title":"Libran orden de aprehensi\u00f3n vs hijo de Vera Carrizal por ataque a Mar\u00eda Elena; se ampara.","author":"ariadna","date":"enero 17, 2020","format":false,"excerpt":"#Redacci\u00f3nOaxaca #Oaxaca Jaime GUERRERO Juan Antonio V. H., hijo del exdiputado del Partido Revolucionario Institucional (PRI), Juan Antonio V. C., tambi\u00e9n estar\u00eda implicado en el ataque con \u00e1cido a la saxofonista, Mar\u00eda Elena R\u00edos Ortiz y por ello, tramit\u00f3 un amparo en el juzgado quinto de distrito, ya que a\u2026","rel":"","context":"Entrada similar ","block_context":{"text":"Entrada similar ","link":""},"img":{"alt_text":"","src":"","width":0,"height":0},"classes":[]},{"id":39831,"url":"https:\/\/redaccionoaxaca.com\/index.php\/2026\/01\/09\/temo-por-mi-vida-el-testimonio-de-suzette-jueza-oaxaquena-atrapada-en-un-circulo-de-violencia-vicaria\/","url_meta":{"origin":15416,"position":4},"title":"\u201cTemo por mi vida\u201d: El testimonio de Suzette, jueza oaxaque\u00f1a atrapada en un c\u00edrculo de violencia vicaria","author":"ariadna","date":"enero 9, 2026","format":false,"excerpt":"#Redacci\u00f3nOaxaca #Oaxaca Jaime GUERRERO \u201c\u00bfPor qu\u00e9 aguant\u00e9? \u00bfPor qu\u00e9 si soy jueza no denunci\u00e9 y sal\u00ed corriendo?\u201d. Son las preguntas que Suzette Soto Pinacho c\u00f3mo v\u00edctima de violencia de g\u00e9nero, sin importar su nivel educativo o profesional. Su testimonio desnuda una verdad inc\u00f3moda: la violencia machista no distingue preparaci\u00f3n acad\u00e9mica\u2026","rel":"","context":"En &quot;Imagen&quot;","block_context":{"text":"Imagen","link":"https:\/\/redaccionoaxaca.com\/index.php\/category\/imagen\/"},"img":{"alt_text":"","src":"https:\/\/i0.wp.com\/redaccionoaxaca.com\/wp-content\/uploads\/2026\/01\/11-7-scaled.jpg?fit=1200%2C692&ssl=1&resize=350%2C200","width":350,"height":200,"srcset":"https:\/\/i0.wp.com\/redaccionoaxaca.com\/wp-content\/uploads\/2026\/01\/11-7-scaled.jpg?fit=1200%2C692&ssl=1&resize=350%2C200 1x, https:\/\/i0.wp.com\/redaccionoaxaca.com\/wp-content\/uploads\/2026\/01\/11-7-scaled.jpg?fit=1200%2C692&ssl=1&resize=525%2C300 1.5x, https:\/\/i0.wp.com\/redaccionoaxaca.com\/wp-content\/uploads\/2026\/01\/11-7-scaled.jpg?fit=1200%2C692&ssl=1&resize=700%2C400 2x, https:\/\/i0.wp.com\/redaccionoaxaca.com\/wp-content\/uploads\/2026\/01\/11-7-scaled.jpg?fit=1200%2C692&ssl=1&resize=1050%2C600 3x"},"classes":[]},{"id":35558,"url":"https:\/\/redaccionoaxaca.com\/index.php\/2025\/02\/09\/muere-persona-en-carcel-municipal-de-jalapa-de-diaz-oaxaca-policias-serian-los-responsables\/","url_meta":{"origin":15416,"position":5},"title":"Muere persona en c\u00e1rcel municipal de Jalapa de D\u00edaz, Oaxaca; polic\u00edas ser\u00edan los responsables","author":"ariadna","date":"febrero 9, 2025","format":false,"excerpt":"#Redacci\u00f3nOaxaca #Oaxaca Jaime GUERRERO Fidencio Franco Miranda de ocupaci\u00f3n comerciante muri\u00f3 en la c\u00e1rcel del municipio San Felipe Jalapa de D\u00edaz, Oaxaca, presuntamente, tras ser torturado por elementos de la Polic\u00eda Municipal: De acuerdo a versiones de testigos, Fidencio sostuvo una discusi\u00f3n con otro comerciante y tras recibir el reporte\u2026","rel":"","context":"En &quot;Al Cierre&quot;","block_context":{"text":"Al Cierre","link":"https:\/\/redaccionoaxaca.com\/index.php\/category\/al-cierre\/"},"img":{"alt_text":"","src":"https:\/\/i0.wp.com\/redaccionoaxaca.com\/wp-content\/uploads\/2025\/02\/Screenshot_20250209-143500_WhatsApp-218x300.jpg?resize=350%2C200&ssl=1","width":350,"height":200},"classes":[]}],"_links":{"self":[{"href":"https:\/\/redaccionoaxaca.com\/index.php\/wp-json\/wp\/v2\/posts\/15416","targetHints":{"allow":["GET"]}}],"collection":[{"href":"https:\/\/redaccionoaxaca.com\/index.php\/wp-json\/wp\/v2\/posts"}],"about":[{"href":"https:\/\/redaccionoaxaca.com\/index.php\/wp-json\/wp\/v2\/types\/post"}],"author":[{"embeddable":true,"href":"https:\/\/redaccionoaxaca.com\/index.php\/wp-json\/wp\/v2\/users\/9"}],"replies":[{"embeddable":true,"href":"https:\/\/redaccionoaxaca.com\/index.php\/wp-json\/wp\/v2\/comments?post=15416"}],"version-history":[{"count":1,"href":"https:\/\/redaccionoaxaca.com\/index.php\/wp-json\/wp\/v2\/posts\/15416\/revisions"}],"predecessor-version":[{"id":15420,"href":"https:\/\/redaccionoaxaca.com\/index.php\/wp-json\/wp\/v2\/posts\/15416\/revisions\/15420"}],"wp:attachment":[{"href":"https:\/\/redaccionoaxaca.com\/index.php\/wp-json\/wp\/v2\/media?parent=15416"}],"wp:term":[{"taxonomy":"category","embeddable":true,"href":"https:\/\/redaccionoaxaca.com\/index.php\/wp-json\/wp\/v2\/categories?post=15416"},{"taxonomy":"post_tag","embeddable":true,"href":"https:\/\/redaccionoaxaca.com\/index.php\/wp-json\/wp\/v2\/tags?post=15416"}],"curies":[{"name":"wp","href":"https:\/\/api.w.org\/{rel}","templated":true}]}}