{"id":15421,"date":"2020-11-26T13:27:53","date_gmt":"2020-11-26T19:27:53","guid":{"rendered":"http:\/\/redaccionoaxaca.com\/?p=15421"},"modified":"2020-11-26T13:27:53","modified_gmt":"2020-11-26T19:27:53","slug":"se-traba-eleccion-de-mesa-directiva-del-congreso-prorrogan-actual-y-perfilan-a-una-priista","status":"publish","type":"post","link":"https:\/\/redaccionoaxaca.com\/index.php\/2020\/11\/26\/se-traba-eleccion-de-mesa-directiva-del-congreso-prorrogan-actual-y-perfilan-a-una-priista\/","title":{"rendered":"Se traba elecci\u00f3n de Mesa Directiva del  Congreso, prorrogan actual y perfilan a una pri\u00edsta."},"content":{"rendered":"<p><strong>#Redacci\u00f3nOaxaca<\/strong><\/p>\n<p><strong>#Oaxaca<\/strong><\/p>\n<p><strong>Jaime GUERRERO<\/strong><\/p>\n<p style=\"text-align: justify;\">Por falta de acuerdos entre las principales fuerzas pol\u00edticas con las bancadas minoritarias de la LXIV Legislatura, se entramp\u00f3 la elecci\u00f3n de la Presidenta e integrantes de la Mesa Directiva, por tanto a propuesta de la Junta de Coordinaci\u00f3n Pol\u00edtica, el pleno determin\u00f3 prorrogar hasta el 2 de diciembre la elecci\u00f3n de los nuevos integrantes, pese a que contravienen la Ley Org\u00e1nica del Poder Legislativo y el Reglamento Interior del Congreso.<\/p>\n<p style=\"text-align: justify;\">No obstante, todo apunta a que el PRI siga presidiendo ese \u00f3rgano legislativo en la figura de una diputada.<\/p>\n<p style=\"text-align: justify;\">La sesi\u00f3n de este mi\u00e9rcoles, fue conducida por la a\u00fan vicepresidenta, Hilda Graciela P\u00e9rez Luis. Formalmente, el pri\u00edsta, Jorge Villaca\u00f1a Jim\u00e9nez, a\u00fan sigue presidiendo ese \u00f3rgano legislativo.<\/p>\n<p style=\"text-align: justify;\">El art\u00edculo 33 de la ley org\u00e1nica del poder legislativo, establece que la Mesa Directiva se integrar\u00e1, atendiendo al principio de igualdad de g\u00e9nero, con una Presidencia, una Vicepresidencia y tres Secretar\u00edas, que durar\u00e1n en su cargo un a\u00f1o; no pudiendo ser reelectos para los mismos cargos para el a\u00f1o inmediato posterior al de su nombramiento.<\/p>\n<p style=\"text-align: justify;\">La Presidencia de la Mesa Directiva, ser\u00e1 rotativa y en ning\u00fan caso recaer\u00e1 en el mismo a\u00f1o legislativo, en un Diputado que pertenezca al Grupo Parlamentario que presida la Junta de Coordinaci\u00f3n Pol\u00edtica.<\/p>\n<p style=\"text-align: justify;\">Actualmente el \u00fanico cargo que se oficializado es el de la Presidenta de la Junta de Coordinaci\u00f3n Pol\u00edtica, Delfina Guzm\u00e1n D\u00edaz -coordinadora de la bancada de Morena- para el periodo del 13 de noviembre del 2020 al 12 de noviembre del 2021.<\/p>\n<p style=\"text-align: justify;\">En tanto, la Mesa Directiva, est\u00e1 en disputa entre las bancadas minoritarias.<\/p>\n<p style=\"text-align: justify;\">Y es que la diputada del Partido Verde Ecologista de M\u00e9xico, Aurora L\u00f3pez Acevedo, busca presidir ese \u00f3rgano legislativo. La pol\u00e9mica ex secretaria de transporte, se ensalza a trav\u00e9s de publicaciones en redes sociales.<\/p>\n<p style=\"text-align: justify;\">Por su parte, Aleyda Serrano Rosado, tambi\u00e9n busca presidir la Mesa Directiva, sin embargo, en t\u00e9rminos legales no existe una bancada formal, debido a que por acuerdo pol\u00edtico inventaron la bancada de Mujeres Independientes. Serrano Rosado, proviene del PES, mientras que su actual coordinadora, Elim Antonio Aquino, es electa por el PRD, mantiene su militancia y siglado legal.<\/p>\n<p style=\"text-align: justify;\">Con esas disyuntivas, el PRI alista una estrategia legislativa para que una de sus integrantes, entre ellas, Yarit Tanos Cruz, Lilia Mendoza o Maritza V\u00e1zquez Guerra, puedan asumir la Presidencia de la Mesa Directiva.<\/p>\n<p style=\"text-align: justify;\">El ART\u00cdCULO 22 del reglamento interior del Congreso, establece que, para la elecci\u00f3n de los integrantes de la Mesa Directiva, los Grupos Parlamentarios postular\u00e1n a quienes deban conformarla. Los coordinadores de los Grupos Parlamentarios no podr\u00e1n formar parte de la Mesa Directiva.<\/p>\n<p style=\"text-align: justify;\">La elecci\u00f3n de los integrantes de la Mesa Directiva se llevar\u00e1 a cabo durante la sesi\u00f3n preparatoria del a\u00f1o que corresponda, previo acuerdo de los integrantes de la Jucopo.<\/p>\n<p style=\"text-align: justify;\">La Presidencia de la Mesa Directiva ser\u00e1 ejercida, en forma alternada y para cada a\u00f1o legislativo, por los tres Grupos Parlamentarios que cuenten con el mayor n\u00famero de diputados (Morena, PRI y PT). El orden anual para presidir este \u00f3rgano ser\u00e1 determinado por la Jucopo. El PT ya ha presidido la Mesa con C\u00e9sar Morales Ni\u00f1o; el PRI a\u00fan con Villca\u00f1a Jim\u00e9nez; Morena esta impedido en presidir ese \u00f3rgano debido a que en los tres a\u00f1os ha ocupado la Presidencia de la Jucopo.<\/p>\n<p style=\"text-align: justify;\">Por ello, el reglamento interior del Congreso, establece que en caso de no existir acuerdo al respecto, se proceder\u00e1 conforme a lo siguiente: La Presidencia de la Mesa Directiva para el primero, segundo y tercer a\u00f1o de ejercicio de la Legislatura, recaer\u00e1 en orden ascendente, en un integrante de los tres grupos parlamentarios con mayor n\u00famero de diputados.<\/p>\n<p style=\"text-align: justify;\">El Presidente de la Mesa Directiva no podr\u00e1 ser designado, de manera simult\u00e1nea para ning\u00fan otro cargo dentro de la Legislatura.<\/p>\n<p style=\"text-align: justify;\">No podr\u00e1 recaer en un mismo a\u00f1o legislativo, el ejercicio de la Presidencia de la Mesa Directiva y de la Jucopo, en un mismo Grupo Parlamentario.<\/p>\n","protected":false},"excerpt":{"rendered":"<p>#Redacci\u00f3nOaxaca #Oaxaca Jaime GUERRERO Por falta de acuerdos entre las principales fuerzas pol\u00edticas con las bancadas minoritarias de la LXIV Legislatura, se entramp\u00f3 la elecci\u00f3n de la Presidenta e integrantes de la Mesa Directiva, por tanto a propuesta de la Junta de Coordinaci\u00f3n Pol\u00edtica, el pleno determin\u00f3 prorrogar hasta el 2 de diciembre la elecci\u00f3n [&hellip;]<\/p>\n","protected":false},"author":9,"featured_media":0,"comment_status":"open","ping_status":"open","sticky":false,"template":"","format":"standard","meta":{"jetpack_post_was_ever_published":false,"_jetpack_newsletter_access":"","_jetpack_dont_email_post_to_subs":false,"_jetpack_newsletter_tier_id":0,"_jetpack_memberships_contains_paywalled_content":false,"_jetpack_memberships_contains_paid_content":false,"footnotes":"","jetpack_publicize_message":"","jetpack_publicize_feature_enabled":true,"jetpack_social_post_already_shared":false,"jetpack_social_options":{"image_generator_settings":{"template":"highway","default_image_id":0,"font":"","enabled":false},"version":2}},"categories":[4,7,3,6,1],"tags":[],"class_list":{"0":"post-15421","1":"post","2":"type-post","3":"status-publish","4":"format-standard","6":"category-agenda-politica","7":"category-al-cierre","8":"category-mesa-de-redaccion","9":"category-tendencias","10":"category-uncategorized"},"jetpack_publicize_connections":[],"jetpack_featured_media_url":"","jetpack_sharing_enabled":true,"jetpack_shortlink":"https:\/\/wp.me\/p9Ynjw-40J","jetpack-related-posts":[{"id":15591,"url":"https:\/\/redaccionoaxaca.com\/index.php\/2020\/12\/02\/por-eternos-disensos-entre-bancada-de-morena-sigue-entrampada-la-designacion-de-la-mesa-directiva-se-disputan-vicepresidencia\/","url_meta":{"origin":15421,"position":0},"title":"Por eternos disensos entre bancada de Morena, sigue entrampada  la designaci\u00f3n de la Mesa Directiva; se disputan Vicepresidencia.","author":"ariadna","date":"diciembre 2, 2020","format":false,"excerpt":"#Redacci\u00f3nOaxaca #Oaxaca Jaime GUERRERO A tres semanas de reanudarse las sesiones ordinarias de la LXIV Legislatura, la designaci\u00f3n de la Presidencia, Vicepresidencia, secretarias y secretarios de la Mesa Directiva se entramp\u00f3, una vez m\u00e1s por los disensos entre la bancada del Partido Movimiento de Regeneraci\u00f3n Nacional (Morena). Esa discrepancia entre\u2026","rel":"","context":"En &quot;Al Cierre&quot;","block_context":{"text":"Al Cierre","link":"https:\/\/redaccionoaxaca.com\/index.php\/category\/al-cierre\/"},"img":{"alt_text":"","src":"","width":0,"height":0},"classes":[]},{"id":9237,"url":"https:\/\/redaccionoaxaca.com\/index.php\/2019\/11\/19\/pri-a-la-mesa-directiva-confirma-aviles-jorge-villacana-el-perfilado\/","url_meta":{"origin":15421,"position":1},"title":"PRI a la Mesa Directiva, confirma Avil\u00e9s; Jorge Villaca\u00f1a el perfilado.","author":"ariadna","date":"noviembre 19, 2019","format":"video","excerpt":"#Redacci\u00f3nOaxaca #Oaxaca Jaime GUERRERO El coordinador de los diputados de la bancada del Partido Revolucionario Institutocional, Alejandro Avil\u00e9s \u00c1lvarez, confirm\u00f3 que ser\u00e1 el PRI quien asuma la presidencia de la Mesa Directiva de la LXIV Legislatura, y ser\u00e1 en la pr\u00f3xima sesi\u00f3n cuando se d\u00e9 cumplimiento a lo mandatado por\u2026","rel":"","context":"Entrada similar ","block_context":{"text":"Entrada similar ","link":""},"img":{"alt_text":"","src":"","width":0,"height":0},"classes":[]},{"id":7876,"url":"https:\/\/redaccionoaxaca.com\/index.php\/2019\/08\/07\/morena-tiene-la-jucopo-ahora-busca-apoderarse-de-la-mesa-directiva-y-dejar-fuera-al-pri\/","url_meta":{"origin":15421,"position":2},"title":"Morena tiene la Jucopo, ahora busca  apoderarse de la Mesa Directiva y dejar fuera al PRI.","author":"jaime","date":"agosto 7, 2019","format":false,"excerpt":"#Redacci\u00f3nOaxaca #Oaxaca Jaime GUERRERO El Partido Movimiento de Regeneraci\u00f3n Nacional, present\u00f3 una reforma de la ley org\u00e1nica del Poder Legislativo y al Reglamento del Congreso del Estado, para apoderarse, no solo de la Presidencia de la Junta de Coordinaci\u00f3n Pol\u00edtica, tambi\u00e9n de la Mesa Directiva, eliminando toda posibilidad de la\u2026","rel":"","context":"Entrada similar ","block_context":{"text":"Entrada similar ","link":""},"img":{"alt_text":"","src":"","width":0,"height":0},"classes":[]},{"id":9189,"url":"https:\/\/redaccionoaxaca.com\/index.php\/2019\/11\/14\/violentando-el-reglamento-y-ley-organica-del-legislativo-pt-recibira-y-constara-informe-de-murat-pri-mor-complices\/","url_meta":{"origin":15421,"position":3},"title":"Violentando el reglamento y ley org\u00e1nica del Legislativo, PT recibir\u00e1 y constar\u00e1 informe de Murat; PRI-Mor c\u00f3mplices.","author":"ariadna","date":"noviembre 14, 2019","format":false,"excerpt":"#Redacci\u00f3nOaxaca #Oaxaca Jaime GUERRERO Frente a la indefinici\u00f3n de la bancada del Partido Revolucionario Institucional (PRI), respecto a qui\u00e9n de sus diputados de la LXIV Legislatura, presidir\u00e1 la Presidencia de la Mesa Directiva, y a sugerencia del propio diputado del Partido del Trabajo (PT), C\u00e9sar Morales Ni\u00f1o, el petista continuar\u00e1\u2026","rel":"","context":"Entrada similar ","block_context":{"text":"Entrada similar ","link":""},"img":{"alt_text":"","src":"","width":0,"height":0},"classes":[]},{"id":29698,"url":"https:\/\/redaccionoaxaca.com\/index.php\/2023\/11\/14\/les-queda-una-ano-en-la-ubre-diputado-del-pri-de-oaxaca-a-sus-pares-congreso-renovo-presidencia-de-jucopo-y-mesa-no-nos-distraeremos-sls\/","url_meta":{"origin":15421,"position":4},"title":"\u201cLes queda una a\u00f1o en la ubre\u201d: diputado del PRI de Oaxaca a sus pares;   Congreso renov\u00f3 Presidencia de Jucopo y Mesa; \u201cno nos distraeremos\u201d: SLS","author":"ariadna","date":"noviembre 14, 2023","format":false,"excerpt":"#Redacci\u00f3nOaxaca #Oaxaca Jaime GUERRERO Por acuerdo pol\u00edtico y legislativo, la LXV Legislatura del Congreso de Oaxaca renov\u00f3 sus organos de gobierno: la presidencia de la Junta de Coordinaci\u00f3n Pol\u00edtica (Jucopo), quien estar\u00e1 a cargo del nuevo coordinador de la bancada del Partido Movimiento de Regeneraci\u00f3n Nacional (Morena), Sergio L\u00f3pez S\u00e1nchez\u2026","rel":"","context":"En &quot;Agenda Pol\u00edtica&quot;","block_context":{"text":"Agenda Pol\u00edtica","link":"https:\/\/redaccionoaxaca.com\/index.php\/category\/agenda-politica\/"},"img":{"alt_text":"","src":"","width":0,"height":0},"classes":[]},{"id":9171,"url":"https:\/\/redaccionoaxaca.com\/index.php\/2019\/11\/13\/en-el-aire-nueva-mesa-directiva-para-segundo-ano-de-la-lxiv-legislatura-pt-truncaria-su-acuerdo-y-toca-al-pri\/","url_meta":{"origin":15421,"position":5},"title":"En el aire nueva Mesa Directiva para segundo a\u00f1o de\u00a0  la LXIV Legislatura; PT truncar\u00eda su acuerdo, y toca al PRI.","author":"ariadna","date":"noviembre 13, 2019","format":false,"excerpt":"#Redacci\u00f3nOaxaca #Oaxaca\u00a0 Jaime GUERRERO\u00a0 \u00a0La designaci\u00f3n de la Presidencia de la Mesa Directiva de LXIV Legislatura, para el segundo a\u00f1o de ejercicio legal, \u00e9sta en el aire. Legalmente le corresponde a la bancada del Partido Revolucionario Institucional (PRI), no obstante, el Partido del Trabajo -arropado por la bancada de Morena-\u2026","rel":"","context":"Entrada similar ","block_context":{"text":"Entrada similar ","link":""},"img":{"alt_text":"","src":"","width":0,"height":0},"classes":[]}],"_links":{"self":[{"href":"https:\/\/redaccionoaxaca.com\/index.php\/wp-json\/wp\/v2\/posts\/15421","targetHints":{"allow":["GET"]}}],"collection":[{"href":"https:\/\/redaccionoaxaca.com\/index.php\/wp-json\/wp\/v2\/posts"}],"about":[{"href":"https:\/\/redaccionoaxaca.com\/index.php\/wp-json\/wp\/v2\/types\/post"}],"author":[{"embeddable":true,"href":"https:\/\/redaccionoaxaca.com\/index.php\/wp-json\/wp\/v2\/users\/9"}],"replies":[{"embeddable":true,"href":"https:\/\/redaccionoaxaca.com\/index.php\/wp-json\/wp\/v2\/comments?post=15421"}],"version-history":[{"count":1,"href":"https:\/\/redaccionoaxaca.com\/index.php\/wp-json\/wp\/v2\/posts\/15421\/revisions"}],"predecessor-version":[{"id":15423,"href":"https:\/\/redaccionoaxaca.com\/index.php\/wp-json\/wp\/v2\/posts\/15421\/revisions\/15423"}],"wp:attachment":[{"href":"https:\/\/redaccionoaxaca.com\/index.php\/wp-json\/wp\/v2\/media?parent=15421"}],"wp:term":[{"taxonomy":"category","embeddable":true,"href":"https:\/\/redaccionoaxaca.com\/index.php\/wp-json\/wp\/v2\/categories?post=15421"},{"taxonomy":"post_tag","embeddable":true,"href":"https:\/\/redaccionoaxaca.com\/index.php\/wp-json\/wp\/v2\/tags?post=15421"}],"curies":[{"name":"wp","href":"https:\/\/api.w.org\/{rel}","templated":true}]}}