{"id":15585,"date":"2020-12-02T18:52:02","date_gmt":"2020-12-03T00:52:02","guid":{"rendered":"http:\/\/redaccionoaxaca.com\/?p=15585"},"modified":"2020-12-02T18:52:02","modified_gmt":"2020-12-03T00:52:02","slug":"pese-a-recortes-federales-en-el-2021-no-desaparecera-ninguno-de-los-programas-sociales-del-dif-confirma-la-instancia","status":"publish","type":"post","link":"https:\/\/redaccionoaxaca.com\/index.php\/2020\/12\/02\/pese-a-recortes-federales-en-el-2021-no-desaparecera-ninguno-de-los-programas-sociales-del-dif-confirma-la-instancia\/","title":{"rendered":"Pese a recortes federales, en el 2021 no desaparecer\u00e1 ninguno de los programas sociales del DIF confirma la instancia."},"content":{"rendered":"<p><strong>#Redacci\u00f3nOaxaca<\/strong><\/p>\n<p><strong>#Oaxaca<\/strong><\/p>\n<p><strong>Maira Ric\u00e1rdez<\/strong><\/p>\n<p style=\"text-align: justify;\">Los dos a\u00f1os restantes de este Gobierno ser\u00e1n de los m\u00e1s interesantes para la administraci\u00f3n del Sistema para el Desarrollo Integral de la Familia (DIF) consider\u00f3 el Subdirector Jauri S\u00e1nchez Cruz en el marco del 4\u00ba. Informe de actividades presentado por la Presidenta del organismo el pasado s\u00e1bado 28.<\/p>\n<p style=\"text-align: justify;\">El recurso siempre ser\u00e1 escaso para un estado con 570 Ayuntamientos con necesidades distintas cada uno; sin embargo, pese a los recortes presupuestales de la Federaci\u00f3n el compromiso es que no desaparezca ninguno de los programas asistenciales; las cocinas comunitarias, desayunos escolares, casas de d\u00eda para adultos mayores, apoyo a discapacitados; estos se mantendr\u00e1n, no desaparecer\u00e1n programas, inform\u00f3 el Subdirector.<\/p>\n<p style=\"text-align: justify;\">Se refiri\u00f3 tambi\u00e9n dentro de los 14 puntos m\u00e1s relevantes de trabajo, al programa DIF Contigo y tu Familia, que distribuy\u00f3 despensa b\u00e1sica a familias de las 8 regiones del estado; en el contexto de la pandemia covid las necesidades econ\u00f3micas se incrementaron y esta instancia de Gobierno se encarg\u00f3 de entregar este apoyo, iniciando por hogares con personas discapacitadas, adultos mayores, madres solteras., este apoyo es importante informar, tuvo un presupuesto de 42 millones de pesos.<\/p>\n<p style=\"text-align: justify;\">Destaca tambi\u00e9n \u201cCasa de Alas\u201d, que ser\u00e1 la casa que alberga todo este sistema que opera la asistencia social, y cuyo proyecto busca dignificar el trabajo que realizan; este mismo mes ser\u00e1 inaugurado adelant\u00f3 \u201cCasa Zenzontle\u201d, el nuevo hogar de las ni\u00f1as y ni\u00f1os de las casas hogares, instalaciones dignas para iniciar una nueva historia para ellos y ellas.<\/p>\n<p style=\"text-align: justify;\">Respecto a la atenci\u00f3n de familias de escasos recursos impactadas por el covid, con decesos al interior de sus hogares, no tienen un censo como tal, pero reconoci\u00f3 que son las personas adultas mayores, las madres solteras, de las familias m\u00e1s afectadas; por ello potenciar\u00e1n sus recorridos por las 8 regiones para entregar directamente en mano los apoyos oficiales.<\/p>\n","protected":false},"excerpt":{"rendered":"<p>#Redacci\u00f3nOaxaca #Oaxaca Maira Ric\u00e1rdez Los dos a\u00f1os restantes de este Gobierno ser\u00e1n de los m\u00e1s interesantes para la administraci\u00f3n del Sistema para el Desarrollo Integral de la Familia (DIF) consider\u00f3 el Subdirector Jauri S\u00e1nchez Cruz en el marco del 4\u00ba. Informe de actividades presentado por la Presidenta del organismo el pasado s\u00e1bado 28. El recurso [&hellip;]<\/p>\n","protected":false},"author":9,"featured_media":0,"comment_status":"open","ping_status":"open","sticky":false,"template":"","format":"standard","meta":{"jetpack_post_was_ever_published":false,"_jetpack_newsletter_access":"","_jetpack_dont_email_post_to_subs":false,"_jetpack_newsletter_tier_id":0,"_jetpack_memberships_contains_paywalled_content":false,"_jetpack_memberships_contains_paid_content":false,"footnotes":"","jetpack_publicize_message":"","jetpack_publicize_feature_enabled":true,"jetpack_social_post_already_shared":false,"jetpack_social_options":{"image_generator_settings":{"template":"highway","default_image_id":0,"font":"","enabled":false},"version":2}},"categories":[7,5,3,6,1],"tags":[],"class_list":{"0":"post-15585","1":"post","2":"type-post","3":"status-publish","4":"format-standard","6":"category-al-cierre","7":"category-imagen","8":"category-mesa-de-redaccion","9":"category-tendencias","10":"category-uncategorized"},"jetpack_publicize_connections":[],"jetpack_featured_media_url":"","jetpack_sharing_enabled":true,"jetpack_shortlink":"https:\/\/wp.me\/p9Ynjw-43n","jetpack-related-posts":[{"id":29647,"url":"https:\/\/redaccionoaxaca.com\/index.php\/2023\/11\/08\/recortes-a-presupuesto-de-oaxaca-desgastara-mas-a-la-administracion-alerta-gobernador\/","url_meta":{"origin":15585,"position":0},"title":"Recortes a presupuesto de Oaxaca, desgastar\u00e1  m\u00e1s a la administraci\u00f3n, alerta Gobernador","author":"ariadna","date":"noviembre 8, 2023","format":false,"excerpt":"#Redacci\u00f3nOaxaca #Oaxaca Jaime GUERRERO El Gobernador del Estado, Salom\u00f3n Jara Cruz, alert\u00f3 que los recortes al presupuesto del ejercicio fiscal del 2023 para Oaxaca, desgastar\u00e1 m\u00e1s a la administraci\u00f3n estatal y por tanto, se tendr\u00e1 que intensificar el plan de austeridad en su gesti\u00f3n. No obstante, una vez discutidas las\u2026","rel":"","context":"En &quot;Imagen&quot;","block_context":{"text":"Imagen","link":"https:\/\/redaccionoaxaca.com\/index.php\/category\/imagen\/"},"img":{"alt_text":"","src":"","width":0,"height":0},"classes":[]},{"id":16713,"url":"https:\/\/redaccionoaxaca.com\/index.php\/2021\/02\/05\/dif-estatal-limpio-no-tienen-irregularidades-desde-2016-2017-2018-y-2019-asf-no-ha-emitido-observacion-contralor\/","url_meta":{"origin":15585,"position":1},"title":"VIDEO: DIF estatal limpio, no tienen irregularidades, desde 2016,  2017, 2018 y 2019, ASF no ha emitido observaci\u00f3n: Contralor.","author":"ariadna","date":"febrero 5, 2021","format":"video","excerpt":"#Redacci\u00f3nOaxaca #Oaxaca Jaime GUERRERO El titular de la Secretar\u00eda de la Contralor\u00eda y Transparencia Gubernamental, Jos\u00e9 \u00c1ngel D\u00edaz Navarro, afirm\u00f3 que el programa de despensas que adquiere el Sistema Integral para el Desarrollo de la Familia (DIF), fue auditado por la Auditoria Superior de la Federaci\u00f3n (ASF), y no tiene\u2026","rel":"","context":"En &quot;Agenda Pol\u00edtica&quot;","block_context":{"text":"Agenda Pol\u00edtica","link":"https:\/\/redaccionoaxaca.com\/index.php\/category\/agenda-politica\/"},"img":{"alt_text":"","src":"","width":0,"height":0},"classes":[]},{"id":21637,"url":"https:\/\/redaccionoaxaca.com\/index.php\/2021\/10\/14\/transparentar-recursos-para-reactivacion-economica-exige-congreso-a-se-y-dif-estatal\/","url_meta":{"origin":15585,"position":2},"title":"Transparentar recursos para reactivaci\u00f3n econ\u00f3mica, exige Congreso a SE y DIF estatal.","author":"ariadna","date":"octubre 14, 2021","format":false,"excerpt":"#Redacci\u00f3nOaxaca #Oaxaca Comunicado San Raymundo Jalpan, Oax,. 14 de octubre de 2021.- El Congreso de Oaxaca demand\u00f3 a la Secretar\u00eda de Econom\u00eda (SE) y al Sistema para el Desarrollo Integral de la Familia (DIF) estatal, hacer transparente la aplicaci\u00f3n de m\u00e1s de mil millones de pesos utilizados para programas de\u2026","rel":"","context":"En &quot;Agenda Pol\u00edtica&quot;","block_context":{"text":"Agenda Pol\u00edtica","link":"https:\/\/redaccionoaxaca.com\/index.php\/category\/agenda-politica\/"},"img":{"alt_text":"","src":"","width":0,"height":0},"classes":[]},{"id":27717,"url":"https:\/\/redaccionoaxaca.com\/index.php\/2022\/09\/07\/cerrara-el-dif-alimentando-a-307-mil-personas-vulnerables-son-los-comites-municipales-los-grandes-aliados-que-procesan-los-productos-y-dia-a-dia-sirven-los-desayunos-calientes\/","url_meta":{"origin":15585,"position":3},"title":"Cerrar\u00e1 el DIF alimentando a 307 mil personas vulnerables; son los comit\u00e9s municipales los grandes aliados que procesan los productos y d\u00eda a d\u00eda sirven los desayunos calientes","author":"ariadna","date":"septiembre 7, 2022","format":false,"excerpt":"#Redacci\u00f3nOaxaca #Oaxaca Maira Ric\u00e1rdez\u00a0 Los n\u00fameros pueden ser fr\u00edos, pero los desayunos se sirvieron durante estos a\u00f1os calientes; suman un total de 517 municipios, la mayor\u00eda de alta y muy alta marginaci\u00f3n con m\u00e1s de 3 mil localidades atendidas, 1 mil 361 cocinas comunitarias instauradas en coordinaci\u00f3n con la poblaci\u00f3n,\u2026","rel":"","context":"En &quot;Imagen&quot;","block_context":{"text":"Imagen","link":"https:\/\/redaccionoaxaca.com\/index.php\/category\/imagen\/"},"img":{"alt_text":"","src":"","width":0,"height":0},"classes":[]},{"id":29641,"url":"https:\/\/redaccionoaxaca.com\/index.php\/2023\/11\/08\/con-tijerazo-de-7-mil-776-4-mdp-proyectan-110-mil-305-8-mdp-de-presupuesto-para-oaxaca-en-2024\/","url_meta":{"origin":15585,"position":4},"title":"Con \u201ctijerazo\u201d de 7 mil 776.4 mdp; proyectan  110 mil 305.8 mdp de presupuesto para Oaxaca en 2024","author":"ariadna","date":"noviembre 8, 2023","format":false,"excerpt":"#Redacci\u00f3nOaxaca #Oaxaca Jaime GUERRERO En el Proyecto de Presupuesto de Egresos de la Federaci\u00f3n del 2024, (PPEF-2024) el Ejecutivo Federal propone de presupuesto en Gasto Federalizado para operatividad, en Programas Federales sujetos a Reglas Operaci\u00f3n y para Programas y Proyectos de Inversi\u00f3n para Oaxaca, 110 mil 305.8 millones de pesos\u2026","rel":"","context":"En &quot;Agenda Pol\u00edtica&quot;","block_context":{"text":"Agenda Pol\u00edtica","link":"https:\/\/redaccionoaxaca.com\/index.php\/category\/agenda-politica\/"},"img":{"alt_text":"","src":"https:\/\/i0.wp.com\/redaccionoaxaca.com\/wp-content\/uploads\/2023\/11\/IMG-20231108-WA0020-221x300.jpg?resize=350%2C200&ssl=1","width":350,"height":200},"classes":[]},{"id":6683,"url":"https:\/\/redaccionoaxaca.com\/index.php\/2019\/05\/07\/300-mil-personas-viven-con-discapacidad-en-oaxaca-este-mayo-habra-jornadas-medicas-gratuitas\/","url_meta":{"origin":15585,"position":5},"title":"300 mil personas viven con discapacidad en Oaxaca, este mayo habr\u00e1  jornadas m\u00e9dicas gratuitas.","author":"mayra","date":"mayo 7, 2019","format":false,"excerpt":"#Redacci\u00f3nOaxaca #Oaxaca Maira Ric\u00e1rdez En el Estado de Oaxaca, de acuerdo al \u00faltimo censo del Instituto Nacional de Estad\u00edstica y Geograf\u00eda (INEGI) existen\u00a0\u00a0alrededor de 300 mil personas con discapacidad de diversos tipos, la mayor\u00eda se trata de alguna discapacidad motriz, estableci\u00f3 la Directora de Operaci\u00f3n de Bienestar del Sistema DIF\u2026","rel":"","context":"Entrada similar ","block_context":{"text":"Entrada similar ","link":""},"img":{"alt_text":"","src":"","width":0,"height":0},"classes":[]}],"_links":{"self":[{"href":"https:\/\/redaccionoaxaca.com\/index.php\/wp-json\/wp\/v2\/posts\/15585","targetHints":{"allow":["GET"]}}],"collection":[{"href":"https:\/\/redaccionoaxaca.com\/index.php\/wp-json\/wp\/v2\/posts"}],"about":[{"href":"https:\/\/redaccionoaxaca.com\/index.php\/wp-json\/wp\/v2\/types\/post"}],"author":[{"embeddable":true,"href":"https:\/\/redaccionoaxaca.com\/index.php\/wp-json\/wp\/v2\/users\/9"}],"replies":[{"embeddable":true,"href":"https:\/\/redaccionoaxaca.com\/index.php\/wp-json\/wp\/v2\/comments?post=15585"}],"version-history":[{"count":1,"href":"https:\/\/redaccionoaxaca.com\/index.php\/wp-json\/wp\/v2\/posts\/15585\/revisions"}],"predecessor-version":[{"id":15587,"href":"https:\/\/redaccionoaxaca.com\/index.php\/wp-json\/wp\/v2\/posts\/15585\/revisions\/15587"}],"wp:attachment":[{"href":"https:\/\/redaccionoaxaca.com\/index.php\/wp-json\/wp\/v2\/media?parent=15585"}],"wp:term":[{"taxonomy":"category","embeddable":true,"href":"https:\/\/redaccionoaxaca.com\/index.php\/wp-json\/wp\/v2\/categories?post=15585"},{"taxonomy":"post_tag","embeddable":true,"href":"https:\/\/redaccionoaxaca.com\/index.php\/wp-json\/wp\/v2\/tags?post=15585"}],"curies":[{"name":"wp","href":"https:\/\/api.w.org\/{rel}","templated":true}]}}