{"id":15781,"date":"2020-12-14T11:23:06","date_gmt":"2020-12-14T17:23:06","guid":{"rendered":"http:\/\/redaccionoaxaca.com\/?p=15781"},"modified":"2020-12-14T11:23:06","modified_gmt":"2020-12-14T17:23:06","slug":"paro-en-el-cecyte-oaxaca","status":"publish","type":"post","link":"https:\/\/redaccionoaxaca.com\/index.php\/2020\/12\/14\/paro-en-el-cecyte-oaxaca\/","title":{"rendered":"PARO EN EL CECYTE &#8211; OAXACA"},"content":{"rendered":"<p><strong>#Redacci\u00f3nOaxaca<\/strong><\/p>\n<p><strong>#Oaxaca<\/strong><\/p>\n<p style=\"text-align: justify;\">Trabajadores sindicalizados del Colegio de Estudios Cient\u00edficos y Tecnol\u00f3gicos del Estado de Oaxaca iniciaron un paro de labores para exigir que la Secretar\u00eda de Educaci\u00f3n P\u00fablica cumpla con el compromiso del aumento salarial acordado y las prestaciones de fin de a\u00f1o.<\/p>\n<p><img data-recalc-dims=\"1\" loading=\"lazy\" decoding=\"async\" class=\"size-medium wp-image-15782 alignleft\" src=\"https:\/\/i0.wp.com\/redaccionoaxaca.com\/wp-content\/uploads\/2020\/12\/IMG-20201214-WA0058-300x279.jpg?resize=300%2C279\" alt=\"\" width=\"300\" height=\"279\" \/><\/p>\n<p style=\"text-align: justify;\">Los inconformes se\u00f1alaron que el sub- secretario de Educaci\u00f3n Media y Superior de la SEP, Juan Pablo Arroyo, se comprometi\u00f3 a gestionar los recursos para pagar en tiempo y forma el retroactivo del incremento del 3.4 por ciento directo al salario pactado entre el sindicato y los directores de los CECyTE del pa\u00eds.<\/p>\n<p style=\"text-align: justify;\">Ante el incumplimiento y la falta de recursos que ponen en duda el pago de prestaciones de fin de a\u00f1o, la Federaci\u00f3n Nacional de Sindicatos de los colegios CECyTE de toda la rep\u00fablica Mexicana decidieron realizar el paro de actividades.<\/p>\n<p style=\"text-align: justify;\">En el caso de Oaxaca cerca de mil sindicalizados suspender\u00e1n actividades en al menos 106 planteles educativos en toda la entidad.<\/p>\n<p>&nbsp;<\/p>\n","protected":false},"excerpt":{"rendered":"<p>#Redacci\u00f3nOaxaca #Oaxaca Trabajadores sindicalizados del Colegio de Estudios Cient\u00edficos y Tecnol\u00f3gicos del Estado de Oaxaca iniciaron un paro de labores para exigir que la Secretar\u00eda de Educaci\u00f3n P\u00fablica cumpla con el compromiso del aumento salarial acordado y las prestaciones de fin de a\u00f1o. Los inconformes se\u00f1alaron que el sub- secretario de Educaci\u00f3n Media y Superior [&hellip;]<\/p>\n","protected":false},"author":9,"featured_media":0,"comment_status":"open","ping_status":"open","sticky":false,"template":"","format":"standard","meta":{"jetpack_post_was_ever_published":false,"_jetpack_newsletter_access":"","_jetpack_dont_email_post_to_subs":false,"_jetpack_newsletter_tier_id":0,"_jetpack_memberships_contains_paywalled_content":false,"_jetpack_memberships_contains_paid_content":false,"footnotes":"","jetpack_publicize_message":"","jetpack_publicize_feature_enabled":true,"jetpack_social_post_already_shared":false,"jetpack_social_options":{"image_generator_settings":{"template":"highway","default_image_id":0,"font":"","enabled":false},"version":2}},"categories":[4,7,3,6,1],"tags":[],"class_list":{"0":"post-15781","1":"post","2":"type-post","3":"status-publish","4":"format-standard","6":"category-agenda-politica","7":"category-al-cierre","8":"category-mesa-de-redaccion","9":"category-tendencias","10":"category-uncategorized"},"jetpack_publicize_connections":[],"jetpack_featured_media_url":"","jetpack_sharing_enabled":true,"jetpack_shortlink":"https:\/\/wp.me\/p9Ynjw-46x","jetpack-related-posts":[{"id":31774,"url":"https:\/\/redaccionoaxaca.com\/index.php\/2024\/05\/15\/se-instala-s-22-planton-en-zocalo-de-oaxaca-exigen-aumento-salarial-del-100-y-privilegios-fiscales\/","url_meta":{"origin":15781,"position":0},"title":"Se instala S-22 planton en z\u00f3calo de Oaxaca; exigen aumento salarial del 100% y privilegios fiscales","author":"ariadna","date":"mayo 15, 2024","format":false,"excerpt":"#Redacci\u00f3nOaxaca #Oaxaca Jaime GUERRERO Por segundo a\u00f1o, la Secci\u00f3n 22 de la Coordinadora Nacional de Trabajadores de la Educaci\u00f3n (SNTE) se pretende lavar la cara ante sus bases y desde temprana hora, comenz\u00f3 la instalaci\u00f3n de un plant\u00f3n con el amague de indefinido en las primeras calles del Centro Hist\u00f3rico\u2026","rel":"","context":"En &quot;Agenda Pol\u00edtica&quot;","block_context":{"text":"Agenda Pol\u00edtica","link":"https:\/\/redaccionoaxaca.com\/index.php\/category\/agenda-politica\/"},"img":{"alt_text":"","src":"https:\/\/i0.wp.com\/redaccionoaxaca.com\/wp-content\/uploads\/2024\/05\/IMG-20240515-WA0035-300x225.jpg?resize=350%2C200&ssl=1","width":350,"height":200},"classes":[]},{"id":36848,"url":"https:\/\/redaccionoaxaca.com\/index.php\/2025\/05\/15\/instala-magisterio-planton-indefinido-en-el-zocalo-de-la-cdmx-en-oaxaca-deja-a-mas-de-800-mil-alumnos-sin-clases\/","url_meta":{"origin":15781,"position":1},"title":"Instala magisterio plant\u00f3n indefinido en el z\u00f3calo de la CDMX; en Oaxaca deja a m\u00e1s de 800 mil alumnos sin clases","author":"ariadna","date":"mayo 15, 2025","format":false,"excerpt":"#Redacci\u00f3nOaxaca #Oaxaca Jaime GUERRERO En el D\u00eda del Maestro, la Coordinadora Nacional de Trabajadores de la Educaci\u00f3n (CNTE) -que tambi\u00e9n integra el magisterio oaxaque\u00f1o-, saldr\u00e1 en marcha del \u00c1ngel de la Independencia al Z\u00f3calo, para iniciar un paro indefinido de labores en la Ciudad de M\u00e9xico. Se prev\u00e9 que la\u2026","rel":"","context":"En &quot;Agenda Pol\u00edtica&quot;","block_context":{"text":"Agenda Pol\u00edtica","link":"https:\/\/redaccionoaxaca.com\/index.php\/category\/agenda-politica\/"},"img":{"alt_text":"","src":"https:\/\/i0.wp.com\/redaccionoaxaca.com\/wp-content\/uploads\/2025\/05\/FB_IMG_1747324764340-300x225.jpg?resize=350%2C200&ssl=1","width":350,"height":200},"classes":[]},{"id":29555,"url":"https:\/\/redaccionoaxaca.com\/index.php\/2023\/10\/27\/jugosa-venta-de-plazas-verdadera-razon-de-paro-del-sindicato-del-poder-judicial\/","url_meta":{"origin":15781,"position":2},"title":"Jugosa venta de plazas, verdadera raz\u00f3n de paro del Sindicato del Poder Judicial","author":"ariadna","date":"octubre 27, 2023","format":false,"excerpt":"#Redacci\u00f3nOaxaca #Oaxaca La exigencia de nuevas plazas que llegan a vender hasta en 400 mil pesos y recategorizaciones que tambi\u00e9n cobran, es la verdadera raz\u00f3n del paro de labores de integrantes del Sindicato de Empleados del Poder Judicial del Gobierno del Estado de Oaxaca e Instituciones Conexas, que dirige Miguel\u2026","rel":"","context":"En &quot;Imagen&quot;","block_context":{"text":"Imagen","link":"https:\/\/redaccionoaxaca.com\/index.php\/category\/imagen\/"},"img":{"alt_text":"","src":"","width":0,"height":0},"classes":[]},{"id":3517,"url":"https:\/\/redaccionoaxaca.com\/index.php\/2018\/10\/24\/uabjo-se-suma-al-paro-nacional-convocado-por-la-cont-por-crisis-financiera\/","url_meta":{"origin":15781,"position":3},"title":"UABJO se suma al paro nacional convocado por la CONT, por crisis financiera","author":"denise","date":"octubre 24, 2018","format":false,"excerpt":"#Redacci\u00f3nOaxaca Jaime GUERRERO La Confederaci\u00f3n Nacional de Trabajadores Universitarios (CONTU) anuncia paro nacional de protesta el pr\u00f3ximo lunes 29, ante lo que llamaron desinter\u00e9s del gobierno federal para solucionar la crisis financiera que enfrentan las Universidades P\u00fablicas Estatales (UPE\u2019s), incluida la Universidad Aut\u00f3noma Benito Ju\u00e1rez de Oaxaca (UABJO). En una\u2026","rel":"","context":"En &quot;Agenda Pol\u00edtica&quot;","block_context":{"text":"Agenda Pol\u00edtica","link":"https:\/\/redaccionoaxaca.com\/index.php\/category\/agenda-politica\/"},"img":{"alt_text":"","src":"","width":0,"height":0},"classes":[]},{"id":31468,"url":"https:\/\/redaccionoaxaca.com\/index.php\/2024\/04\/29\/estudiante-del-cecyte-oaxaca-01-gana-medalla-de-plata-en-olimpiada-nacional-de-agilidad-y-calculo-mental-neuromatrix-2024-en-guadalajara\/","url_meta":{"origin":15781,"position":4},"title":"Estudiante del CECYTE Oaxaca 01, gana medalla de plata en Olimpiada Nacional de Agilidad y C\u00e1lculo Mental, Neuromatrix 2024 en Guadalajara","author":"ariadna","date":"abril 29, 2024","format":false,"excerpt":"#Redacci\u00f3nOaxaca #Oaxaca Ariadna Mendoza En un importante evento celebrado en la ciudad de Guadalajara, Jalisco, en el campo de la UVM, se llev\u00f3 a cabo la Olimpiada Nacional de Agilidad y C\u00e1lculo Mental, Neuromatrix 2024, en donde clasificaron dos j\u00f3venes oaxaque\u00f1os del Colegio de Estudio Cient\u00edficos y Tecnol\u00f3gicos de Oaxaca\u2026","rel":"","context":"En &quot;Al Cierre&quot;","block_context":{"text":"Al Cierre","link":"https:\/\/redaccionoaxaca.com\/index.php\/category\/al-cierre\/"},"img":{"alt_text":"","src":"https:\/\/i0.wp.com\/redaccionoaxaca.com\/wp-content\/uploads\/2024\/04\/FB_IMG_1714410687973-225x300.jpg?resize=350%2C200&ssl=1","width":350,"height":200},"classes":[]},{"id":222,"url":"https:\/\/redaccionoaxaca.com\/index.php\/2018\/06\/12\/interpone-cepse-queja-en-cndh-por-paro-de-labores-de-la-s22\/","url_meta":{"origin":15781,"position":5},"title":"Interpone CEPSE queja en CNDH por paro de labores de la S22","author":"citlali","date":"junio 12, 2018","format":false,"excerpt":"El Consejo Estatal de Participaci\u00f3n Social en la Educaci\u00f3n (CEPSE) de Oaxaca interpuso ante la Comisi\u00f3n Nacional de Derechos Humanos (CNDH) una queja por violaci\u00f3n al derecho a la educaci\u00f3n de la ni\u00f1ez en el estado. Lo anterior luego de 15 d\u00edas de paro indefinido de labores que realiza la\u2026","rel":"","context":"En &quot;Mesa de Redacci\u00f3n&quot;","block_context":{"text":"Mesa de Redacci\u00f3n","link":"https:\/\/redaccionoaxaca.com\/index.php\/category\/mesa-de-redaccion\/"},"img":{"alt_text":"","src":"https:\/\/i0.wp.com\/redaccionoaxaca.com\/wp-content\/uploads\/2018\/06\/IMG_0092-300x200.jpg?resize=350%2C200","width":350,"height":200},"classes":[]}],"_links":{"self":[{"href":"https:\/\/redaccionoaxaca.com\/index.php\/wp-json\/wp\/v2\/posts\/15781","targetHints":{"allow":["GET"]}}],"collection":[{"href":"https:\/\/redaccionoaxaca.com\/index.php\/wp-json\/wp\/v2\/posts"}],"about":[{"href":"https:\/\/redaccionoaxaca.com\/index.php\/wp-json\/wp\/v2\/types\/post"}],"author":[{"embeddable":true,"href":"https:\/\/redaccionoaxaca.com\/index.php\/wp-json\/wp\/v2\/users\/9"}],"replies":[{"embeddable":true,"href":"https:\/\/redaccionoaxaca.com\/index.php\/wp-json\/wp\/v2\/comments?post=15781"}],"version-history":[{"count":1,"href":"https:\/\/redaccionoaxaca.com\/index.php\/wp-json\/wp\/v2\/posts\/15781\/revisions"}],"predecessor-version":[{"id":15784,"href":"https:\/\/redaccionoaxaca.com\/index.php\/wp-json\/wp\/v2\/posts\/15781\/revisions\/15784"}],"wp:attachment":[{"href":"https:\/\/redaccionoaxaca.com\/index.php\/wp-json\/wp\/v2\/media?parent=15781"}],"wp:term":[{"taxonomy":"category","embeddable":true,"href":"https:\/\/redaccionoaxaca.com\/index.php\/wp-json\/wp\/v2\/categories?post=15781"},{"taxonomy":"post_tag","embeddable":true,"href":"https:\/\/redaccionoaxaca.com\/index.php\/wp-json\/wp\/v2\/tags?post=15781"}],"curies":[{"name":"wp","href":"https:\/\/api.w.org\/{rel}","templated":true}]}}