{"id":15786,"date":"2020-12-14T17:24:00","date_gmt":"2020-12-14T23:24:00","guid":{"rendered":"http:\/\/redaccionoaxaca.com\/?p=15786"},"modified":"2020-12-14T17:24:00","modified_gmt":"2020-12-14T23:24:00","slug":"la-secretaria-de-marina-armada-de-mexico-realiza-evacuacion-medica-de-una-persona-en-la-monoboya-numero-uno-de-pemex","status":"publish","type":"post","link":"https:\/\/redaccionoaxaca.com\/index.php\/2020\/12\/14\/la-secretaria-de-marina-armada-de-mexico-realiza-evacuacion-medica-de-una-persona-en-la-monoboya-numero-uno-de-pemex\/","title":{"rendered":"La Secretar\u00eda de Marina-Armada de M\u00e9xico realiza evacuaci\u00f3n m\u00e9dica de una persona en la monoboya n\u00famero uno de Pemex."},"content":{"rendered":"<p><strong>#Redacci\u00f3nOaxaca<\/strong><\/p>\n<p><strong>#Oaxaca<\/strong><\/p>\n<p style=\"text-align: justify;\">Salina Cruz, Oax.- La Secretar\u00eda de Marina\u2013Armada de M\u00e9xico, como Autoridad Mar\u00edtima Nacional y en funciones de Guardia Costera, informa que ayer, personal adscrito a la D\u00e9cimo Segunda Zona Naval ubicada en Salina Cruz, Oaxaca, llev\u00f3 a cabo evacuaci\u00f3n m\u00e9dica a un tripulante filipino del Buque tanque \u201cPERSEPOLIS\u201d de bandera Griega.<\/p>\n<p style=\"text-align: justify;\">Esta acci\u00f3n se llev\u00f3 a cabo cuando se recibi\u00f3 una llamada de auxilio de citado buque, el cual requer\u00eda evacuar a uno de sus tripulantes debido a que presentaba s\u00edntomas de infarto, por lo que de inmediato se orden\u00f3 el zarp\u00e9 de una embarcaci\u00f3n tipo Defender perteneciente a la Estaci\u00f3n Naval de B\u00fasqueda, Rescate y Vigilancia Mar\u00edtima (ENSAR) Salina Cruz, la cual procedi\u00f3 a dirigirse al lugar de los hechos con el fin de desembarcar a citada persona y trasladarlo al muelle de las instalaciones log\u00edsticas de este Mando Naval.<\/p>\n<p><img data-recalc-dims=\"1\" loading=\"lazy\" decoding=\"async\" class=\"size-medium wp-image-15787 alignright\" src=\"https:\/\/i0.wp.com\/redaccionoaxaca.com\/wp-content\/uploads\/2020\/12\/IMG-20201214-WA0127-225x300.jpg?resize=225%2C300\" alt=\"\" width=\"225\" height=\"300\" \/><\/p>\n<p style=\"text-align: justify;\">Una vez en el lugar de los hechos, se realiz\u00f3 la evacuaci\u00f3n m\u00e9dica de una persona del sexo masculino con 25 a\u00f1os de edad de nacionalidad filipina el cual presentaba dolor tor\u00e1cico, mismo que a su arribo a puerto en el Astillero de Marina No. 20, fue llevado a un Sanatorio de la localidad para continuar con su atenci\u00f3n m\u00e9dica especializada.<\/p>\n<p style=\"text-align: justify;\">Con estas acciones, la Secretar\u00eda de Marina-Armada de M\u00e9xico, como Autoridad Mar\u00edtima Nacional, refrenda su compromiso con la ciudadan\u00eda de salvaguardar la vida humana en la mar, as\u00ed como garantizar un M\u00e9xico con puertos limpios, seguros y eficientes.<\/p>\n","protected":false},"excerpt":{"rendered":"<p>#Redacci\u00f3nOaxaca #Oaxaca Salina Cruz, Oax.- La Secretar\u00eda de Marina\u2013Armada de M\u00e9xico, como Autoridad Mar\u00edtima Nacional y en funciones de Guardia Costera, informa que ayer, personal adscrito a la D\u00e9cimo Segunda Zona Naval ubicada en Salina Cruz, Oaxaca, llev\u00f3 a cabo evacuaci\u00f3n m\u00e9dica a un tripulante filipino del Buque tanque \u201cPERSEPOLIS\u201d de bandera Griega. Esta acci\u00f3n [&hellip;]<\/p>\n","protected":false},"author":9,"featured_media":0,"comment_status":"open","ping_status":"open","sticky":false,"template":"","format":"standard","meta":{"jetpack_post_was_ever_published":false,"_jetpack_newsletter_access":"","_jetpack_dont_email_post_to_subs":false,"_jetpack_newsletter_tier_id":0,"_jetpack_memberships_contains_paywalled_content":false,"_jetpack_memberships_contains_paid_content":false,"footnotes":"","jetpack_publicize_message":"","jetpack_publicize_feature_enabled":true,"jetpack_social_post_already_shared":false,"jetpack_social_options":{"image_generator_settings":{"template":"highway","default_image_id":0,"font":"","enabled":false},"version":2}},"categories":[7,5,3,6,1],"tags":[],"class_list":{"0":"post-15786","1":"post","2":"type-post","3":"status-publish","4":"format-standard","6":"category-al-cierre","7":"category-imagen","8":"category-mesa-de-redaccion","9":"category-tendencias","10":"category-uncategorized"},"jetpack_publicize_connections":[],"jetpack_featured_media_url":"","jetpack_sharing_enabled":true,"jetpack_shortlink":"https:\/\/wp.me\/p9Ynjw-46C","jetpack-related-posts":[{"id":11164,"url":"https:\/\/redaccionoaxaca.com\/index.php\/2020\/03\/12\/frente-a-huatulco-se-hunde-barco-con-mil-500-toneladas-de-cemento\/","url_meta":{"origin":15786,"position":0},"title":"FRENTE A HUATULCO SE HUNDE BARCO CON MIL 500 TONELADAS DE CEMENTO.","author":"ariadna","date":"marzo 12, 2020","format":false,"excerpt":"#Redacci\u00f3nOaxaca #Oaxaca *Personal de la SEMAR rescata a 12 tripulantes. Huatulco, Oaxaca. - La Secretar\u00eda de Marina-Armada de M\u00e9xico como Autoridad Mar\u00edtima Nacional en funciones de Guardia Costera, informa que esta madrugada personal adscrito al Sector Naval de Huatulco rescat\u00f3 a 12 personas, quienes se encontraban a bordo de un\u2026","rel":"","context":"Entrada similar ","block_context":{"text":"Entrada similar ","link":""},"img":{"alt_text":"","src":"https:\/\/i0.wp.com\/redaccionoaxaca.com\/wp-content\/uploads\/2020\/03\/IMG-20200312-WA0039-300x169.jpg?resize=350%2C200","width":350,"height":200},"classes":[]},{"id":41287,"url":"https:\/\/redaccionoaxaca.com\/index.php\/2026\/04\/01\/personal-naval-brinda-apoyo-con-seguridad-perimetral-en-localizacion-e-inhabilitacion-de-tomas-clandestinas-de-hidrocarburos-en-oaxaca\/","url_meta":{"origin":15786,"position":1},"title":"Personal naval brinda apoyo con seguridad perimetral, en localizaci\u00f3n e inhabilitaci\u00f3n de Tomas Clandestinas de Hidrocarburos en Oaxaca","author":"ariadna","date":"abril 1, 2026","format":false,"excerpt":"#Redacci\u00f3nOaxaca #Oaxaca Salina Cruz, Oaxaca.- La Secretar\u00eda de Marina, a trav\u00e9s de la Armada de M\u00e9xico por conducto de la D\u00e9cima Regi\u00f3n Naval, informa que en d\u00edas pasados se localizaron dos Tomas Clandestinas de Hidrocarburos en inmediaciones del municipio de San Juan Guichicovi y del Poblado del Chamizal de Asunci\u00f3n\u2026","rel":"","context":"En &quot;Al Cierre&quot;","block_context":{"text":"Al Cierre","link":"https:\/\/redaccionoaxaca.com\/index.php\/category\/al-cierre\/"},"img":{"alt_text":"","src":"https:\/\/i0.wp.com\/redaccionoaxaca.com\/wp-content\/uploads\/2026\/04\/received_1299005062088868.jpeg?fit=1200%2C762&ssl=1&resize=350%2C200","width":350,"height":200,"srcset":"https:\/\/i0.wp.com\/redaccionoaxaca.com\/wp-content\/uploads\/2026\/04\/received_1299005062088868.jpeg?fit=1200%2C762&ssl=1&resize=350%2C200 1x, https:\/\/i0.wp.com\/redaccionoaxaca.com\/wp-content\/uploads\/2026\/04\/received_1299005062088868.jpeg?fit=1200%2C762&ssl=1&resize=525%2C300 1.5x, https:\/\/i0.wp.com\/redaccionoaxaca.com\/wp-content\/uploads\/2026\/04\/received_1299005062088868.jpeg?fit=1200%2C762&ssl=1&resize=700%2C400 2x, https:\/\/i0.wp.com\/redaccionoaxaca.com\/wp-content\/uploads\/2026\/04\/received_1299005062088868.jpeg?fit=1200%2C762&ssl=1&resize=1050%2C600 3x"},"classes":[]},{"id":2261,"url":"https:\/\/redaccionoaxaca.com\/index.php\/2018\/08\/25\/terminal-maritima-de-pemex-en-salina-cruz-cumple-78-anos-distribuyendo-combustibles-por-mar\/","url_meta":{"origin":15786,"position":2},"title":"Terminal Mar\u00edtima de PEMEX en Salina Cruz, cumple 78 a\u00f1os distribuyendo combustibles por mar","author":"denise","date":"agosto 25, 2018","format":false,"excerpt":"#Redacci\u00f3nOaxaca V\u00eda: Humberto Cruz ***COMUNICADO Salina Cruz, Oax.- La Terminal de Almacenamiento y Servicios Portuarios (TASP) Salina Cruz, antes Terminal Mar\u00edtima, celebra 78 a\u00f1os de servicio de transporte mar\u00edtimo de combustibles en todo el litoral del pac\u00edfico mexicano. La TASP Salina Cruz inici\u00f3 operaciones el 22 de agosto de 1940,\u2026","rel":"","context":"En &quot;Agenda Pol\u00edtica&quot;","block_context":{"text":"Agenda Pol\u00edtica","link":"https:\/\/redaccionoaxaca.com\/index.php\/category\/agenda-politica\/"},"img":{"alt_text":"","src":"https:\/\/i0.wp.com\/redaccionoaxaca.com\/wp-content\/uploads\/2018\/08\/WhatsApp-Image-2018-08-25-at-11.05.10-300x226.jpeg?resize=350%2C200","width":350,"height":200},"classes":[]},{"id":2684,"url":"https:\/\/redaccionoaxaca.com\/index.php\/2018\/09\/24\/asegura-la-semar-toma-clandestina-en-san-blas-atempa\/","url_meta":{"origin":15786,"position":3},"title":"ASEGURA LA SEMAR TOMA CLANDESTINA EN SAN BLAS ATEMPA","author":"denise","date":"septiembre 24, 2018","format":false,"excerpt":"#Redacci\u00f3nOaxaca ***Comunicado La Secretar\u00eda de Marina-Armada de M\u00e9xico, a trav\u00e9s de la D\u00e9cimo Segunda Zona Naval, con sede en Salina Cruz Oaxaca, informa que, el d\u00eda de ayer en coordinaci\u00f3n con la Secretar\u00eda de Seguridad P\u00fablica del Estado, realizaron la detenci\u00f3n de dos presuntos infractores de la ley, as\u00ed como\u2026","rel":"","context":"Entrada similar ","block_context":{"text":"Entrada similar ","link":""},"img":{"alt_text":"","src":"","width":0,"height":0},"classes":[]},{"id":30583,"url":"https:\/\/redaccionoaxaca.com\/index.php\/2024\/02\/19\/anuncia-jara-cruz-inauguracion-del-rompeolas-en-salina-cruz-detonara-la-actividad-maritima-del-sureste-mexicano\/","url_meta":{"origin":15786,"position":4},"title":"Anuncia Jara Cruz inauguraci\u00f3n del Rompeolas en Salina Cruz, detonar\u00e1 la actividad mar\u00edtima del sureste mexicano","author":"ariadna","date":"febrero 19, 2024","format":false,"excerpt":"#Redacci\u00f3nOaxaca #Oaxaca \u2022 El Gobernador de Oaxaca confirm\u00f3 la presencia del Presidente Andr\u00e9s Manuel L\u00f3pez Obrador el pr\u00f3ximo lunes 26 de febrero para la inauguraci\u00f3n de esta obra de m\u00e1s de mil 400 metros Oaxaca de Ju\u00e1rez, Oax. 19 de febrero de 2024. El Gobernador Salom\u00f3n Jara Cruz confirm\u00f3 para\u2026","rel":"","context":"En &quot;Agenda Pol\u00edtica&quot;","block_context":{"text":"Agenda Pol\u00edtica","link":"https:\/\/redaccionoaxaca.com\/index.php\/category\/agenda-politica\/"},"img":{"alt_text":"","src":"","width":0,"height":0},"classes":[]},{"id":30675,"url":"https:\/\/redaccionoaxaca.com\/index.php\/2024\/02\/26\/rompeolas-de-salina-cruz-la-infraestructura-maritima-de-mayor-relevancia-en-america-latina-salomon-jara\/","url_meta":{"origin":15786,"position":5},"title":"Rompeolas de Salina Cruz, la infraestructura mar\u00edtima de mayor relevancia en Am\u00e9rica Latina: Salom\u00f3n Jara","author":"ariadna","date":"febrero 26, 2024","format":false,"excerpt":"#Redacci\u00f3nOaxaca #Oaxaca \u2022 El Presidente Andr\u00e9s Manuel L\u00f3pez Obrador y el Gobernador Salom\u00f3n Jara Cruz inauguraron este proyecto detonador en el Istmo de Tehuantepec \u2022 Oaxaca, nuevo motor de desarrollo de la econom\u00eda y el comercio internacional Salina Cruz, Oax. 26 de febrero de 2024.- La ruta comercial mar\u00edtima entre\u2026","rel":"","context":"En &quot;Agenda Pol\u00edtica&quot;","block_context":{"text":"Agenda Pol\u00edtica","link":"https:\/\/redaccionoaxaca.com\/index.php\/category\/agenda-politica\/"},"img":{"alt_text":"","src":"https:\/\/i0.wp.com\/redaccionoaxaca.com\/wp-content\/uploads\/2024\/02\/IMG-20240226-WA0223-300x200.jpg?resize=350%2C200&ssl=1","width":350,"height":200},"classes":[]}],"_links":{"self":[{"href":"https:\/\/redaccionoaxaca.com\/index.php\/wp-json\/wp\/v2\/posts\/15786","targetHints":{"allow":["GET"]}}],"collection":[{"href":"https:\/\/redaccionoaxaca.com\/index.php\/wp-json\/wp\/v2\/posts"}],"about":[{"href":"https:\/\/redaccionoaxaca.com\/index.php\/wp-json\/wp\/v2\/types\/post"}],"author":[{"embeddable":true,"href":"https:\/\/redaccionoaxaca.com\/index.php\/wp-json\/wp\/v2\/users\/9"}],"replies":[{"embeddable":true,"href":"https:\/\/redaccionoaxaca.com\/index.php\/wp-json\/wp\/v2\/comments?post=15786"}],"version-history":[{"count":1,"href":"https:\/\/redaccionoaxaca.com\/index.php\/wp-json\/wp\/v2\/posts\/15786\/revisions"}],"predecessor-version":[{"id":15788,"href":"https:\/\/redaccionoaxaca.com\/index.php\/wp-json\/wp\/v2\/posts\/15786\/revisions\/15788"}],"wp:attachment":[{"href":"https:\/\/redaccionoaxaca.com\/index.php\/wp-json\/wp\/v2\/media?parent=15786"}],"wp:term":[{"taxonomy":"category","embeddable":true,"href":"https:\/\/redaccionoaxaca.com\/index.php\/wp-json\/wp\/v2\/categories?post=15786"},{"taxonomy":"post_tag","embeddable":true,"href":"https:\/\/redaccionoaxaca.com\/index.php\/wp-json\/wp\/v2\/tags?post=15786"}],"curies":[{"name":"wp","href":"https:\/\/api.w.org\/{rel}","templated":true}]}}