{"id":15917,"date":"2020-12-22T14:25:48","date_gmt":"2020-12-22T20:25:48","guid":{"rendered":"http:\/\/redaccionoaxaca.com\/?p=15917"},"modified":"2020-12-22T14:25:48","modified_gmt":"2020-12-22T20:25:48","slug":"exaltan-comunidades-con-arboles-notables-el-catalogo-elaborado-por-la-semaedeso","status":"publish","type":"post","link":"https:\/\/redaccionoaxaca.com\/index.php\/2020\/12\/22\/exaltan-comunidades-con-arboles-notables-el-catalogo-elaborado-por-la-semaedeso\/","title":{"rendered":"Exaltan comunidades con \u00c1rboles Notables el cat\u00e1logo elaborado por la Semaedeso."},"content":{"rendered":"<p><strong>#Redacci\u00f3nOaxaca<\/strong><\/p>\n<p><strong>#Oaxaca<\/strong><\/p>\n<p>\u2022 <em>San Pablo G\u00fcil\u00e1 y San Juan Teitipac, en los Valles Centrales, celebran la inclusi\u00f3n de sus ejemplares arb\u00f3reos \u201cNuestras ra\u00edces\u201d, obra editada por el Gobierno del Estado de Oaxaca.<\/em><\/p>\n<p style=\"text-align: justify;\">\nOaxaca de Ju\u00e1rez, Oax; 22 de diciembre de 2020.- Testigos vivientes de la formaci\u00f3n de asentamientos humanos y del devenir de la historia de los pueblos, los \u00c1rboles Notables incluidos en la publicaci\u00f3n de la Secretar\u00eda del Medio Ambiente, Energ\u00edas y Desarrollo Sustentable (Semaedeso) son un aliciente en los esfuerzos de conservaci\u00f3n y preservaci\u00f3n del medio ambiente en Oaxaca.<\/p>\n<p><img data-recalc-dims=\"1\" loading=\"lazy\" decoding=\"async\" class=\"size-medium wp-image-15918 aligncenter\" src=\"https:\/\/i0.wp.com\/redaccionoaxaca.com\/wp-content\/uploads\/2020\/12\/WhatsApp-Image-2020-12-22-at-12.59.05-PM-2-300x200.jpeg?resize=300%2C200\" alt=\"\" width=\"300\" height=\"200\" \/><\/p>\n<p style=\"text-align: justify;\">Es el caso de las poblaciones de San Pablo G\u00fcil\u00e1 y San Juan Teitipac, en los Valles Centrales, los cuales celebraron la inclusi\u00f3n de sus respectivos ahuehuetes en la obra \u201cNuestras ra\u00edces. Cat\u00e1logo de \u00c1rboles Notables y Emblem\u00e1ticos del Estado de Oaxaca\u201d.<\/p>\n<p style=\"text-align: justify;\">En ambas entregas realizadas a la autoridad municipal y a las escuelas sostuvieron que en este bello ejemplar perdura la herencia biol\u00f3gica-cultural de sus comunidades y de la entidad oaxaque\u00f1a.<\/p>\n<p style=\"text-align: justify;\">Bajo la sombra del ahuehuete de San Juan Teitipac, el titular de la Semaedeso, Samuel Gurri\u00f3n Mat\u00edas, destac\u00f3 ante la autoridad municipal que los \u00e1rboles notables son emblema de los permanentes esfuerzos en el cuidado y protecci\u00f3n del medio ambiente.<\/p>\n<p><img data-recalc-dims=\"1\" loading=\"lazy\" decoding=\"async\" class=\"size-medium wp-image-15919 alignright\" src=\"https:\/\/i0.wp.com\/redaccionoaxaca.com\/wp-content\/uploads\/2020\/12\/WhatsApp-Image-2020-12-22-at-12.59.05-PM-300x200.jpeg?resize=300%2C200\" alt=\"\" width=\"300\" height=\"200\" \/><\/p>\n<p style=\"text-align: justify;\">\u201c<em>Es un libro que dejar\u00e1 huella en la historia de Oaxaca. En \u00e9l se encuentran \u00e1rboles hist\u00f3ricos, emblem\u00e1ticos, de gran belleza y relevancia cultural, entre los que se presenta el Ahuehuete de San Juan, s\u00edmbolo del prodigio de la vida en la regi\u00f3n y referente de los habitantes de la comunidad\u201d.,<\/em> expres\u00f3 el Secretario Gurri\u00f3n Mat\u00edas.<\/p>\n<p style=\"text-align: justify;\">Al respecto, el edil de San Juan Teitipac, Jos\u00e9 Juan M\u00e1rquez S\u00e1nchez, agradeci\u00f3 la iniciativa del titular de la Semaedeso y reconoci\u00f3 que es un aliciente para fortalecer los esfuerzos por cuidar el emblem\u00e1tico ahuehuete, al que consider\u00f3 parte de la historia cultural y natural de la comunidad que representa.<\/p>\n<p style=\"text-align: justify;\">Cabe destacar que en San Pablo G\u00fcil\u00e1, se encuentras tres majestuosos ahuehuetes con una edad estimada de 500 a\u00f1os de edad.<\/p>\n<p style=\"text-align: justify;\">Al recibir el ejemplar del libro, el Agente Municipal Roberto Carlos Antonio Cruz, agradeci\u00f3 la entrega de los ejemplares y destac\u00f3 que el acercamiento y trabajo conjunto entre las instancias municipales y estatales se refleja en diversos proyectos que buscan fortalecer las labores a favor del medio ambiente.<\/p>\n<p><img data-recalc-dims=\"1\" loading=\"lazy\" decoding=\"async\" class=\"size-medium wp-image-15920 aligncenter\" src=\"https:\/\/i0.wp.com\/redaccionoaxaca.com\/wp-content\/uploads\/2020\/12\/WhatsApp-Image-2020-12-22-at-12.59.05-PM-1-300x200.jpeg?resize=300%2C200\" alt=\"\" width=\"300\" height=\"200\" \/><\/p>\n","protected":false},"excerpt":{"rendered":"<p>#Redacci\u00f3nOaxaca #Oaxaca \u2022 San Pablo G\u00fcil\u00e1 y San Juan Teitipac, en los Valles Centrales, celebran la inclusi\u00f3n de sus ejemplares arb\u00f3reos \u201cNuestras ra\u00edces\u201d, obra editada por el Gobierno del Estado de Oaxaca. Oaxaca de Ju\u00e1rez, Oax; 22 de diciembre de 2020.- Testigos vivientes de la formaci\u00f3n de asentamientos humanos y del devenir de la historia [&hellip;]<\/p>\n","protected":false},"author":9,"featured_media":0,"comment_status":"open","ping_status":"open","sticky":false,"template":"","format":"standard","meta":{"jetpack_post_was_ever_published":false,"_jetpack_newsletter_access":"","_jetpack_dont_email_post_to_subs":false,"_jetpack_newsletter_tier_id":0,"_jetpack_memberships_contains_paywalled_content":false,"_jetpack_memberships_contains_paid_content":false,"footnotes":"","jetpack_publicize_message":"","jetpack_publicize_feature_enabled":true,"jetpack_social_post_already_shared":false,"jetpack_social_options":{"image_generator_settings":{"template":"highway","default_image_id":0,"font":"","enabled":false},"version":2}},"categories":[4,7,5,3,6,1],"tags":[],"class_list":{"0":"post-15917","1":"post","2":"type-post","3":"status-publish","4":"format-standard","6":"category-agenda-politica","7":"category-al-cierre","8":"category-imagen","9":"category-mesa-de-redaccion","10":"category-tendencias","11":"category-uncategorized"},"jetpack_publicize_connections":[],"jetpack_featured_media_url":"","jetpack_sharing_enabled":true,"jetpack_shortlink":"https:\/\/wp.me\/p9Ynjw-48J","jetpack-related-posts":[{"id":15995,"url":"https:\/\/redaccionoaxaca.com\/index.php\/2020\/12\/30\/fiscalia-general-y-guardia-nacional-incineran-plantio-de-marihuana-ubicado-en-san-pablo-guila-region-de-valles-centrales\/","url_meta":{"origin":15917,"position":0},"title":"Fiscal\u00eda General y Guardia Nacional incineran plant\u00edo de marihuana ubicado en San Pablo G\u00fcil\u00e1, regi\u00f3n de Valles Centrales.","author":"ariadna","date":"diciembre 30, 2020","format":false,"excerpt":"#Redacci\u00f3nOaxaca #Oaxaca Se destruy\u00f3 casi una tonelada del enervante. Oaxaca de Ju\u00e1rez, Oax., 30 de diciembre de 2020.- En una suma de esfuerzos, la Fiscal\u00eda General del Estado de Oaxaca (FGEO) y la Guardia Nacional, incineraron un plant\u00edo de hierba verde con caracter\u00edsticas de marihuana, ubicado en la localidad de\u2026","rel":"","context":"En &quot;Al Cierre&quot;","block_context":{"text":"Al Cierre","link":"https:\/\/redaccionoaxaca.com\/index.php\/category\/al-cierre\/"},"img":{"alt_text":"","src":"https:\/\/i0.wp.com\/redaccionoaxaca.com\/wp-content\/uploads\/2020\/12\/FISCAL%C3%8DA-3-300x225.jpg?resize=350%2C200","width":350,"height":200},"classes":[]},{"id":15107,"url":"https:\/\/redaccionoaxaca.com\/index.php\/2020\/11\/06\/exigen-comunidades-forestales-de-valles-centrales-pago-ambiental-este-se-desfaso-por-el-contexto-de-pandemia-covid19\/","url_meta":{"origin":15917,"position":1},"title":"Exigen comunidades forestales de Valles Centrales pago ambiental, este se desfaso por el contexto de pandemia covid19.","author":"ariadna","date":"noviembre 6, 2020","format":false,"excerpt":"#Redacci\u00f3nOaxaca #Oaxaca Maira Ric\u00e1rdez Un total de 10 comunidades forestales se presentaron este viernes a las oficinas de la Comisi\u00f3n Nacional Forestal (Conafor) Oaxaca en la Col. Reforma de esta capital, para exigir el pago del Fondo Forestal Mexicano que el Gobierno de la Rep\u00fablica entrega para acciones de protecci\u00f3n\u2026","rel":"","context":"En &quot;Al Cierre&quot;","block_context":{"text":"Al Cierre","link":"https:\/\/redaccionoaxaca.com\/index.php\/category\/al-cierre\/"},"img":{"alt_text":"","src":"","width":0,"height":0},"classes":[]},{"id":23776,"url":"https:\/\/redaccionoaxaca.com\/index.php\/2022\/02\/01\/en-oaxaca-persiste-contaminacion-de-rios-basura-y-deforestacion-reprochan-diputados-a-semaedeso\/","url_meta":{"origin":15917,"position":2},"title":"En Oaxaca persiste contaminaci\u00f3n de r\u00edos, basura  y deforestaci\u00f3n, reprochan diputados a Semaedeso.","author":"ariadna","date":"febrero 1, 2022","format":false,"excerpt":"#Redacci\u00f3nOaxaca #Oaxaca Jaime GUERRERO Diputados del PVEM, PUP, PAN, PRD y Morena, criticaron el desempe\u00f1o de la Secretar\u00eda del Medio Ambiente, Energ\u00edas y Desarrollo Sustentable, frente al deterioro del tiradero de la Villa de Zaachila, la contaminaci\u00f3n de los r\u00edos Atoyac y Salado, as\u00ed como por la contaminaci\u00f3n generada por\u2026","rel":"","context":"En &quot;Agenda Pol\u00edtica&quot;","block_context":{"text":"Agenda Pol\u00edtica","link":"https:\/\/redaccionoaxaca.com\/index.php\/category\/agenda-politica\/"},"img":{"alt_text":"","src":"","width":0,"height":0},"classes":[]},{"id":16139,"url":"https:\/\/redaccionoaxaca.com\/index.php\/2021\/01\/11\/alista-semaedeso-campana-de-acopio-de-arboles-navidenos-naturales\/","url_meta":{"origin":15917,"position":3},"title":"Alista Semaedeso campa\u00f1a de acopio de \u00e1rboles navide\u00f1os naturales.","author":"ariadna","date":"enero 11, 2021","format":false,"excerpt":"#Redacci\u00f3nOaxaca #Oaxaca Bajo el nombre \u201cRecicla un \u00e1rbol, siembra vida\u201d, el Gobierno del Estado de Oaxaca a trav\u00e9s de la Secretar\u00eda del Medio Ambiente, Energ\u00edas y Desarrollo Sustentable (Semaedeso) en coordinaci\u00f3n con la Comisi\u00f3n Estatal Forestal (Coesfo), realizar\u00e1 por octavo a\u00f1o consecutivo la campa\u00f1a de acopio de \u00e1rboles navide\u00f1os naturales.\u2026","rel":"","context":"En &quot;Al Cierre&quot;","block_context":{"text":"Al Cierre","link":"https:\/\/redaccionoaxaca.com\/index.php\/category\/al-cierre\/"},"img":{"alt_text":"","src":"https:\/\/i0.wp.com\/redaccionoaxaca.com\/wp-content\/uploads\/2021\/01\/IMG-20210111-WA0054-300x200.jpg?resize=350%2C200","width":350,"height":200},"classes":[]},{"id":22884,"url":"https:\/\/redaccionoaxaca.com\/index.php\/2021\/12\/11\/piden-diputados-federales-se-respete-la-decision-de-comunidades-indigenas-para-detener-el-proyecto-minero-de-la-empresa-cuzcatlan-en-los-valles-centrales-de-oaxaca\/","url_meta":{"origin":15917,"position":4},"title":"Piden Diputados Federales se respete la decisi\u00f3n de comunidades ind\u00edgenas para detener el proyecto minero de la empresa \u201cCuzcatl\u00e1n\u201d en los Valles Centrales de Oaxaca.","author":"ariadna","date":"diciembre 11, 2021","format":false,"excerpt":"#Redacci\u00f3nOaxaca #Oaxaca \u201cLas y los pobladores han expuesto una violaci\u00f3n a sus derechos ind\u00edgenas, quienes tienen su propia forma de organizaci\u00f3n y derecho a la libertad\u201d: Armando Contreras Castillo Las y los Diputados Federales de Morena, Armando Contreras Castillo, Irma Juan Carlos Presidenta de la Comisi\u00f3n de Pueblos ind\u00edgenas y\u2026","rel":"","context":"En &quot;Agenda Pol\u00edtica&quot;","block_context":{"text":"Agenda Pol\u00edtica","link":"https:\/\/redaccionoaxaca.com\/index.php\/category\/agenda-politica\/"},"img":{"alt_text":"","src":"https:\/\/i0.wp.com\/redaccionoaxaca.com\/wp-content\/uploads\/2021\/12\/IMG-20211211-WA0020-300x200.jpg?resize=350%2C200&ssl=1","width":350,"height":200},"classes":[]},{"id":14100,"url":"https:\/\/redaccionoaxaca.com\/index.php\/2020\/08\/24\/inicia-diputado-horacio-sosa-jornada-de-reforestacion-en-valles-centrales\/","url_meta":{"origin":15917,"position":5},"title":"Inicia Diputado Horacio Sosa Jornada de reforestaci\u00f3n en Valles Centrales.","author":"ariadna","date":"agosto 24, 2020","format":false,"excerpt":"#Redacci\u00f3nOaxaca #Oaxaca *M\u00e1s de 30 mil \u00e1rboles se sembrar\u00e1n en 38 municipios de valles centrales. * Pide a la ciudadan\u00eda retornar el cuidado al entorno. San Raymundo Jalpan, 24 de agosto de 2020.- El diputado Horacio Sosa Villavicencio inici\u00f3 con la jornada de reforestaci\u00f3n denominada \u201cHoy siembra vida\u201d en la\u2026","rel":"","context":"En &quot;Agenda Pol\u00edtica&quot;","block_context":{"text":"Agenda Pol\u00edtica","link":"https:\/\/redaccionoaxaca.com\/index.php\/category\/agenda-politica\/"},"img":{"alt_text":"","src":"","width":0,"height":0},"classes":[]}],"_links":{"self":[{"href":"https:\/\/redaccionoaxaca.com\/index.php\/wp-json\/wp\/v2\/posts\/15917","targetHints":{"allow":["GET"]}}],"collection":[{"href":"https:\/\/redaccionoaxaca.com\/index.php\/wp-json\/wp\/v2\/posts"}],"about":[{"href":"https:\/\/redaccionoaxaca.com\/index.php\/wp-json\/wp\/v2\/types\/post"}],"author":[{"embeddable":true,"href":"https:\/\/redaccionoaxaca.com\/index.php\/wp-json\/wp\/v2\/users\/9"}],"replies":[{"embeddable":true,"href":"https:\/\/redaccionoaxaca.com\/index.php\/wp-json\/wp\/v2\/comments?post=15917"}],"version-history":[{"count":1,"href":"https:\/\/redaccionoaxaca.com\/index.php\/wp-json\/wp\/v2\/posts\/15917\/revisions"}],"predecessor-version":[{"id":15921,"href":"https:\/\/redaccionoaxaca.com\/index.php\/wp-json\/wp\/v2\/posts\/15917\/revisions\/15921"}],"wp:attachment":[{"href":"https:\/\/redaccionoaxaca.com\/index.php\/wp-json\/wp\/v2\/media?parent=15917"}],"wp:term":[{"taxonomy":"category","embeddable":true,"href":"https:\/\/redaccionoaxaca.com\/index.php\/wp-json\/wp\/v2\/categories?post=15917"},{"taxonomy":"post_tag","embeddable":true,"href":"https:\/\/redaccionoaxaca.com\/index.php\/wp-json\/wp\/v2\/tags?post=15917"}],"curies":[{"name":"wp","href":"https:\/\/api.w.org\/{rel}","templated":true}]}}