{"id":16058,"date":"2021-01-04T21:22:23","date_gmt":"2021-01-05T03:22:23","guid":{"rendered":"http:\/\/redaccionoaxaca.com\/?p=16058"},"modified":"2021-01-04T21:22:23","modified_gmt":"2021-01-05T03:22:23","slug":"ejercio-ieepo-8-6-mdp-en-estrategias-para-el-fortalecimiento-de-las-escuelas-normales","status":"publish","type":"post","link":"https:\/\/redaccionoaxaca.com\/index.php\/2021\/01\/04\/ejercio-ieepo-8-6-mdp-en-estrategias-para-el-fortalecimiento-de-las-escuelas-normales\/","title":{"rendered":"Ejerci\u00f3 IEEPO 8.6 MDP en estrategias para  el fortalecimiento de las escuelas normales."},"content":{"rendered":"<p><strong>#Redacci\u00f3nOaxaca<\/strong><\/p>\n<p><strong>#Oaxaca<\/strong><\/p>\n<p style=\"text-align: justify;\">Oaxaca de Ju\u00e1rez, Oax. 4 enero de 2021.- Con el objetivo de fortalecer la organizaci\u00f3n, el funcionamiento y la transformaci\u00f3n de las 11 Escuelas Normales que funcionan en la entidad, consolidando acciones tendientes a incrementar la excelencia educativa y profesionalizaci\u00f3n de sus docentes, el Gobierno del Estado, a trav\u00e9s el Instituto Estatal de Educaci\u00f3n P\u00fablica de Oaxaca (IEEPO), ejerci\u00f3 en 2020 recursos por 8.6 millones de pesos.<\/p>\n<p><img data-recalc-dims=\"1\" loading=\"lazy\" decoding=\"async\" class=\"size-medium wp-image-16059 aligncenter\" src=\"https:\/\/i0.wp.com\/redaccionoaxaca.com\/wp-content\/uploads\/2021\/01\/IMG-20210104-WA0161-300x217.jpg?resize=300%2C217\" alt=\"\" width=\"300\" height=\"217\" \/><\/p>\n<p style=\"text-align: justify;\">Como lo ha establecido el gobernador Alejandro Murat Hinojosa y por indicaciones del director general, Francisco \u00c1ngel Villarreal, en la presente administraci\u00f3n se han impulsado proyectos enfocados a construir estrategias pedag\u00f3gicas, estructurales y de vinculaci\u00f3n en este sistema, en beneficio de la formaci\u00f3n de las y los futuros maestros.<\/p>\n<p style=\"text-align: justify;\">Como parte del programa Estrategia de Desarrollo Institucional de la Nueva Escuela Normal (EDINEN), que concreta objetivos, metas y acciones principalmente en los rubros de infraestructura, programas de movilidad nacional e internacional, entre otras, los recursos fueron destinados para atender necesidades prioritarias de las instituciones formadoras de docentes.<\/p>\n<p style=\"text-align: justify;\">De acuerdo con informes de la Unidad de Educaci\u00f3n Normal y Formaci\u00f3n de Docentes del IEEPO, la inversi\u00f3n ejercida en las 11 escuelas normales, benefici\u00f3 a tres mil 743 alumnas y alumnos, as\u00ed como a 409 docentes, con acciones como: Formaci\u00f3n y capacitaci\u00f3n en el desarrollo de habilidades digitales para el fortalecimiento de la estrategia de atenci\u00f3n a distancia; equipamiento tecnol\u00f3gico y de infraestructura de redes, y mantenimiento y rehabilitaci\u00f3n de espacios educativos de las escuelas normales.<\/p>\n<p style=\"text-align: justify;\">El IEEPO expresa su reconocimiento a directivos, docentes y comunidad normalista en la entidad, que con los medios digitales a su alcance, contin\u00faan las tareas acad\u00e9micas para avanzar en estrategias y t\u00e9cnicas de desempe\u00f1o, logrando el alcance de contenidos de manera significativa.<\/p>\n<p style=\"text-align: justify;\">El trabajo es el resultado del esfuerzo conjunto entre el IEEPO y las directivas de las 11 Escuelas Normales, quienes preocupados por la situaci\u00f3n sanitaria que se vive en la entidad, establecieron una alternativa que brindara seguridad a las y los futuros maestros y a sus familias.<\/p>\n<p style=\"text-align: justify;\">Las instituciones en el estado son: el Centro Regional de Educaci\u00f3n Normal de Oaxaca (CRENO), el Centro Regional de Educaci\u00f3n Normal de R\u00edo Grande (CREN), la Escuela Normal Biling\u00fce e Intercultural de Oaxaca (ENBIO), la Escuela Normal de Educaci\u00f3n Preescolar (ENEPO), la Escuela Normal Experimental de Teposcolula (ENETO), la Escuela Normal Experimental de Huajuapan (ENEH) y la Escuela Normal Experimental Presidente L\u00e1zaro C\u00e1rdenas de Putla (ENELC).<br \/>\nTambi\u00e9n la Escuela Normal Experimental Presidente Venustiano Carranza de Cacahuatepec (ENEC), la Escuela Normal Rural Vanguardia de Tamazulapan del Progreso (ENRUVA), la Escuela Normal Urbana Federal del Istmo (ENUFI) y la Escuela Normal de Educaci\u00f3n Especial (ENEE).<\/p>\n<p style=\"text-align: justify;\">\n","protected":false},"excerpt":{"rendered":"<p>#Redacci\u00f3nOaxaca #Oaxaca Oaxaca de Ju\u00e1rez, Oax. 4 enero de 2021.- Con el objetivo de fortalecer la organizaci\u00f3n, el funcionamiento y la transformaci\u00f3n de las 11 Escuelas Normales que funcionan en la entidad, consolidando acciones tendientes a incrementar la excelencia educativa y profesionalizaci\u00f3n de sus docentes, el Gobierno del Estado, a trav\u00e9s el Instituto Estatal de [&hellip;]<\/p>\n","protected":false},"author":9,"featured_media":0,"comment_status":"open","ping_status":"open","sticky":false,"template":"","format":"standard","meta":{"jetpack_post_was_ever_published":false,"_jetpack_newsletter_access":"","_jetpack_dont_email_post_to_subs":false,"_jetpack_newsletter_tier_id":0,"_jetpack_memberships_contains_paywalled_content":false,"_jetpack_memberships_contains_paid_content":false,"footnotes":"","jetpack_publicize_message":"","jetpack_publicize_feature_enabled":true,"jetpack_social_post_already_shared":false,"jetpack_social_options":{"image_generator_settings":{"template":"highway","default_image_id":0,"font":"","enabled":false},"version":2}},"categories":[7,3,6,1],"tags":[],"class_list":{"0":"post-16058","1":"post","2":"type-post","3":"status-publish","4":"format-standard","6":"category-al-cierre","7":"category-mesa-de-redaccion","8":"category-tendencias","9":"category-uncategorized"},"jetpack_publicize_connections":[],"jetpack_featured_media_url":"","jetpack_sharing_enabled":true,"jetpack_shortlink":"https:\/\/wp.me\/p9Ynjw-4b0","jetpack-related-posts":[{"id":14066,"url":"https:\/\/redaccionoaxaca.com\/index.php\/2020\/08\/20\/publica-ieepo-listas-de-prelacion-de-aceptados-a-escuelas-normales\/","url_meta":{"origin":16058,"position":0},"title":"Publica IEEPO listas de prelaci\u00f3n de aceptados a Escuelas Normales.","author":"ariadna","date":"agosto 20, 2020","format":false,"excerpt":"#Redacci\u00f3nOaxaca #Oaxaca \u2022 Se encuentran publicadas en el portal web institucional, por lo que se invita a las y los aceptados a realizar su proceso de inscripci\u00f3n que concluye este viernes 21 de agosto. Oaxaca de Ju\u00e1rez, Oax. 20 de agosto de 2020.- El Instituto Estatal de Educaci\u00f3n P\u00fablica de\u2026","rel":"","context":"En &quot;Al Cierre&quot;","block_context":{"text":"Al Cierre","link":"https:\/\/redaccionoaxaca.com\/index.php\/category\/al-cierre\/"},"img":{"alt_text":"","src":"","width":0,"height":0},"classes":[]},{"id":13686,"url":"https:\/\/redaccionoaxaca.com\/index.php\/2020\/07\/30\/video-ieepo-dio-atencion-para-cierre-de-semestre-en-escuelas-normales-10-de-11-cumplieron-directiva-del-creno-se-autoexcluyo\/","url_meta":{"origin":16058,"position":1},"title":"VIDEO: IEEPO dio atenci\u00f3n para cierre de semestre en escuelas normales;  10 de 11 cumplieron, directiva del CRENO se autoexcluy\u00f3.","author":"ariadna","date":"julio 30, 2020","format":"video","excerpt":"#Redacci\u00f3nOaxaca #Oaxaca *Como muestra de la disposici\u00f3n de la autoridad educativa, se brindar\u00e1 apoyo para la presentaci\u00f3n de trabajos pendientes de los alumnos y valorar\u00e1 la validez del semestre. Oaxaca de Ju\u00e1rez, Oax. 30 de julio de 2020.- El Instituto Estatal de Educaci\u00f3n P\u00fablica de Oaxaca (IEEPO), a trav\u00e9s de\u2026","rel":"","context":"En &quot;Agenda Pol\u00edtica&quot;","block_context":{"text":"Agenda Pol\u00edtica","link":"https:\/\/redaccionoaxaca.com\/index.php\/category\/agenda-politica\/"},"img":{"alt_text":"","src":"","width":0,"height":0},"classes":[]},{"id":27134,"url":"https:\/\/redaccionoaxaca.com\/index.php\/2022\/08\/09\/entrega-el-ieepo-resultados-del-proceso-de-ingreso-a-las-escuelas-normales-ciclo-escolar-2022-2023\/","url_meta":{"origin":16058,"position":2},"title":"Entrega el IEEPO resultados del proceso de ingreso a las Escuelas Normales ciclo escolar 2022-2023","author":"ariadna","date":"agosto 9, 2022","format":false,"excerpt":"#Redacci\u00f3nOaxaca #Oaxaca \u2022Ante Notario P\u00fablico se llev\u00f3 a cabo el protocolo donde se abrieron los sobres con las listas de prelaci\u00f3n y el puntaje alcanzado por quienes presentaron examen de admisi\u00f3n Oaxaca de Ju\u00e1rez, Oax., 8 de agosto de 2022.- El Instituto Estatal de Educaci\u00f3n P\u00fablica de Oaxaca (IEEPO), a\u2026","rel":"","context":"En &quot;Al Cierre&quot;","block_context":{"text":"Al Cierre","link":"https:\/\/redaccionoaxaca.com\/index.php\/category\/al-cierre\/"},"img":{"alt_text":"","src":"https:\/\/i0.wp.com\/redaccionoaxaca.com\/wp-content\/uploads\/2022\/08\/IMG-20220808-WA0110-300x188.jpg?resize=350%2C200&ssl=1","width":350,"height":200},"classes":[]},{"id":31118,"url":"https:\/\/redaccionoaxaca.com\/index.php\/2024\/04\/04\/mas-dinero-a-las-11-normales-de-oaxaca\/","url_meta":{"origin":16058,"position":3},"title":"MAS DINERO A LAS 11  NORMALES DE OAXACA","author":"ariadna","date":"abril 4, 2024","format":false,"excerpt":"#Redacci\u00f3nOaxaca #Oaxaca Derivado de los compromisos del Gobierno de la Rep\u00fablica con la Secci\u00f3n XXII, iniciaron las tareas de remodelaci\u00f3n y mejoramiento de las 11 escuelas normales del estado de Oaxaca. Para supervisar dichas acciones, por indicaciones del gobernador Salom\u00f3n Jara, el director general del IEEPO, Emilio Montero, acudi\u00f3 a\u2026","rel":"","context":"En &quot;Imagen&quot;","block_context":{"text":"Imagen","link":"https:\/\/redaccionoaxaca.com\/index.php\/category\/imagen\/"},"img":{"alt_text":"","src":"https:\/\/i0.wp.com\/redaccionoaxaca.com\/wp-content\/uploads\/2024\/04\/IMG-20240404-WA0055-300x225.jpg?resize=350%2C200&ssl=1","width":350,"height":200},"classes":[]},{"id":23583,"url":"https:\/\/redaccionoaxaca.com\/index.php\/2022\/01\/24\/entrega-ieepo-mobiliario-y-equipo-a-escuelas-de-san-andres-zautla\/","url_meta":{"origin":16058,"position":4},"title":"Entrega IEEPO mobiliario y equipo a escuelas de San Andr\u00e9s Zautla.","author":"ariadna","date":"enero 24, 2022","format":false,"excerpt":"#Redacci\u00f3nOaxaca #Oaxaca Como parte del compromiso en materia educativa del gobernador Alejandro Murat Hinojosa con los municipios y en la atenci\u00f3n puntual a sus solicitudes, el Instituto Estatal de Educaci\u00f3n P\u00fablica de Oaxaca (#IEEPO), dot\u00f3 de mobiliario, equipo y material escolar a seis escuelas de educaci\u00f3n b\u00e1sica del municipio de\u2026","rel":"","context":"En &quot;Al Cierre&quot;","block_context":{"text":"Al Cierre","link":"https:\/\/redaccionoaxaca.com\/index.php\/category\/al-cierre\/"},"img":{"alt_text":"","src":"https:\/\/i0.wp.com\/redaccionoaxaca.com\/wp-content\/uploads\/2022\/01\/IMG-20220123-WA0047-300x200.jpg?resize=350%2C200&ssl=1","width":350,"height":200},"classes":[]},{"id":23885,"url":"https:\/\/redaccionoaxaca.com\/index.php\/2022\/02\/04\/en-oaxaca-hay-estabilidad-educativa-ieepo\/","url_meta":{"origin":16058,"position":5},"title":"En Oaxaca hay estabilidad educativa: IEEPO.","author":"ariadna","date":"febrero 4, 2022","format":false,"excerpt":"#Redacci\u00f3nOaxaca #Oaxaca Jaime GUERRERO En Oaxaca, los servicios educativos operan bajo los principios de inclusi\u00f3n, equidad e interculturalidad, utilizando actualmente estrategias que armonizan el derecho a la educaci\u00f3n con el cuidado de la salud y la vida, debido a la pandemia que nos aqueja, afirm\u00f3 el encargado de Despacho de\u2026","rel":"","context":"En &quot;Agenda Pol\u00edtica&quot;","block_context":{"text":"Agenda Pol\u00edtica","link":"https:\/\/redaccionoaxaca.com\/index.php\/category\/agenda-politica\/"},"img":{"alt_text":"","src":"","width":0,"height":0},"classes":[]}],"_links":{"self":[{"href":"https:\/\/redaccionoaxaca.com\/index.php\/wp-json\/wp\/v2\/posts\/16058","targetHints":{"allow":["GET"]}}],"collection":[{"href":"https:\/\/redaccionoaxaca.com\/index.php\/wp-json\/wp\/v2\/posts"}],"about":[{"href":"https:\/\/redaccionoaxaca.com\/index.php\/wp-json\/wp\/v2\/types\/post"}],"author":[{"embeddable":true,"href":"https:\/\/redaccionoaxaca.com\/index.php\/wp-json\/wp\/v2\/users\/9"}],"replies":[{"embeddable":true,"href":"https:\/\/redaccionoaxaca.com\/index.php\/wp-json\/wp\/v2\/comments?post=16058"}],"version-history":[{"count":1,"href":"https:\/\/redaccionoaxaca.com\/index.php\/wp-json\/wp\/v2\/posts\/16058\/revisions"}],"predecessor-version":[{"id":16061,"href":"https:\/\/redaccionoaxaca.com\/index.php\/wp-json\/wp\/v2\/posts\/16058\/revisions\/16061"}],"wp:attachment":[{"href":"https:\/\/redaccionoaxaca.com\/index.php\/wp-json\/wp\/v2\/media?parent=16058"}],"wp:term":[{"taxonomy":"category","embeddable":true,"href":"https:\/\/redaccionoaxaca.com\/index.php\/wp-json\/wp\/v2\/categories?post=16058"},{"taxonomy":"post_tag","embeddable":true,"href":"https:\/\/redaccionoaxaca.com\/index.php\/wp-json\/wp\/v2\/tags?post=16058"}],"curies":[{"name":"wp","href":"https:\/\/api.w.org\/{rel}","templated":true}]}}