{"id":16063,"date":"2021-01-06T10:44:53","date_gmt":"2021-01-06T16:44:53","guid":{"rendered":"http:\/\/redaccionoaxaca.com\/?p=16063"},"modified":"2021-01-06T10:44:53","modified_gmt":"2021-01-06T16:44:53","slug":"pan-va-solo-abre-convocatoria-a-militantes-y-ciudadanos-para-elegir-candidaturas-a-diputaciones-federales-en-oaxaca-via-dedazo","status":"publish","type":"post","link":"https:\/\/redaccionoaxaca.com\/index.php\/2021\/01\/06\/pan-va-solo-abre-convocatoria-a-militantes-y-ciudadanos-para-elegir-candidaturas-a-diputaciones-federales-en-oaxaca-via-dedazo\/","title":{"rendered":"PAN va solo, abre convocatoria a militantes y ciudadanos para  elegir candidaturas a diputaciones federales en Oaxaca, v\u00eda \u201cdedazo\u201d."},"content":{"rendered":"<p class=\"x_ydp1993db1aMsoNormal\"><strong>#Redacci\u00f3nOaxaca<\/strong><\/p>\n<p><strong>#Oaxaca<\/strong><\/p>\n<p class=\"x_ydp1993db1aMsoNormal\"><strong>Jaime GUERRERO<\/strong><\/p>\n<p class=\"x_ydp1993db1aMsoNormal\" style=\"text-align: justify;\">El Comit\u00e9 Ejecutivo Nacional del PAN autoriz\u00f3 a la dirigencia estatal en Oaxaca, encabezada por Natividad D\u00edaz Jim\u00e9nez, emitir la convocatoria dirigida a militancia y ciudadan\u00eda en general para que participen en el proceso interno de designaci\u00f3n directa de candidaturas a Diputaciones Federales por el principio de Mayor\u00eda Relativa.<\/p>\n<p class=\"x_ydp1993db1aMsoNormal\" style=\"text-align: justify;\">A trav\u00e9s de una providencia del CEN, se determina que la selecci\u00f3n de candidatos ser\u00e1 por designaci\u00f3n directa en los 10 distritos electorales federales, seg\u00fan acord\u00f3 la Comisi\u00f3n Permanente del Consejo Nacional, misma que ser\u00e1 la responsable del proceso de conformidad con lo dispuesto en el art\u00edculo 102 de los Estatutos Generales de este instituto y que, adem\u00e1s, buscar\u00e1 cumplir con la postulaci\u00f3n paritaria de las candidaturas.<\/p>\n<p class=\"x_ydp1993db1aMsoNormal\" style=\"text-align: justify;\">La solicitud de registro deber\u00e1 presentarse ante la Comisi\u00f3n Organizadora Electoral, en las instalaciones del Comit\u00e9 Ejecutivo Nacional del Partido Acci\u00f3n Nacional, ubicado en Avenida Coyoac\u00e1n #1546, Colonia del Valle, en la Alcald\u00eda Benito Ju\u00e1rez, C.P. 03100, de la Ciudad de M\u00e9xico, a partir del 04 de enero de 2021 y hasta el 31 de enero de 2021, de lunes a viernes de las 10:00 a 14:00 horas y de 17:00 a 19:00 horas, s\u00e1bados y domingos de 10:00 a 14:00 horas.<\/p>\n<p class=\"x_ydp1993db1aMsoNormal\" style=\"text-align: justify;\">Previo a ello, los aspirantes deber\u00e1n presentar solicitud por escrito a los correos electr\u00f3nicos coenacionalpan@gmail.com, y coenacionalpan@cen.pan.org.mx y confirmaci\u00f3n de cita al tel\u00e9fono 554857-3382 y\/o 551705-2459; por lo menos con 24 horas de anticipaci\u00f3n, a la fecha en que pretenda que se le reciba la solicitud de registro.<\/p>\n<p class=\"x_ydp1993db1aMsoNormal\" style=\"text-align: justify;\">De manera supletoria, se podr\u00e1 solicitar a la Comisi\u00f3n Organizadora Electoral la autorizaci\u00f3n para registrarse en sede local ante la Comisi\u00f3n Organizadora Electoral Estatal en los plazos antes se\u00f1alados; por lo que se deber\u00e1n comunicar con las y los abogados auxiliares de la COE que corresponde a Oaxaca: jclanran@gmail.com 551110-1157, por lo menos con 24 horas de anticipaci\u00f3n a la fecha en que se pretenda realizar el registro.<\/p>\n<p class=\"x_ydp1993db1aMsoNormal\" style=\"text-align: justify;\">El documento asignado por el secretario general, H\u00e9ctor Larios C\u00f3rdova, se\u00f1ala que podr\u00e1 participar la ciudadan\u00eda y militancia del PAN que cumplan con los requisitos de elegibilidad contemplados en la Constituci\u00f3n Pol\u00edtica de los Estados Unidos Mexicanos.<\/p>\n<p class=\"x_ydp1993db1aMsoNormal\" style=\"text-align: justify;\">En el caso de la militancia, \u00fanicamente podr\u00e1n presentar su solicitud quienes no hayan sido sancionados en los \u00faltimos tres a\u00f1os anteriores a la publicaci\u00f3n de la invitaci\u00f3n, por la Comisi\u00f3n de Orden y Disciplina Intrapartidista.<\/p>\n<p class=\"x_ydp1993db1aMsoNormal\" style=\"text-align: justify;\">Para las y los funcionarios partidistas se\u00f1alados en el art\u00edculo 58, numeral 4, de los Estatutos Generales del PAN, que tengan inter\u00e9s en solicitar el registro como precandidatos (as), deber\u00e1n solicitar licencia al cargo o renunciar, al menos un d\u00eda antes de la solicitud de su registro.<\/p>\n<p class=\"x_ydp1993db1aMsoNormal\" style=\"text-align: justify;\">La informaci\u00f3n y c\u00e9dulas de registros referente a este proceso electoral la encontrar\u00e1n se encuentra en los estrados electr\u00f3nicos de este instituto pol\u00edtico, a trav\u00e9s del link https:\/\/www.panoaxaca.com\/estrados-electronicos.<\/p>\n<p class=\"x_ydp1993db1aMsoNormal\" style=\"text-align: justify;\">\n","protected":false},"excerpt":{"rendered":"<p>#Redacci\u00f3nOaxaca #Oaxaca Jaime GUERRERO El Comit\u00e9 Ejecutivo Nacional del PAN autoriz\u00f3 a la dirigencia estatal en Oaxaca, encabezada por Natividad D\u00edaz Jim\u00e9nez, emitir la convocatoria dirigida a militancia y ciudadan\u00eda en general para que participen en el proceso interno de designaci\u00f3n directa de candidaturas a Diputaciones Federales por el principio de Mayor\u00eda Relativa. A trav\u00e9s [&hellip;]<\/p>\n","protected":false},"author":9,"featured_media":0,"comment_status":"open","ping_status":"open","sticky":false,"template":"","format":"standard","meta":{"jetpack_post_was_ever_published":false,"_jetpack_newsletter_access":"","_jetpack_dont_email_post_to_subs":false,"_jetpack_newsletter_tier_id":0,"_jetpack_memberships_contains_paywalled_content":false,"_jetpack_memberships_contains_paid_content":false,"footnotes":"","jetpack_publicize_message":"","jetpack_publicize_feature_enabled":true,"jetpack_social_post_already_shared":false,"jetpack_social_options":{"image_generator_settings":{"template":"highway","default_image_id":0,"font":"","enabled":false},"version":2}},"categories":[4,7,5,3,6,1],"tags":[],"class_list":{"0":"post-16063","1":"post","2":"type-post","3":"status-publish","4":"format-standard","6":"category-agenda-politica","7":"category-al-cierre","8":"category-imagen","9":"category-mesa-de-redaccion","10":"category-tendencias","11":"category-uncategorized"},"jetpack_publicize_connections":[],"jetpack_featured_media_url":"","jetpack_sharing_enabled":true,"jetpack_shortlink":"https:\/\/wp.me\/p9Ynjw-4b5","jetpack-related-posts":[{"id":16159,"url":"https:\/\/redaccionoaxaca.com\/index.php\/2021\/01\/12\/pri-prd-pan-alistan-adendum-para-coalicion-en-diputaciones-federales-en-oaxaca-3-distritos-para-el-sol-azteca-3-accion-nacional-y-4-tricolor\/","url_meta":{"origin":16063,"position":0},"title":"PRI-PRD-PAN, alistan adendum para coalici\u00f3n en diputaciones federales en Oaxaca; 3 distritos para el Sol Azteca, 3 Acci\u00f3n Nacional y 4 tricolor.","author":"ariadna","date":"enero 12, 2021","format":false,"excerpt":"#Redacci\u00f3nOaxaca #Oaxaca Jaime GUERRERO\u00a0 El Presidente de la Comisi\u00f3n de Procesos Internos del Partido Revolucionario Institucional, Orlando Acevedo Cisneros, confirm\u00f3 que las dirigencias nacionales del PRI, de Acci\u00f3n Nacional (PAN) y de la Revoluci\u00f3n Democr\u00e1tica (PRD), trabajan en un adendum en el convenio de coalici\u00f3n en la diputaciones federales, para\u2026","rel":"","context":"En &quot;Agenda Pol\u00edtica&quot;","block_context":{"text":"Agenda Pol\u00edtica","link":"https:\/\/redaccionoaxaca.com\/index.php\/category\/agenda-politica\/"},"img":{"alt_text":"","src":"","width":0,"height":0},"classes":[]},{"id":15377,"url":"https:\/\/redaccionoaxaca.com\/index.php\/2020\/11\/23\/alista-pan-alianza-con-prd-nada-esta-dado-ni-repartido-ni-se-aceptaran-caprichos-el-trabajo-no-se-demuestra-con-berrinches-ndj\/","url_meta":{"origin":16063,"position":1},"title":"Alista PAN alianza con PRD; \u201cnada est\u00e1 dado ni repartido, ni se  aceptar\u00e1n caprichos \u2026 el trabajo no se demuestra con berrinches\u201d: NDJ.","author":"ariadna","date":"noviembre 23, 2020","format":false,"excerpt":"#Redacci\u00f3nOaxaca #Oaxaca Jaime GUERRERO La Presidenta del Comit\u00e9 Directivo Acci\u00f3n Nacional (PAN), Natividad D\u00edaz Jim\u00e9nez, confirm\u00f3 que est\u00e1n en pl\u00e1ticas la dirigencia nacional panista con su par del Partido de la Revoluci\u00f3n Democr\u00e1tica (PRD), para establecer alianza para las elecciones de diputaciones federales, para formalizarla. En el caso de las\u2026","rel":"","context":"En &quot;Agenda Pol\u00edtica&quot;","block_context":{"text":"Agenda Pol\u00edtica","link":"https:\/\/redaccionoaxaca.com\/index.php\/category\/agenda-politica\/"},"img":{"alt_text":"","src":"","width":0,"height":0},"classes":[]},{"id":29857,"url":"https:\/\/redaccionoaxaca.com\/index.php\/2023\/12\/04\/arranca-registros-de-candidaturas-a-concejalias-y-diputaciones-locales-por-morena-encuestas-y-tombola-el-metodo-de-seleccion\/","url_meta":{"origin":16063,"position":2},"title":"Arranca registros de candidaturas a concejalias y diputaciones locales por Morena; encuestas y tombola el m\u00e9todo de selecci\u00f3n","author":"ariadna","date":"diciembre 4, 2023","format":false,"excerpt":"#Redacci\u00f3nOaxaca #Oaxaca Jaime GUERRERO\u00a0 Este lunes, arranca el registro de aspirantes a las candidaturas de mayor\u00eda relativa y plurinominales de diputaciones locales y presidencias municipales por el Partido Movimiento de Regeneraci\u00f3n Nacional (Morena) que, estar\u00e1n en disputa en Oaxaca el pr\u00f3ximo 2 de junio. En el caso de Oaxaca, los\u2026","rel":"","context":"En &quot;Agenda Pol\u00edtica&quot;","block_context":{"text":"Agenda Pol\u00edtica","link":"https:\/\/redaccionoaxaca.com\/index.php\/category\/agenda-politica\/"},"img":{"alt_text":"","src":"","width":0,"height":0},"classes":[]},{"id":30174,"url":"https:\/\/redaccionoaxaca.com\/index.php\/2024\/01\/16\/arrancan-precampanas-a-diputaciones-en-oaxaca-morena-pvem-fm-dejan-solo-al-pt-y-10-funcionarios-del-gobernador-van-por-una-curul-y-concejalias\/","url_meta":{"origin":16063,"position":3},"title":"Arrancan precampa\u00f1as a diputaciones en Oaxaca; Morena-PVEM-FM dejan  solo al PT y 10 funcionarios del Gobernador van por una curul y concejal\u00edas","author":"ariadna","date":"enero 16, 2024","format":false,"excerpt":"#Redacci\u00f3nOaxaca #Oaxaca Jaime GUERRERO Este martes 16 de enero -a dos d\u00edas de culminar las precampa\u00f1as a la Presidencia de la Rep\u00fablica, Senado de la Rep\u00fablica y Diputaciones Federales- arrancan las precampa\u00f1as a la diputaciones locales en Oaxaca, las cuales duraran al 10 de febrero. Mientras eso sucede, los partidos\u2026","rel":"","context":"En &quot;Agenda Pol\u00edtica&quot;","block_context":{"text":"Agenda Pol\u00edtica","link":"https:\/\/redaccionoaxaca.com\/index.php\/category\/agenda-politica\/"},"img":{"alt_text":"","src":"","width":0,"height":0},"classes":[]},{"id":30543,"url":"https:\/\/redaccionoaxaca.com\/index.php\/2024\/02\/15\/anuncia-morena-sus-candidaturas-a-diputaciones-federales-por-oaxaca-van-a-reeleccion-de-mayoria-5-actuales-legisladores-hay-2-enroques-por-pluris-y-cambios-en-el-resto\/","url_meta":{"origin":16063,"position":4},"title":"Anuncia Morena sus candidaturas a diputaciones federales por Oaxaca; van a reelecci\u00f3n de mayor\u00eda 5 actuales legisladores; hay 2 enroques por pluris y cambios en el resto","author":"ariadna","date":"febrero 15, 2024","format":false,"excerpt":"#Redacci\u00f3nOaxaca #Oaxaca Jaime GUERRERO La madrugada de este jueves, la dirigencia nacional del Partido Movimiento de Regeneraci\u00f3n Nacional, anunci\u00f3 las 300 candidaturas a diputaciones federales de mayor\u00eda relativa de la Coalici\u00f3n Sigamos Haciendo Historia y MORENA, entre las que se confirma que para Oaxaca se reelegir\u00e1n 5 de 10 actuales\u2026","rel":"","context":"En &quot;Dulce Veneno&quot;","block_context":{"text":"Dulce Veneno","link":"https:\/\/redaccionoaxaca.com\/index.php\/category\/dulce-veneno\/"},"img":{"alt_text":"","src":"https:\/\/i0.wp.com\/redaccionoaxaca.com\/wp-content\/uploads\/2024\/02\/InShot_20240215_082819919-300x183.jpg?resize=350%2C200&ssl=1","width":350,"height":200},"classes":[]},{"id":23291,"url":"https:\/\/redaccionoaxaca.com\/index.php\/2022\/01\/04\/alito-designara-candidatura-a-gubernatura-de-oaxaca-del-pri-con-aval-de-murat-paco-villarreal-el-mejor-posicionado\/","url_meta":{"origin":16063,"position":5},"title":"Alito designar\u00e1 candidatura a gubernatura de Oaxaca del   PRI con aval de Murat; Paco Villarreal el mejor posicionado.","author":"ariadna","date":"enero 4, 2022","format":false,"excerpt":"#Redacci\u00f3nOaxaca #Oaxaca Jaime GUERRERO En medio del proceso interno de selecci\u00f3n de la candidatura a la gubernatura de Oaxaca por el Partido Revolucionario Institucional (#PRI), Francisco \u00c1ngel Villarreal y Eufrosina Cruz Mendoza son los aspirantes hombre y mujer mejor posicionados para definir a su abanderado. En el caso del PRI,\u2026","rel":"","context":"En &quot;Agenda Pol\u00edtica&quot;","block_context":{"text":"Agenda Pol\u00edtica","link":"https:\/\/redaccionoaxaca.com\/index.php\/category\/agenda-politica\/"},"img":{"alt_text":"","src":"https:\/\/i0.wp.com\/redaccionoaxaca.com\/wp-content\/uploads\/2022\/01\/IMG-20220104-WA0064-300x169.jpg?resize=350%2C200&ssl=1","width":350,"height":200},"classes":[]}],"_links":{"self":[{"href":"https:\/\/redaccionoaxaca.com\/index.php\/wp-json\/wp\/v2\/posts\/16063","targetHints":{"allow":["GET"]}}],"collection":[{"href":"https:\/\/redaccionoaxaca.com\/index.php\/wp-json\/wp\/v2\/posts"}],"about":[{"href":"https:\/\/redaccionoaxaca.com\/index.php\/wp-json\/wp\/v2\/types\/post"}],"author":[{"embeddable":true,"href":"https:\/\/redaccionoaxaca.com\/index.php\/wp-json\/wp\/v2\/users\/9"}],"replies":[{"embeddable":true,"href":"https:\/\/redaccionoaxaca.com\/index.php\/wp-json\/wp\/v2\/comments?post=16063"}],"version-history":[{"count":1,"href":"https:\/\/redaccionoaxaca.com\/index.php\/wp-json\/wp\/v2\/posts\/16063\/revisions"}],"predecessor-version":[{"id":16065,"href":"https:\/\/redaccionoaxaca.com\/index.php\/wp-json\/wp\/v2\/posts\/16063\/revisions\/16065"}],"wp:attachment":[{"href":"https:\/\/redaccionoaxaca.com\/index.php\/wp-json\/wp\/v2\/media?parent=16063"}],"wp:term":[{"taxonomy":"category","embeddable":true,"href":"https:\/\/redaccionoaxaca.com\/index.php\/wp-json\/wp\/v2\/categories?post=16063"},{"taxonomy":"post_tag","embeddable":true,"href":"https:\/\/redaccionoaxaca.com\/index.php\/wp-json\/wp\/v2\/tags?post=16063"}],"curies":[{"name":"wp","href":"https:\/\/api.w.org\/{rel}","templated":true}]}}